{"id":7804,"date":"2023-03-01T12:04:42","date_gmt":"2023-03-01T12:04:42","guid":{"rendered":"https:\/\/dekkbi.com\/?p=7804"},"modified":"2023-03-01T12:15:55","modified_gmt":"2023-03-01T12:15:55","slug":"le-maroc-sous-les-menaces-des-drones-iraniens-deployes-en-afrique-du-nord","status":"publish","type":"post","link":"https:\/\/dekkbi.com\/?p=7804","title":{"rendered":"ARTP S\u00e9n\u00e9gal : Le RESTIC liste ses urgences pour le nouveau Directeur g\u00e9n\u00e9ral"},"content":{"rendered":"\n<p><em>Au moment o\u00f9 Abdou Karim Sall s\u2019appr\u00eate \u00e0 faire son retour aux Mamelles pour reprendre les commandes de l\u2019ARTP, le Rassemblement des entreprises du secteur des TIC au S\u00e9n\u00e9gal entend plus que jamais attirer son attention sur un certain nombre de priorit\u00e9s, aux yeux de l\u2019organisation. Dans une sorte de lettre ouverte, Moustapha Diakhat\u00e9 et ses coll\u00e8gues (bureau ex\u00e9cutif) invitent l\u2019ancien Ministre de l\u2019environnement du S\u00e9n\u00e9gal \u00e0 privil\u00e9gier les axes en question, tel que d\u00e9taill\u00e9 ici.<\/em><\/p>\n\n\n\n<p>Le Rassemblement des entreprises du secteur des technologies de l\u2019information et de la communication (RESTIC) liste cinq d\u00e9fis majeurs pour le Directeur General nouvellement nomm\u00e9 \u00e0 l\u2019ARTP. &nbsp;<\/p>\n\n\n\n<p><strong>1&nbsp;<\/strong>\u2013 le S\u00e9n\u00e9gal ne figure dans les premiers pays d\u2019Afrique&nbsp;<strong>en termes de connexion rapide \u00e0 internet.<\/strong><\/p>\n\n\n\n<figure class=\"wp-block-image\"><img decoding=\"async\" src=\"https:\/\/letechobservateur.sn\/wp-content\/uploads\/2023\/02\/Capture-decran-2023-02-26-a-17.09.32.png\" alt=\"\" class=\"wp-image-7115\"\/><\/figure>\n\n\n\n<p>Le S\u00e9n\u00e9gal \u00e0 souscrit a plus de trois c\u00e2bles sous- marins cependant notre pays reste \u00e0 la traine en termes de vitesse de t\u00e9l\u00e9chargement et de qualit\u00e9 de services selon l\u2019agence anglaise Cable.co.uk<\/p>\n\n\n\n<p>Au classement mondial, le Rwanda occupe la 48\u00e8me place mondiale &nbsp;\u2013 le premier en Afrique- &nbsp;c\u2019est aussi dire le retard du continent par rapport aux autres pays de la plan\u00e8te. La R\u00e9union et l\u2019Afrique du Sud viennent en seconde et troisi\u00e8me place au niveau africain avec respectivement (37,44 Mbps) et (28,62 Mbps).&nbsp;<strong>Madagascar est au pied du podium avec sa 4\u00e8me place et une vitesse de connexion moyenne de 19,29 Mbps<\/strong>&nbsp;devan\u00e7ant ainsi le&nbsp; Nig\u00e9ria (15,37 Mbps), Les Seychelles (14,89 Mbps) et le Burkina Faso (13,43 Mbps) le Maroc (13,03 Mbps) et le Kenya (12,42 Mbps).<\/p>\n\n\n\n<p>M\u00eame Madagascar dans la m\u00eame configuration g\u00e9ographique que notre pays &nbsp;comme point de passages de c\u00e2bles sous \u2013 marins fait mieux, beaucoup mieux que le S\u00e9n\u00e9gal .<\/p>\n\n\n\n<p>2 \u2013 La convergence des t\u00e9l\u00e9coms et des m\u00e9dias. C\u2019est un vrai d\u00e9fi. Le sujet est sensible, car il pose clairement l\u2019hypoth\u00e8se de la fusion des deux autorit\u00e9s de r\u00e9gulation : celle des t\u00e9l\u00e9coms et celle de l\u2019audiovisuel, dans les pays o\u00f9 ces r\u00e9gulations sont s\u00e9par\u00e9es comme au Senegal<\/p>\n\n\n\n<p>3 \u2013 l\u2019importance de trouver du spectre pour les applications haut d\u00e9bit: le nombre d\u2019abonn\u00e9s mobiles en augmentation et les services offerts sur les r\u00e9seaux t\u00e9l\u00e9coms&nbsp; exigent&nbsp; plus en plus de bande passante sur les r\u00e9seaux t\u00e9l\u00e9coms. A cet effet l\u2019UIT et les r\u00e9gulateurs doivent trouver des fr\u00e9quences ad\u00e9quates pour faire face cette \u00e9volution. Il y a lieu d\u2019instaurer le principe de la neutralit\u00e9 des fr\u00e9quences mobiles, quelle que soit la technologie utilis\u00e9e.<\/p>\n\n\n\n<p>4-Le respect de la neutralit\u00e9 du Net pour plus de diffusion de contenus locaux, la migration des interfaces est en cours, aujourd\u2019hui le smartphone remplace le poste de t\u00e9l\u00e9viseur, l\u2019autorit\u00e9 de r\u00e9gulation doit accompagner cette mue. &nbsp;<\/p>\n\n\n\n<p>5\u2013 Un accompagnement des start up avec une r\u00e9gulation qui leur permet de se d\u00e9velopper pour \u00eatre de vraies entreprises innovantes. la contribution du num\u00e9rique au PIB atteint d\u00e9sormais 10 %, cependant l\u2019\u00e9cosyst\u00e8me pour les entreprises innovantes dans les SVA ou services \u00e0 valeur ajout\u00e9e reste probl\u00e9matiques.&nbsp; Aussi il faut urgemment revoir la strat\u00e9gie de d\u00e9ploiement et de d\u00e9veloppement des operateurs virtuels. L\u2019\u00e9cosyst\u00e8me doit etre urgemment adress\u00e9e par une r\u00e9gulation ad\u00e9quate qui assure les investisseurs et les entreprenants du num\u00e9rique et du digital<\/p>\n\n\n\n<p>Enfin Le S\u00e9n\u00e9gal pr\u00e9sente un panorama num\u00e9rique et digital a fort potentiel et l\u2019ARTP doit veiller \u00e0 un contr\u00f4le des prix et tarifs des operateurs. Le cout de la connectivite fixe et mobile peut beaucoup baisser au S\u00e9n\u00e9gal.<\/p>\n\n\n\n<p>Le RESTIC compte sur le nouveau DG pour une&nbsp;<strong>r\u00e9gulation proactive<\/strong>&nbsp;inclusive avec toutes les parties prenantes.<\/p>\n\n\n\n<p><\/p>\n\n\n\n<p><\/p>\n\n\n\n<p><\/p>\n\n\n\n<p><\/p>\n\n\n\n<p><\/p>\n\n\n\n<p><\/p>\n\n\n\n<p><\/p>\n","protected":false},"excerpt":{"rendered":"<p>Au moment o\u00f9 Abdou Karim Sall s\u2019appr\u00eate \u00e0 faire son retour aux Mamelles pour reprendre les commandes de l\u2019ARTP, le<\/p>\n","protected":false},"author":1,"featured_media":7810,"comment_status":"open","ping_status":"open","sticky":false,"template":"","format":"standard","meta":{"footnotes":""},"categories":[46],"tags":[],"class_list":["post-7804","post","type-post","status-publish","format-standard","has-post-thumbnail","hentry","category-technology"],"_links":{"self":[{"href":"https:\/\/dekkbi.com\/index.php?rest_route=\/wp\/v2\/posts\/7804","targetHints":{"allow":["GET"]}}],"collection":[{"href":"https:\/\/dekkbi.com\/index.php?rest_route=\/wp\/v2\/posts"}],"about":[{"href":"https:\/\/dekkbi.com\/index.php?rest_route=\/wp\/v2\/types\/post"}],"author":[{"embeddable":true,"href":"https:\/\/dekkbi.com\/index.php?rest_route=\/wp\/v2\/users\/1"}],"replies":[{"embeddable":true,"href":"https:\/\/dekkbi.com\/index.php?rest_route=%2Fwp%2Fv2%2Fcomments&post=7804"}],"version-history":[{"count":2,"href":"https:\/\/dekkbi.com\/index.php?rest_route=\/wp\/v2\/posts\/7804\/revisions"}],"predecessor-version":[{"id":7811,"href":"https:\/\/dekkbi.com\/index.php?rest_route=\/wp\/v2\/posts\/7804\/revisions\/7811"}],"wp:featuredmedia":[{"embeddable":true,"href":"https:\/\/dekkbi.com\/index.php?rest_route=\/wp\/v2\/media\/7810"}],"wp:attachment":[{"href":"https:\/\/dekkbi.com\/index.php?rest_route=%2Fwp%2Fv2%2Fmedia&parent=7804"}],"wp:term":[{"taxonomy":"category","embeddable":true,"href":"https:\/\/dekkbi.com\/index.php?rest_route=%2Fwp%2Fv2%2Fcategories&post=7804"},{"taxonomy":"post_tag","embeddable":true,"href":"https:\/\/dekkbi.com\/index.php?rest_route=%2Fwp%2Fv2%2Ftags&post=7804"}],"curies":[{"name":"wp","href":"https:\/\/api.w.org\/{rel}","templated":true}]}}