{"id":78039,"date":"2026-09-02T11:47:52","date_gmt":"2026-09-02T11:47:52","guid":{"rendered":"https:\/\/dekkbi.com\/?p=78039"},"modified":"2026-09-02T11:47:54","modified_gmt":"2026-09-02T11:47:54","slug":"horizon-ismael-lo-artiste-compositeur-la-chanson-contribue-a-lapaisement-des-coeurs-a-sensibiliser","status":"publish","type":"post","link":"https:\/\/dekkbi.com\/?p=78039","title":{"rendered":"Horizon \u2013 Isma\u00ebl L\u00f4, artiste-compositeur : \u00abLa chanson contribue \u00e0 l\u2019apaisement des c\u0153urs, \u00e0 sensibiliser\u00bb"},"content":{"rendered":"\n<p class=\"wp-block-paragraph\"><strong>Il f\u00eate ses 70 ans ce dimanche. Depuis pr\u00e8s d\u2019un demi-si\u00e8cle, Isma\u00ebl L\u00f4 fait voyager sa musique bien au-del\u00e0 du S\u00e9n\u00e9gal, avec des chansons comme \u00abTajabone\u00bb ou \u00abJammu Africa\u00bb. Il revient avec nous sur son parcours, ses chansons et cette envie de continuer \u00e0 cr\u00e9er. Il r\u00e9pondait aux questions de Clothilde Hazard.<\/strong><\/p>\n\n\n\n<p class=\"wp-block-paragraph\"><strong>Isma\u00ebl L\u00f4, vous f\u00eatez vos 70 ans ce dimanche. Quand vous regardez votre carri\u00e8re aujourd\u2019hui, une carri\u00e8re de pr\u00e8s de 50 ans, quel sentiment avez-vous&nbsp;?<\/strong><\/p>\n\n\n\n<p class=\"wp-block-paragraph\">Un sentiment de satisfaction et de rendre gr\u00e2ce aussi \u00e0 Allah qui m\u2019a donn\u00e9 cette possibilit\u00e9 d\u2019exister, de continuer \u00e0 aimer ce que je fais, c\u2019est-\u00e0-dire \u00e9voluer dans le domaine de la musique.<\/p>\n\n\n\n<p class=\"wp-block-paragraph\"><strong>Est-ce qu\u2019il y a un souvenir qui vous revient en premier quand vous regardez votre parcours ?<\/strong><\/p>\n\n\n\n<p class=\"wp-block-paragraph\">Ce qui me vient en premier, c\u2019est mon premier passage \u00e0 la t\u00e9l\u00e9vision. Le premier jour, j\u2019avais un trac fou. J\u2019\u00e9tais au studio de la Rts avec Maguette Wade, un animateur de la t\u00e9l\u00e9vision s\u00e9n\u00e9galaise, et l\u2019\u00e9mission s\u2019appelait&nbsp;T\u00e9l\u00e9 Vari\u00e9t\u00e9s, c\u2019\u00e9tait mon premier passage \u00e0 la t\u00e9l\u00e9vision. J\u2019\u00e9tais juste pass\u00e9 en tant qu\u2019artiste et j\u2019avais tr\u00e8s peur \u00e0 l\u2019\u00e9poque de passer \u00e0 la t\u00e9l\u00e9vision. C\u2019est la musique qui est venue \u00e0 moi. Parce que, au d\u00e9part, moi je me fixais comme objectif d\u2019avoir une carri\u00e8re similaire \u00e0 mon p\u00e8re, qui \u00e9tait un douanier. Je pensais que je serais m\u00e9decin ou quelque chose dans ce genre. Et finalement, je me suis donn\u00e9 \u00e0 la musique.<\/p>\n\n\n\n<p class=\"wp-block-paragraph\"><strong>Et au d\u00e9but de votre carri\u00e8re internationale, quand vous \u00eates all\u00e9 \u00e0 la rencontre du public en dehors du S\u00e9n\u00e9gal, qu\u2019avez-vous ressenti&nbsp;? Vous en souvenez-vous ?<\/strong><\/p>\n\n\n\n<p class=\"wp-block-paragraph\">L\u00e0, je me plonge vraiment, vraiment tr\u00e8s loin, \u00e0 ma premi\u00e8re sortie en France, en Europe. J\u2019avais la volont\u00e9 de rencontrer des gens, de voir le voisin de palier, dire bonjour. Mais ce n\u2019\u00e9tait pas la m\u00eame culture. Et \u00e7a m\u2019a boulevers\u00e9, parce que les gens couraient de gauche \u00e0 droite. C\u2019\u00e9tait limite, ton voisin, tu lui dis bonjour, il ne te r\u00e9pond m\u00eame pas. En France, on court beaucoup. Et donc j\u2019ai commenc\u00e9 \u00e0 apprendre \u00e0 vivre diff\u00e9remment, me dire que si je ne connais pas quelqu\u2019un, je ne lui dis pas bonjour. J\u2019ai tout de suite eu envie de retourner chez moi, parce que l\u00e0-bas, il y a l\u2019hospitalit\u00e9, les gens sont ouverts, il y a de l\u2019ambiance. J\u2019ai compos\u00e9 une chanson qui signifiait \u00abj\u2019ai envie de retourner chez moi\u00bb,&nbsp;Xalat.<\/p>\n\n\n\n<p class=\"wp-block-paragraph\"><strong>Et sur la naissance de ce tube mondial&nbsp;Tajabone, avez-vous une anecdote ?<\/strong><\/p>\n\n\n\n<p class=\"wp-block-paragraph\">Tajabone, c\u2019est le d\u00e9but de l\u2019ann\u00e9e musulmane. Je me rappelle quand nous \u00e9tions petits, dans le quartier, c\u2019\u00e9tait la f\u00eate. Apr\u00e8s le couscous, le d\u00eener le soir, on se d\u00e9guisait. En g\u00e9n\u00e9ral, si je me rappelle bien, les hommes se d\u00e9guisaient en femme, les femmes en homme. Ce sont des choses qui m\u2019ont marqu\u00e9 et donc qui m\u2019ont pouss\u00e9 \u00e0 \u00e9crire une chanson sur ce jour m\u00e9morable. Mais aujourd\u2019hui, ce titre me fascine et me d\u00e9passe. Parce que la chanson&nbsp;Tajabone&nbsp;est mondialement connue.<\/p>\n\n\n\n<p class=\"wp-block-paragraph\"><strong>Y\u2019a-t-il d\u2019autres morceaux dont vous \u00eates fier avec le recul ?<\/strong><\/p>\n\n\n\n<p class=\"wp-block-paragraph\">Je suis fier de toutes mes chansons. C\u2019est comme si vous me demandiez si j\u2019\u00e9tais plus fier de tel ou tel enfant. Mes compositions sont comme mes enfants. Et donc c\u2019est vrai qu\u2019il y a des enfants qui ont plus de chance que d\u2019autres, mais \u00e7a reste quand m\u00eame mes enfants.&nbsp;Tajabone&nbsp;est sortie du lot,&nbsp;Dibi Dibi Rek&nbsp;est sortie du lot,&nbsp;Jammu Africa&nbsp;est sortie du lot.<\/p>\n\n\n\n<p class=\"wp-block-paragraph\"><strong>Comment l\u2019expliquez-vous, qu\u2019elles soient sorties du lot&nbsp;?<\/strong><\/p>\n\n\n\n<p class=\"wp-block-paragraph\">Mais c\u2019est \u00e7a, c\u2019est divin. Je ne peux pas l\u2019expliquer. C\u2019est difficile \u00e0 expliquer parce que quand tu \u00e9cris, tu \u00e9cris pour toi d\u2019abord et pour le public apr\u00e8s, c\u2019est un partage.<\/p>\n\n\n\n<p class=\"wp-block-paragraph\">Vous avez aussi souvent utilis\u00e9 vos chansons pour parler de paix, de tol\u00e9rance, de justice et de l\u2019Afrique. Pensez-vous que vous avez r\u00e9ussi \u00e0 faire passer un message ou \u00e0 faire bouger des choses&nbsp;?<\/p>\n\n\n\n<p class=\"wp-block-paragraph\">Mais bien s\u00fbr, c\u2019est \u00e7a mon id\u00e9al, c\u2019est \u00e7a qui me pousse \u00e0 \u00e9crire. Aujourd\u2019hui, si tu \u00e9cris, il faut \u00e9crire quelque chose avec du sens, qui peut amener les gens \u00e0 \u00eatre tol\u00e9rants, \u00e0 vivre d\u2019amour et de partage, pas de haine, et que les armes se taisent pour que les enfants puissent grandir dans le bonheur et dans la joie. La chanson contribue \u00e0 l\u2019apaisement des c\u0153urs, \u00e0 sensibiliser. \u00c7a vient naturellement. A partir de ce moment-l\u00e0, tu peaufines, tu r\u00e9arranges, tu dis non, c\u2019est mieux de dire \u00e7a. Ma passion pour la musique est spontan\u00e9e.<\/p>\n\n\n\n<p class=\"wp-block-paragraph\"><strong>Et \u00e0 70 ans. Quels sont vos projets aujourd\u2019hui ?<\/strong><\/p>\n\n\n\n<p class=\"wp-block-paragraph\">Je ne sais pas. En tout cas, vous insistez sur mes 70 ans. Quand on me dit que j\u2019ai 70 ans, je dis ah bon, j\u2019ai 70 ans. Dans ma t\u00eate, j\u2019ai 35 ans ou 25 ans. Je continue \u00e0 \u00e9crire de nouvelles chansons. J\u2019ai toujours cet amour, cette envie de continuer \u00e0 \u00e9crire de nouvelles chansons, \u00e9crire et de sortir un nouvel album, Inch\u2019Allah.<\/p>\n\n\n\n<p class=\"wp-block-paragraph\"><strong>Dans combien de temps on pourra \u00e9couter votre album ?<\/strong><\/p>\n\n\n\n<p class=\"wp-block-paragraph\">Inch\u2019Allah bient\u00f4t. Moi je dis toujours bient\u00f4t.<br>Rfi<\/p>\n","protected":false},"excerpt":{"rendered":"<p>Il f\u00eate ses 70 ans ce dimanche. Depuis pr\u00e8s d\u2019un demi-si\u00e8cle, Isma\u00ebl L\u00f4 fait voyager sa musique bien au-del\u00e0 du<\/p>\n","protected":false},"author":1,"featured_media":78040,"comment_status":"open","ping_status":"open","sticky":false,"template":"","format":"standard","meta":{"footnotes":""},"categories":[26],"tags":[],"class_list":["post-78039","post","type-post","status-publish","format-standard","has-post-thumbnail","hentry","category-fait-divers"],"_links":{"self":[{"href":"https:\/\/dekkbi.com\/index.php?rest_route=\/wp\/v2\/posts\/78039","targetHints":{"allow":["GET"]}}],"collection":[{"href":"https:\/\/dekkbi.com\/index.php?rest_route=\/wp\/v2\/posts"}],"about":[{"href":"https:\/\/dekkbi.com\/index.php?rest_route=\/wp\/v2\/types\/post"}],"author":[{"embeddable":true,"href":"https:\/\/dekkbi.com\/index.php?rest_route=\/wp\/v2\/users\/1"}],"replies":[{"embeddable":true,"href":"https:\/\/dekkbi.com\/index.php?rest_route=%2Fwp%2Fv2%2Fcomments&post=78039"}],"version-history":[{"count":1,"href":"https:\/\/dekkbi.com\/index.php?rest_route=\/wp\/v2\/posts\/78039\/revisions"}],"predecessor-version":[{"id":78041,"href":"https:\/\/dekkbi.com\/index.php?rest_route=\/wp\/v2\/posts\/78039\/revisions\/78041"}],"wp:featuredmedia":[{"embeddable":true,"href":"https:\/\/dekkbi.com\/index.php?rest_route=\/wp\/v2\/media\/78040"}],"wp:attachment":[{"href":"https:\/\/dekkbi.com\/index.php?rest_route=%2Fwp%2Fv2%2Fmedia&parent=78039"}],"wp:term":[{"taxonomy":"category","embeddable":true,"href":"https:\/\/dekkbi.com\/index.php?rest_route=%2Fwp%2Fv2%2Fcategories&post=78039"},{"taxonomy":"post_tag","embeddable":true,"href":"https:\/\/dekkbi.com\/index.php?rest_route=%2Fwp%2Fv2%2Ftags&post=78039"}],"curies":[{"name":"wp","href":"https:\/\/api.w.org\/{rel}","templated":true}]}}