{"id":78037,"date":"2026-09-02T11:44:35","date_gmt":"2026-09-02T11:44:35","guid":{"rendered":"https:\/\/dekkbi.com\/?p=78037"},"modified":"2026-09-02T11:44:55","modified_gmt":"2026-09-02T11:44:55","slug":"declaration-de-politique-generale-les-deputes-convoques-le-8-septembre","status":"publish","type":"post","link":"https:\/\/dekkbi.com\/?p=78037","title":{"rendered":"D\u00e9claration de politique g\u00e9n\u00e9rale : Les d\u00e9put\u00e9s convoqu\u00e9s le 8 septembre"},"content":{"rendered":"\n<p class=\"wp-block-paragraph\"><strong>R\u00e9unie ce mardi 1\u1d49\u02b3 septembre 2026, la Conf\u00e9rence des pr\u00e9sidents de l\u2019Assembl\u00e9e nationale a fix\u00e9 la date retenue pour la D\u00e9claration de politique g\u00e9n\u00e9rale (Dpg) du chef du gouvernement. Sauf modification dans le d\u00e9lai r\u00e9glementaire par le chef de l\u2019Etat, la s\u00e9ance aura lieu le mardi 8 septembre \u00e0 10 heures.<br><\/strong><br><strong>Par Justin GOMIS \u2013<\/strong>\u00a0L\u2019agenda parlementaire se pr\u00e9cise pour le gouvernement. La Conf\u00e9rence des pr\u00e9sidents de la XV\u1d49 L\u00e9gislature de l\u2019Assembl\u00e9e nationale s\u2019est r\u00e9unie ce mardi pour d\u00e9terminer le calendrier et les modalit\u00e9s d\u2019organisation de la tr\u00e8s attendue D\u00e9claration de politique g\u00e9n\u00e9rale (Dpg) du Premier ministre. A l\u2019issue de cette rencontre, et conform\u00e9ment aux dispositions des articles 22 et 77 du R\u00e8glement int\u00e9rieur de l\u2019institution parlementaire, la date du mardi 8 septembre 2026 \u00e0 10 heures a \u00e9t\u00e9 arr\u00eat\u00e9e pour la tenue de cette grande s\u00e9ance institutionnelle.<br>Une date sous condition constitutionnelle<\/p>\n\n\n\n<p class=\"wp-block-paragraph\">Toutefois, l\u2019Assembl\u00e9e nationale pr\u00e9cise dans son communiqu\u00e9 de presse que ce calendrier reste \u00absous r\u00e9serve de la fixation d\u2019une autre date par le pr\u00e9sident de la R\u00e9publique dans le d\u00e9lai r\u00e9glementaire de huit (8) jours\u00bb.<\/p>\n\n\n\n<p class=\"wp-block-paragraph\">La D\u00e9claration de politique g\u00e9n\u00e9rale constitue un exercice r\u00e9publicain majeur au cours duquel le Premier ministre pr\u00e9sente la feuille de route strat\u00e9gique, les orientations \u00e9conomiques, sociales et les priorit\u00e9s de son gouvernement devant les repr\u00e9sentants du Peuple, avant de se pr\u00eater aux d\u00e9bats et questions des d\u00e9put\u00e9s.<\/p>\n\n\n\n<p class=\"wp-block-paragraph\">La fixation de cette s\u00e9ance pl\u00e9ni\u00e8re survient apr\u00e8s plusieurs jours d\u2019imbroglio institutionnel entre l\u2019Ex\u00e9cutif et le L\u00e9gislatif. Initialement, l\u2019Ex\u00e9cutif et la Primature souhaitaient que la D\u00e9claration de politique g\u00e9n\u00e9rale (Dpg) se tienne le mardi 1\u1d49\u02b3 septembre. Cette date correspondait au d\u00e9lai de trois mois imparti au gouvernement apr\u00e8s son entr\u00e9e en fonction le 1\u1d49\u02b3 juin, conform\u00e9ment aux dispositions de la Constitution et du R\u00e8glement int\u00e9rieur. Cependant, l\u2019Assembl\u00e9e nationale, lors de la r\u00e9union de son Bureau \u00e0 la fin du mois d\u2019ao\u00fbt, a r\u00e9fut\u00e9 la possibilit\u00e9 de tenir l\u2019exercice d\u00e8s le 1\u1d49\u02b3 septembre. Le Parlement a rappel\u00e9 \u00e0 l\u2019Ex\u00e9cutif que la r\u00e9glementation impose l\u2019information pr\u00e9alable de l\u2019Assembl\u00e9e nationale au moins huit (8) jours francs avant la tenue de la s\u00e9ance, et que ce d\u00e9lai ne commence \u00e0 courir qu\u2019\u00e0 partir de l\u2019ouverture effective de la session extraordinaire.<\/p>\n\n\n\n<p class=\"wp-block-paragraph\">L\u2019Assembl\u00e9e nationale a ainsi repris la main sur le calendrier parlementaire, rejetant la date initiale du 1\u1d49\u02b3 septembre propos\u00e9e par le gouvernement pour fixer la tenue de la Dpg au 8 septembre 2026, tout en laissant au pr\u00e9sident de la R\u00e9publique la possibilit\u00e9 l\u00e9gale d\u2019ajuster ce calendrier dans le d\u00e9lai de 8 jours pr\u00e9vu par le R\u00e8glement.<\/p>\n\n\n\n<p class=\"wp-block-paragraph\"><strong>justin@lequotidien.sn<\/strong><\/p>\n","protected":false},"excerpt":{"rendered":"<p>R\u00e9unie ce mardi 1\u1d49\u02b3 septembre 2026, la Conf\u00e9rence des pr\u00e9sidents de l\u2019Assembl\u00e9e nationale a fix\u00e9 la date retenue pour la<\/p>\n","protected":false},"author":1,"featured_media":47662,"comment_status":"open","ping_status":"open","sticky":false,"template":"","format":"standard","meta":{"footnotes":""},"categories":[6],"tags":[],"class_list":["post-78037","post","type-post","status-publish","format-standard","has-post-thumbnail","hentry","category-politics"],"_links":{"self":[{"href":"https:\/\/dekkbi.com\/index.php?rest_route=\/wp\/v2\/posts\/78037","targetHints":{"allow":["GET"]}}],"collection":[{"href":"https:\/\/dekkbi.com\/index.php?rest_route=\/wp\/v2\/posts"}],"about":[{"href":"https:\/\/dekkbi.com\/index.php?rest_route=\/wp\/v2\/types\/post"}],"author":[{"embeddable":true,"href":"https:\/\/dekkbi.com\/index.php?rest_route=\/wp\/v2\/users\/1"}],"replies":[{"embeddable":true,"href":"https:\/\/dekkbi.com\/index.php?rest_route=%2Fwp%2Fv2%2Fcomments&post=78037"}],"version-history":[{"count":1,"href":"https:\/\/dekkbi.com\/index.php?rest_route=\/wp\/v2\/posts\/78037\/revisions"}],"predecessor-version":[{"id":78038,"href":"https:\/\/dekkbi.com\/index.php?rest_route=\/wp\/v2\/posts\/78037\/revisions\/78038"}],"wp:featuredmedia":[{"embeddable":true,"href":"https:\/\/dekkbi.com\/index.php?rest_route=\/wp\/v2\/media\/47662"}],"wp:attachment":[{"href":"https:\/\/dekkbi.com\/index.php?rest_route=%2Fwp%2Fv2%2Fmedia&parent=78037"}],"wp:term":[{"taxonomy":"category","embeddable":true,"href":"https:\/\/dekkbi.com\/index.php?rest_route=%2Fwp%2Fv2%2Fcategories&post=78037"},{"taxonomy":"post_tag","embeddable":true,"href":"https:\/\/dekkbi.com\/index.php?rest_route=%2Fwp%2Fv2%2Ftags&post=78037"}],"curies":[{"name":"wp","href":"https:\/\/api.w.org\/{rel}","templated":true}]}}