{"id":78034,"date":"2026-09-02T11:42:02","date_gmt":"2026-09-02T11:42:02","guid":{"rendered":"https:\/\/dekkbi.com\/?p=78034"},"modified":"2026-09-02T11:42:36","modified_gmt":"2026-09-02T11:42:36","slug":"le-general-birame-diop-installe-dans-ses-fonctions-de-president-de-la-commission-de-la-cedeao","status":"publish","type":"post","link":"https:\/\/dekkbi.com\/?p=78034","title":{"rendered":"Le g\u00e9n\u00e9ral Birame Diop install\u00e9 dans ses fonctions de pr\u00e9sident de la Commission de la CEDEAO"},"content":{"rendered":"\n<p class=\"wp-block-paragraph\">Dakar, (APS) \u2013 L\u2019ancien ministre s\u00e9n\u00e9galais des Forces arm\u00e9es, le g\u00e9n\u00e9ral Birame Diop, a \u00e9t\u00e9 install\u00e9 dans ses nouvelles fonctions de pr\u00e9sident de la Commission de la Communaut\u00e9 \u00e9conomique des \u00c9tats de l\u2019Afrique de l\u2019Ouest (CEDEAO), a appris l\u2019APS, mardi, du minist\u00e8re de l\u2019Int\u00e9gration africaine, des Affaires \u00e9trang\u00e8res et des S\u00e9n\u00e9galais de l\u2019Ext\u00e9rieur.<\/p>\n\n\n\n<p class=\"wp-block-paragraph\">Le g\u00e9n\u00e9ral Birame Diop a \u00e9t\u00e9 install\u00e9 \u201dpar Cheikh Niang, ministre de l\u2019Int\u00e9gration africaine, des Affaires \u00e9trang\u00e8res et des S\u00e9n\u00e9galais de l\u2019Ext\u00e9rieur, en sa qualit\u00e9 de Pr\u00e9sident du Conseil des ministres des Affaires \u00e9trang\u00e8res de la Communaut\u00e9 \u00e9conomique des \u00c9tats de l\u2019Afrique de l\u2019Ouest (CEDEAO)\u201d.<\/p>\n\n\n\n<p class=\"wp-block-paragraph\">Sur ses plateformes digitales officielles, le minist\u00e8re rapporte que l\u2019installation s\u2019est d\u00e9roul\u00e9e, lundi \u00e0 Abuja (Nig\u00e9ria), \u00e0 l\u2019occasion de la c\u00e9r\u00e9monie officielle de passation de charges entre les fonctionnaires statutaires sortants et entrants de la CEDEAO.<\/p>\n\n\n\n<p class=\"wp-block-paragraph\">Cette c\u00e9r\u00e9monie \u201dfait suite aux d\u00e9cisions issues de la 69\u1d49 Session ordinaire de la Conf\u00e9rence des Chefs d\u2019\u00c9tat et de Gouvernement de la CEDEAO, tenue le 19 juillet 2026 \u00e0 Lungi, en Sierra Leone\u2019\u2019.<\/p>\n\n\n\n<p class=\"wp-block-paragraph\">Le chef de la diplomatie s\u00e9n\u00e9galaise a adress\u00e9, au nom de Bassirou Diomaye Diakhar Faye, Pr\u00e9sident en exercice de la Conf\u00e9rence des Chefs d\u2019\u00c9tat et de Gouvernement de la CEDEAO, ses v\u0153ux de plein succ\u00e8s dans l\u2019exercice de leurs nouvelles missions au g\u00e9n\u00e9ral Birame Diop, ainsi qu\u2019aux autres fonctionnaires entrants.<\/p>\n\n\n\n<p class=\"wp-block-paragraph\">Le ministre a rappel\u00e9 \u201dles principaux d\u00e9fis auxquels la nouvelle \u00e9quipe dirigeante de la Commission sera appel\u00e9e \u00e0 r\u00e9pondre, notamment le renforcement des infrastructures et des interconnexions r\u00e9gionales, ainsi que la mise en \u0153uvre des engagements communautaires li\u00e9s au lancement de l\u2019ECO en 2027\u201d.<\/p>\n\n\n\n<p class=\"wp-block-paragraph\">Cheikh Niang n\u2019a pas manqu\u00e9 de r\u00e9affirmer l\u2019engagement du S\u00e9n\u00e9gal \u00e0 \u0153uvrer au renforcement de la coop\u00e9ration et de la solidarit\u00e9 r\u00e9gionales, au service de l\u2019int\u00e9gration africaine.<\/p>\n\n\n\n<p class=\"wp-block-paragraph\">Le g\u00e9n\u00e9ral Birame Diop, qui a occup\u00e9 le poste de ministre des Formes arm\u00e9es du S\u00e9n\u00e9gal d\u2019avril 2024 \u00e0 juin 2026, remplace au poste de pr\u00e9sident de la Commission de la CEDEAO le Gambien Omar Alieu Tourey, qui a occup\u00e9 cette fonction du 3 juillet 2022 au 19 juillet 2026.&nbsp;<\/p>\n\n\n\n<p class=\"wp-block-paragraph\">FD\/OID\/ABB<\/p>\n","protected":false},"excerpt":{"rendered":"<p>Dakar, (APS) \u2013 L\u2019ancien ministre s\u00e9n\u00e9galais des Forces arm\u00e9es, le g\u00e9n\u00e9ral Birame Diop, a \u00e9t\u00e9 install\u00e9 dans ses nouvelles fonctions<\/p>\n","protected":false},"author":1,"featured_media":78035,"comment_status":"open","ping_status":"open","sticky":false,"template":"","format":"standard","meta":{"footnotes":""},"categories":[6],"tags":[],"class_list":["post-78034","post","type-post","status-publish","format-standard","has-post-thumbnail","hentry","category-politics"],"_links":{"self":[{"href":"https:\/\/dekkbi.com\/index.php?rest_route=\/wp\/v2\/posts\/78034","targetHints":{"allow":["GET"]}}],"collection":[{"href":"https:\/\/dekkbi.com\/index.php?rest_route=\/wp\/v2\/posts"}],"about":[{"href":"https:\/\/dekkbi.com\/index.php?rest_route=\/wp\/v2\/types\/post"}],"author":[{"embeddable":true,"href":"https:\/\/dekkbi.com\/index.php?rest_route=\/wp\/v2\/users\/1"}],"replies":[{"embeddable":true,"href":"https:\/\/dekkbi.com\/index.php?rest_route=%2Fwp%2Fv2%2Fcomments&post=78034"}],"version-history":[{"count":1,"href":"https:\/\/dekkbi.com\/index.php?rest_route=\/wp\/v2\/posts\/78034\/revisions"}],"predecessor-version":[{"id":78036,"href":"https:\/\/dekkbi.com\/index.php?rest_route=\/wp\/v2\/posts\/78034\/revisions\/78036"}],"wp:featuredmedia":[{"embeddable":true,"href":"https:\/\/dekkbi.com\/index.php?rest_route=\/wp\/v2\/media\/78035"}],"wp:attachment":[{"href":"https:\/\/dekkbi.com\/index.php?rest_route=%2Fwp%2Fv2%2Fmedia&parent=78034"}],"wp:term":[{"taxonomy":"category","embeddable":true,"href":"https:\/\/dekkbi.com\/index.php?rest_route=%2Fwp%2Fv2%2Fcategories&post=78034"},{"taxonomy":"post_tag","embeddable":true,"href":"https:\/\/dekkbi.com\/index.php?rest_route=%2Fwp%2Fv2%2Ftags&post=78034"}],"curies":[{"name":"wp","href":"https:\/\/api.w.org\/{rel}","templated":true}]}}