{"id":78031,"date":"2026-09-02T11:39:27","date_gmt":"2026-09-02T11:39:27","guid":{"rendered":"https:\/\/dekkbi.com\/?p=78031"},"modified":"2026-09-02T11:43:01","modified_gmt":"2026-09-02T11:43:01","slug":"nouvel-accord-avec-le-fmi-le-senegal-roule-en-mercedes","status":"publish","type":"post","link":"https:\/\/dekkbi.com\/?p=78031","title":{"rendered":"Nouvel accord avec le Fmi : LE SENEGAL ROULE EN MERCEDES"},"content":{"rendered":"\n<p class=\"wp-block-paragraph\"><strong>Le Fonds mon\u00e9taire international (Fmi) a annonc\u00e9 un nouveau programme triennal financier et \u00e9conomique avec le S\u00e9n\u00e9gal, \u00e0 travers lequel un montant d\u2019environ 2, 2 milliards de dollars, soit 1243 milliards de francs Cfa, sera mobilis\u00e9 pour accompagner l\u2019Etat s\u00e9n\u00e9galais dans ses r\u00e9formes \u00e9conomiques et financi\u00e8res au cours de ces trois prochaines ann\u00e9es.<br><\/strong><br><strong>Par Dialigu\u00e9 FAYE \u2013<\/strong>\u00a0Convergence de vues entre l\u2019Etat s\u00e9n\u00e9galais et le Fonds mon\u00e9taire international (Fmi). A l\u2019issue de leur visite \u00e0 Dakar du 19 ao\u00fbt au 1er septembre 2026, Mme Mercedes Vera Martin et son \u00e9quipe ont annonc\u00e9 la mise en \u0153uvre d\u2019un nouveau programme \u00e9conomique et financier d\u2019un montant de 2, 2 milliards de dollars, soit environ 1243 milliards de francs Cfa, afin d\u2019appuyer l\u2019Etat s\u00e9n\u00e9galais dans ses r\u00e9formes. \u00abLe programme de r\u00e9formes des autorit\u00e9s vise \u00e0 r\u00e9tablir la stabilit\u00e9 macro\u00e9conomique et la viabilit\u00e9 de la dette, \u00e0 r\u00e9duire les vuln\u00e9rabilit\u00e9s budg\u00e9taires et ext\u00e9rieures, \u00e0 accro\u00eetre les d\u00e9penses sociales et \u00e0 soutenir une croissance durable tir\u00e9e par le secteur priv\u00e9. Les autorit\u00e9s mettront en \u0153uvre des mesures destin\u00e9es \u00e0 renforcer davantage les finances publiques et \u00e0 am\u00e9liorer la transparence budg\u00e9taire, tout en am\u00e9liorant l\u2019environnement des affaires et en favorisant l\u2019inclusion financi\u00e8re\u00bb, rapporte l\u2019\u00e9quipe du Fmi \u00e0 travers un communiqu\u00e9 sanctionnant son s\u00e9jour \u00e0 Dakar.<\/p>\n\n\n\n<p class=\"wp-block-paragraph\">Pour le ministre de l\u2019Economie, des finances et du plan qui s\u2019adressait \u00e0 la presse, cet accord conclu ouvre une nouvelle dynamique des relations qu\u2019entretiennent le S\u00e9n\u00e9gal et le Fmi. Cheikh Diba pr\u00e9cise que le gouvernement s\u00e9n\u00e9galais cherche, dans les n\u00e9gociations avec le Fonds mon\u00e9taire, \u00e0 r\u00e9tablir progressivement son \u00e9quilibre budg\u00e9taire, am\u00e9liorer le profil de la dette publique et restaurer durablement les marges de financement de l\u2019Etat, sans compromettre les fondamentaux de la croissance.<\/p>\n\n\n\n<p class=\"wp-block-paragraph\">Aux yeux des partenaires, \u00abl\u2019\u00e9conomie s\u00e9n\u00e9galaise est demeur\u00e9e r\u00e9siliente, enregistrant une croissance de 6, 7% en 2025 gr\u00e2ce \u00e0 la premi\u00e8re ann\u00e9e compl\u00e8te de production p\u00e9troli\u00e8re, bien que la croissance du Pib hors hydrocarbures ait ralenti \u00e0 2, 2%. L\u2019inflation est rest\u00e9e dans la fourchette cible \u00e0 1, 4\u00a0%. Au premier trimestre 2026, la croissance du Pib hors hydrocarbures a rebondi \u00e0 4, 7% en glissement annuel, soutenue par la vigueur de la consommation priv\u00e9e\u00bb.<\/p>\n\n\n\n<p class=\"wp-block-paragraph\">Ainsi, souligne le document, \u00ables principales r\u00e9formes pr\u00e9vues dans le cadre du programme appuy\u00e9 par le Fmi visent \u00e0 r\u00e9tablir la viabilit\u00e9 des finances publiques tout en prot\u00e9geant les m\u00e9nages vuln\u00e9rables. La strat\u00e9gie budg\u00e9taire repose sur le renforcement de la mobilisation des ressources int\u00e9rieures et la rationalisation des d\u00e9penses, tout en consolidant les filets de protection sociale, en particulier gr\u00e2ce \u00e0 des transferts mon\u00e9taires cibl\u00e9s.<\/p>\n\n\n\n<p class=\"wp-block-paragraph\">Les r\u00e9formes structurelles \u00e9tayeront la strat\u00e9gie budg\u00e9taire en faveur d\u2019un assainissement durable. Les autorit\u00e9s pr\u00e9voient d\u2019adopter en 2027 une strat\u00e9gie de recettes \u00e0 moyen terme qui renforcera la mobilisation des recettes int\u00e9rieures et contribuera \u00e0 d\u00e9gager des marges de man\u0153uvre pour les d\u00e9penses prioritaires. <\/p>\n\n\n\n<p class=\"wp-block-paragraph\">Les autorit\u00e9s sont aussi d\u00e9termin\u00e9es \u00e0 renforcer la gouvernance budg\u00e9taire, notamment par une meilleure gestion de la dette publique, un suivi accru des arri\u00e9r\u00e9s int\u00e9rieurs et une supervision renforc\u00e9e des entreprises publiques. Les r\u00e9formes destin\u00e9es \u00e0 am\u00e9liorer l\u2019environnement des affaires et \u00e0 promouvoir l\u2019inclusion financi\u00e8re contribueront \u00e0 soutenir une croissance tir\u00e9e par le secteur priv\u00e9. En outre, les autorit\u00e9s ont annonc\u00e9 leur intention de solliciter un traitement de la dette afin de r\u00e9tablir sa viabilit\u00e9\u00bb.<\/p>\n\n\n\n<p class=\"wp-block-paragraph\"><strong>dialigue@lequotidien.sn<\/strong><\/p>\n","protected":false},"excerpt":{"rendered":"<p>Le Fonds mon\u00e9taire international (Fmi) a annonc\u00e9 un nouveau programme triennal financier et \u00e9conomique avec le S\u00e9n\u00e9gal, \u00e0 travers lequel<\/p>\n","protected":false},"author":1,"featured_media":78032,"comment_status":"open","ping_status":"open","sticky":false,"template":"","format":"standard","meta":{"footnotes":""},"categories":[6],"tags":[],"class_list":["post-78031","post","type-post","status-publish","format-standard","has-post-thumbnail","hentry","category-politics"],"_links":{"self":[{"href":"https:\/\/dekkbi.com\/index.php?rest_route=\/wp\/v2\/posts\/78031","targetHints":{"allow":["GET"]}}],"collection":[{"href":"https:\/\/dekkbi.com\/index.php?rest_route=\/wp\/v2\/posts"}],"about":[{"href":"https:\/\/dekkbi.com\/index.php?rest_route=\/wp\/v2\/types\/post"}],"author":[{"embeddable":true,"href":"https:\/\/dekkbi.com\/index.php?rest_route=\/wp\/v2\/users\/1"}],"replies":[{"embeddable":true,"href":"https:\/\/dekkbi.com\/index.php?rest_route=%2Fwp%2Fv2%2Fcomments&post=78031"}],"version-history":[{"count":1,"href":"https:\/\/dekkbi.com\/index.php?rest_route=\/wp\/v2\/posts\/78031\/revisions"}],"predecessor-version":[{"id":78033,"href":"https:\/\/dekkbi.com\/index.php?rest_route=\/wp\/v2\/posts\/78031\/revisions\/78033"}],"wp:featuredmedia":[{"embeddable":true,"href":"https:\/\/dekkbi.com\/index.php?rest_route=\/wp\/v2\/media\/78032"}],"wp:attachment":[{"href":"https:\/\/dekkbi.com\/index.php?rest_route=%2Fwp%2Fv2%2Fmedia&parent=78031"}],"wp:term":[{"taxonomy":"category","embeddable":true,"href":"https:\/\/dekkbi.com\/index.php?rest_route=%2Fwp%2Fv2%2Fcategories&post=78031"},{"taxonomy":"post_tag","embeddable":true,"href":"https:\/\/dekkbi.com\/index.php?rest_route=%2Fwp%2Fv2%2Ftags&post=78031"}],"curies":[{"name":"wp","href":"https:\/\/api.w.org\/{rel}","templated":true}]}}