{"id":78028,"date":"2026-09-02T11:36:56","date_gmt":"2026-09-02T11:36:56","guid":{"rendered":"https:\/\/dekkbi.com\/?p=78028"},"modified":"2026-09-02T11:36:57","modified_gmt":"2026-09-02T11:36:57","slug":"la-reserve-communautaire-de-palmarin-un-ressort-pour-lecotourisme-acteur","status":"publish","type":"post","link":"https:\/\/dekkbi.com\/?p=78028","title":{"rendered":"La R\u00e9serve communautaire de Palmarin, un ressort pour l\u2019\u00e9cotourisme (acteur)"},"content":{"rendered":"\n<p class=\"wp-block-paragraph\">Palmarin (Fatick), (APS) \u2013 La R\u00e9serve naturelle communautaire de Palmarin (RNCP) contribue \u00e0 impulser le d\u00e9veloppement de l\u2019\u00e9co-tourisme dans cette partie du delta du Saloum, dans la r\u00e9gion de Fatick (centre-ouest), avec l\u2019implication des services publics comp\u00e9tents concern\u00e9s, soutient l\u2019adjoint au conservateur de la dite r\u00e9serve, le lieutenant Lamine Loum.<\/p>\n\n\n\n<p class=\"wp-block-paragraph\">\u201cAvec cette r\u00e9serve naturelle communautaire, l\u2019\u00e9co-tourisme est en train de se d\u00e9velopper au niveau de la commune de Palmarin, \u00e0 travers les fonds qui sont g\u00e9n\u00e9r\u00e9s par les activit\u00e9s qui sont men\u00e9es. Parce que nous recevons, en basse saison, surtout pendant l\u2019hivernage, jusqu\u2019\u00e0 400 ou 500 touristes par mois et environ pr\u00e8s de mille visiteurs durant les autres p\u00e9riodes\u201d, a-t-il indiqu\u00e9.<\/p>\n\n\n\n<p class=\"wp-block-paragraph\">Il intervenait au cours d\u2019une visite de terrain sur les sites de la R\u00e9serve naturelle communautaire de Palmarin, mardi, dans le cadre d\u2019un atelier de renforcement des capacit\u00e9s sur la communication environnementale, organis\u00e9e \u00e0 l\u2019intention des professionnels des m\u00e9dias et des cr\u00e9ateurs de contenus.&nbsp;<\/p>\n\n\n\n<p class=\"wp-block-paragraph\">Cette rencontre de deux jours (31 ao\u00fbt-1er septembre) s\u2019est tenue \u00e0 Ndangane, sous l\u2019\u00e9gide de l\u2019ONG Wetlands international Afrique-C\u00f4te occidentale et Golfe de Guin\u00e9e, en partenariat avec l\u2019organisation BirdLife et avec l\u2019appui de l\u2019Initiative internationale pour le Climat (IKI).<\/p>\n\n\n\n<p class=\"wp-block-paragraph\">Selon le lieutenant Loum, l\u2019un des objectif de cette la R\u00e9serve naturelle communautaire de Palmarin est de contribuer \u00e0 la promotion du tourisme \u00e9cologique, aux c\u00f4t\u00e9s du baln\u00e9aire, du culturel et du tourisme d\u2019affaires, pour contribuer \u00e0 la cr\u00e9ation d\u2019emplois et \u00e0 l\u2019exploitation optimale des ressources naturelles.<\/p>\n\n\n\n<p class=\"wp-block-paragraph\">D\u2019une superficie de 10.430 hectares, la R\u00e9serve naturelle communautaire de&nbsp; Palmarin a \u00e9t\u00e9 cr\u00e9\u00e9e en 2021, \u00e0 partir de trois grands \u00e9cosyst\u00e8mes \u2013 for\u00eats de mangrove, lagunes et savane.<\/p>\n\n\n\n<p class=\"wp-block-paragraph\">Elle est g\u00e9r\u00e9e par quatre villages de la zone de Palmarin et accueille jusqu\u2019\u00e0 39 esp\u00e8ces d\u2019oiseaux, malgr\u00e9 certaines menaces li\u00e9es aux effets n\u00e9fastes li\u00e9s au changement climatique.<\/p>\n\n\n\n<p class=\"wp-block-paragraph\">\u201cLa gestion de cette r\u00e9serve repose sur une d\u00e9marche de gestion participative avec une \u00e9quitable implication des services comp\u00e9tents de l\u2019Etat du S\u00e9n\u00e9gal, des collectivit\u00e9s territoriales et des communaut\u00e9s \u00e0 travers les populations locales, jusqu\u2019\u00e0 la r\u00e9partition des fonds g\u00e9n\u00e9r\u00e9s par les activit\u00e9s de la r\u00e9serve\u201d, a expliqu\u00e9 le lieutenant Loum.<\/p>\n\n\n\n<p class=\"wp-block-paragraph\">D\u2019apr\u00e8s le lieutenant Loum, l\u2019implication des populations permet de contribuer \u00e0 la conservation durable des ressources naturelles, les communaut\u00e9s se sentant associ\u00e9es dans la gestion de la r\u00e9serve.<\/p>\n\n\n\n<p class=\"wp-block-paragraph\">ADE\/BK<\/p>\n","protected":false},"excerpt":{"rendered":"<p>Palmarin (Fatick), (APS) \u2013 La R\u00e9serve naturelle communautaire de Palmarin (RNCP) contribue \u00e0 impulser le d\u00e9veloppement de l\u2019\u00e9co-tourisme dans cette<\/p>\n","protected":false},"author":1,"featured_media":78029,"comment_status":"open","ping_status":"open","sticky":false,"template":"","format":"standard","meta":{"footnotes":""},"categories":[3],"tags":[],"class_list":["post-78028","post","type-post","status-publish","format-standard","has-post-thumbnail","hentry","category-event-more-news"],"_links":{"self":[{"href":"https:\/\/dekkbi.com\/index.php?rest_route=\/wp\/v2\/posts\/78028","targetHints":{"allow":["GET"]}}],"collection":[{"href":"https:\/\/dekkbi.com\/index.php?rest_route=\/wp\/v2\/posts"}],"about":[{"href":"https:\/\/dekkbi.com\/index.php?rest_route=\/wp\/v2\/types\/post"}],"author":[{"embeddable":true,"href":"https:\/\/dekkbi.com\/index.php?rest_route=\/wp\/v2\/users\/1"}],"replies":[{"embeddable":true,"href":"https:\/\/dekkbi.com\/index.php?rest_route=%2Fwp%2Fv2%2Fcomments&post=78028"}],"version-history":[{"count":1,"href":"https:\/\/dekkbi.com\/index.php?rest_route=\/wp\/v2\/posts\/78028\/revisions"}],"predecessor-version":[{"id":78030,"href":"https:\/\/dekkbi.com\/index.php?rest_route=\/wp\/v2\/posts\/78028\/revisions\/78030"}],"wp:featuredmedia":[{"embeddable":true,"href":"https:\/\/dekkbi.com\/index.php?rest_route=\/wp\/v2\/media\/78029"}],"wp:attachment":[{"href":"https:\/\/dekkbi.com\/index.php?rest_route=%2Fwp%2Fv2%2Fmedia&parent=78028"}],"wp:term":[{"taxonomy":"category","embeddable":true,"href":"https:\/\/dekkbi.com\/index.php?rest_route=%2Fwp%2Fv2%2Fcategories&post=78028"},{"taxonomy":"post_tag","embeddable":true,"href":"https:\/\/dekkbi.com\/index.php?rest_route=%2Fwp%2Fv2%2Ftags&post=78028"}],"curies":[{"name":"wp","href":"https:\/\/api.w.org\/{rel}","templated":true}]}}