{"id":78025,"date":"2026-09-02T11:34:48","date_gmt":"2026-09-02T11:34:48","guid":{"rendered":"https:\/\/dekkbi.com\/?p=78025"},"modified":"2026-09-02T11:34:49","modified_gmt":"2026-09-02T11:34:49","slug":"touba-apres-avoir-perdu-deux-de-ses-enfants-en-moins-dun-mois-serigne-mountakha-delivre-un-message-aux-populations-sant-yalla-keep-laay-deff","status":"publish","type":"post","link":"https:\/\/dekkbi.com\/?p=78025","title":{"rendered":"TOUBA- Apr\u00e8s avoir perdu deux de ses enfants en moins d\u2019un mois, Serigne Mountakha d\u00e9livre un message aux populations \u00ab Sant Yalla keep laay deff \u00bb"},"content":{"rendered":"\n<p class=\"wp-block-paragraph\">Le 5 ao\u00fbt dernier, le khalife g\u00e9n\u00e9ral des Mourides et&nbsp; la communaut\u00e9 mouride perdaient Sokhna Amy Mback\u00e9, affectueusement surnomm\u00e9e Ma-Amy. \u00c0 peine quelques semaines plus tard, le 1er septembre ( hier) , un nouveau drame frappait la famille : Serigne Ibrahima Mback\u00e9, connu de tous sous le sobriquet de Serigne Lamp, trouvait la mort dans un accident de la route sur l\u2019axe de Louga. Deux enfants, n\u00e9s de la m\u00eame m\u00e8re, qui se succ\u00e9daient dans la fratrie tout comme ils viennent de se succ\u00e9der dans le rappel \u00e0 Dieu.<\/p>\n\n\n\n<p class=\"wp-block-paragraph\">Face \u00e0 cette double \u00e9preuve, Serigne Mountakha Mback\u00e9, leur p\u00e8re,&nbsp; a choisi de s\u2019adresser aux fid\u00e8les depuis sa retraite spirituelle. Dans un message transmis par Serigne Abdou Latyf Mback\u00e9, le patriarche a tenu \u00e0 rendre gr\u00e2ce \u00e0 Dieu avant toute chose, affichant une s\u00e9r\u00e9nit\u00e9 puis\u00e9e dans la foi profonde qui caract\u00e9rise l\u2019islam.<\/p>\n\n\n\n<p class=\"wp-block-paragraph\">\u00ab Que tout le monde sache que je rends gr\u00e2ce \u00e0 Dieu. C\u2019est Lui qui me les avait donn\u00e9s et c\u2019est Lui qui les a repris. Il est le Seul omnipotent \u00bb, a-t-il d\u00e9clar\u00e9, avant d\u2019adresser ses condol\u00e9ances \u00e0 l\u2019ensemble des disciples : \u00ab Je vous pr\u00e9sente mes condol\u00e9ances parce que je sais que vous \u00eates nombreux \u00e0 partager ces moments avec moi. \u00bb<\/p>\n\n\n\n<p class=\"wp-block-paragraph\">Dans sa d\u00e9marche empreinte de pi\u00e9t\u00e9, le khalife a \u00e9galement pr\u00e9cis\u00e9 les modalit\u00e9s du recueillement. Tout en annon\u00e7ant que l\u2019inhumation est d\u00e9j\u00e0 effective, il a tenu \u00e0 rassurer et \u00e0 organiser les hommages : \u00ab Je ne voudrais d\u00e9ranger personne. Je me suffirai des pri\u00e8res que chacun formulera depuis chez lui \u00bb, a-t-il insist\u00e9. Il a toutefois indiqu\u00e9 que la c\u00e9r\u00e9monie officielle de pri\u00e8res se tiendra \u00e0 Porokhane, plus pr\u00e9cis\u00e9ment au sein du daara , connu sous le nom de Darou Tanzil, dont le regrett\u00e9&nbsp; disparu assurait&nbsp; la garde et la p\u00e9rennit\u00e9, sous son ndig\u00ebl.<\/p>\n\n\n\n<p class=\"wp-block-paragraph\">Au-del\u00e0 de ce message , Serigne Mountakha a tenu \u00e0 exprimer sa profonde reconnaissance pour la vague de sympathie et de compassion qui lui est adress\u00e9e par les populations, aussi bien au S\u00e9n\u00e9gal qu\u2019au sein de la diaspora. En privil\u00e9giant la pri\u00e8re individuelle au d\u00e9placement, il invite chacun \u00e0 transformer cette \u00e9preuve en un moment d\u2019\u00e9l\u00e9vation spirituelle, conform\u00e9ment \u00e0 la voie trac\u00e9e par Cheikh Ahmadou Bamba.<\/p>\n","protected":false},"excerpt":{"rendered":"<p>Le 5 ao\u00fbt dernier, le khalife g\u00e9n\u00e9ral des Mourides et&nbsp; la communaut\u00e9 mouride perdaient Sokhna Amy Mback\u00e9, affectueusement surnomm\u00e9e Ma-Amy.<\/p>\n","protected":false},"author":1,"featured_media":78026,"comment_status":"open","ping_status":"open","sticky":false,"template":"","format":"standard","meta":{"footnotes":""},"categories":[21],"tags":[],"class_list":["post-78025","post","type-post","status-publish","format-standard","has-post-thumbnail","hentry","category-societe"],"_links":{"self":[{"href":"https:\/\/dekkbi.com\/index.php?rest_route=\/wp\/v2\/posts\/78025","targetHints":{"allow":["GET"]}}],"collection":[{"href":"https:\/\/dekkbi.com\/index.php?rest_route=\/wp\/v2\/posts"}],"about":[{"href":"https:\/\/dekkbi.com\/index.php?rest_route=\/wp\/v2\/types\/post"}],"author":[{"embeddable":true,"href":"https:\/\/dekkbi.com\/index.php?rest_route=\/wp\/v2\/users\/1"}],"replies":[{"embeddable":true,"href":"https:\/\/dekkbi.com\/index.php?rest_route=%2Fwp%2Fv2%2Fcomments&post=78025"}],"version-history":[{"count":1,"href":"https:\/\/dekkbi.com\/index.php?rest_route=\/wp\/v2\/posts\/78025\/revisions"}],"predecessor-version":[{"id":78027,"href":"https:\/\/dekkbi.com\/index.php?rest_route=\/wp\/v2\/posts\/78025\/revisions\/78027"}],"wp:featuredmedia":[{"embeddable":true,"href":"https:\/\/dekkbi.com\/index.php?rest_route=\/wp\/v2\/media\/78026"}],"wp:attachment":[{"href":"https:\/\/dekkbi.com\/index.php?rest_route=%2Fwp%2Fv2%2Fmedia&parent=78025"}],"wp:term":[{"taxonomy":"category","embeddable":true,"href":"https:\/\/dekkbi.com\/index.php?rest_route=%2Fwp%2Fv2%2Fcategories&post=78025"},{"taxonomy":"post_tag","embeddable":true,"href":"https:\/\/dekkbi.com\/index.php?rest_route=%2Fwp%2Fv2%2Ftags&post=78025"}],"curies":[{"name":"wp","href":"https:\/\/api.w.org\/{rel}","templated":true}]}}