{"id":78021,"date":"2026-09-01T16:04:53","date_gmt":"2026-09-01T16:04:53","guid":{"rendered":"https:\/\/dekkbi.com\/?p=78021"},"modified":"2026-09-01T16:05:24","modified_gmt":"2026-09-01T16:05:24","slug":"fifa-platini-estime-quinfantino-doit-partir-car-il-na-pas-respecte-les-regles-du-football","status":"publish","type":"post","link":"https:\/\/dekkbi.com\/?p=78021","title":{"rendered":"Platini: Infantino \u00ab\u00a0doit partir\u00a0\u00bb"},"content":{"rendered":"\n<p class=\"wp-block-paragraph\">\u00a9 2026 AFP &#8211; L&rsquo;ancienne l\u00e9gende du football fran\u00e7ais et ex-pr\u00e9sident de l&rsquo;UEFA Michel Platini a estim\u00e9 dimanche sur Canal+ que le patron de la Fifa Gianni Infantino \u00ab\u00a0doit partir\u00a0\u00bb car il n&rsquo;a pas \u00ab\u00a0respect\u00e9 les r\u00e8gles\u00a0\u00bb du football.<\/p>\n\n\n\n<p class=\"wp-block-paragraph\">\u00ab\u00a0Les affaires \u00e9conomiques sont une chose, mais je pense qu&rsquo;Infantino a failli parce qu&rsquo;il est le garant des r\u00e8gles du jeu et il ne les a pas respect\u00e9es. Les pauses publicit\u00e9s (les pauses fra\u00eecheur syst\u00e9matis\u00e9es durant la Coupe du monde 2026, ndlr) ne sont pas dans les r\u00e8glements, la mi-temps de la finale \u00e0 30 minutes, ce n&rsquo;est pas dans le r\u00e8glement et le carton rouge, c&rsquo;est le pire. Il est le garant (des r\u00e8gles, ndlr), il ne les respecte pas, il doit partir\u00a0\u00bb, a d\u00e9clar\u00e9 le triple Ballon d&rsquo;Or dans l&rsquo;\u00e9mission Canal Football Club en faisant allusion \u00e0 la suspension de l&rsquo;attaquant am\u00e9ricain Folarin Balogun annul\u00e9e durant le Mondial apr\u00e8s une intervention de Donald Trump.<\/p>\n\n\n\n<p class=\"wp-block-paragraph\">Depuis la fin du tournoi organis\u00e9 cet \u00e9t\u00e9 aux Etats-Unis, au Mexique et au Canada, le pr\u00e9sident de la Fifa est sous une \u00e9norme pression apr\u00e8s la r\u00e9v\u00e9lation de son projet avort\u00e9 d&rsquo;ouverture de la Coupe du monde \u00e0 des investisseurs priv\u00e9s. L&rsquo;UEFA, alli\u00e9e aux conf\u00e9d\u00e9rations nord-am\u00e9ricaine et Cara\u00efbes (Concacaf) et asiatique (AFC) de football, m\u00e8ne la fronde pour tenter de faire partir le patron de l&rsquo;instance mondiale, en poste depuis 2016 et candidat \u00e0 sa propre succession lors du congr\u00e8s pr\u00e9vu en mars 2027 au Maroc.<\/p>\n\n\n\n<h2 class=\"wp-block-heading\">Plainte pour \u00ab\u00a0gestion d\u00e9loyale\u00a0\u00bb en pr\u00e9paration<\/h2>\n\n\n\n<p class=\"wp-block-paragraph\">La Conf\u00e9d\u00e9ration europ\u00e9enne pr\u00e9pare ainsi une plainte en droit suisse contre Gianni Infantino pour \u00ab\u00a0gestion d\u00e9loyale\u00a0\u00bb tout en cherchant un candidat \u00e0 opposer au dirigeant italo-suisse en 2027.<\/p>\n\n\n\n<p class=\"wp-block-paragraph\">\u00ab\u00a0Ce ne sera pas par les instances du sport que \u00e7a se r\u00e9glera et qu&rsquo;il tombera. Je pense que si l&rsquo;UEFA veut faire tomber Infantino, ce sera par la justice\u00a0\u00bb, a indiqu\u00e9 Michel Platini.<\/p>\n\n\n\n<figure class=\"wp-block-image is-resized\"><img decoding=\"async\" src=\"https:\/\/information.tv5monde.com\/sites\/tv5-info\/files\/styles\/entete\/public\/2026-08\/field_media_image-3050315-2405492815a1eac796c24bffd29c37aea0fccafe.jpg?itok=azYgLt4Q\" alt=\"Le pr\u00e9sident de la Fifa Gianni Infantino  lors d'une r\u00e9union avec la cellule de la Maison blanche en charge de la Coupe du monde, le 17 novembre 2025 \u00e0 Washington, DC \" style=\"aspect-ratio:1.5010224948875255;width:734px;height:auto\" title=\"Le pr\u00e9sident de la Fifa Gianni Infantino  lors d'une r\u00e9union avec la cellule de la Maison blanche en charge de la Coupe du monde, le 17 novembre 2025 \u00e0 Washington, DC \"\/><\/figure>\n\n\n\n<p class=\"wp-block-paragraph\">Le pr\u00e9sident de la Fifa Gianni Infantino lors d&rsquo;une r\u00e9union avec la cellule de la Maison blanche en charge de la Coupe du monde, le 17 novembre 2025 \u00e0 Washington, DC<\/p>\n\n\n\n<p class=\"wp-block-paragraph\">AFP\/Archives<\/p>\n\n\n\n<p class=\"wp-block-paragraph\">Brendan SMIALOWSKI<\/p>\n\n\n\n<p class=\"wp-block-paragraph\">\u00ab\u00a0J&rsquo;ai toujours su qu&rsquo;il aimait beaucoup l&rsquo;argent et le pouvoir\u00a0\u00bb, a \u00e9galement affirm\u00e9 l&rsquo;ex-N.10 et capitaine de l&rsquo;\u00e9quipe de France, promis \u00e0 la pr\u00e9sidence de la Fifa avant d&rsquo;\u00eatre \u00e9cart\u00e9 de la course en raison d&rsquo;accusations d&rsquo;escroquerie qui se sont sold\u00e9es par un acquittement d\u00e9finitif en Suisse, en ao\u00fbt 2025.<\/p>\n\n\n\n<p class=\"wp-block-paragraph\">La mise \u00e0 l&rsquo;\u00e9cart du pr\u00e9sident de l&rsquo;UEFA (2007-2015) avait alors ouvert la voie \u00e0 l&rsquo;\u00e9lection inattendue en f\u00e9vrier 2016 de son secr\u00e9taire g\u00e9n\u00e9ral, Gianni Infantino.<\/p>\n\n\n\n<p class=\"wp-block-paragraph\">\u00ab\u00a0Ce n&rsquo;est pas lui qui m&rsquo;a fait tomber, il en a profit\u00e9. Mais maintenant qu&rsquo;il y a beaucoup d&rsquo;enqu\u00eates qui sont faites sur lui dans le monde, il y a des bruits qui circuleraient comme quoi il \u00e9tait au courant de certaines choses. Suite au prochain \u00e9pisode\u00a0\u00bb, a expliqu\u00e9 Michel Platini qui a port\u00e9 plainte en juin contre Gianni Infantino pour \u00ab\u00a0d\u00e9nonciation calomnieuse\u00a0\u00bb et \u00ab\u00a0trafic d&rsquo;influence\u00a0\u00bb.<\/p>\n\n\n\n<p class=\"wp-block-paragraph\">\u00ab\u00a0Je l&rsquo;ai fait en France parce qu&rsquo;en Suisse, je n&rsquo;ai pas beaucoup de chances de gagner\u00a0\u00bb, a-t-il dit avec le sourire.<\/p>\n\n\n\n<p class=\"wp-block-paragraph\">Interrog\u00e9 au sujet d&rsquo;un \u00e9ventuel retour au sein des instances, Platini a r\u00e9pondu: \u00ab\u00a0Non, je n&rsquo;ai pas envie\u00a0\u00bb.<\/p>\n\n\n\n<p class=\"wp-block-paragraph\">\u00ab\u00a0Les clubs, les instances, c&rsquo;est fini. Je peux \u00eatre de bon conseil donc je peux monter une soci\u00e9t\u00e9 de conseil dans le football. Il y a beaucoup de gens qui me demandent de les aider, des clubs, des f\u00e9d\u00e9rations, etc.\u00a0\u00bb, a-t-il poursuivi.<\/p>\n","protected":false},"excerpt":{"rendered":"<p>\u00a9 2026 AFP &#8211; L&rsquo;ancienne l\u00e9gende du football fran\u00e7ais et ex-pr\u00e9sident de l&rsquo;UEFA Michel Platini a estim\u00e9 dimanche sur Canal+<\/p>\n","protected":false},"author":1,"featured_media":66731,"comment_status":"open","ping_status":"open","sticky":false,"template":"","format":"standard","meta":{"footnotes":""},"categories":[9],"tags":[],"class_list":["post-78021","post","type-post","status-publish","format-standard","has-post-thumbnail","hentry","category-sports"],"_links":{"self":[{"href":"https:\/\/dekkbi.com\/index.php?rest_route=\/wp\/v2\/posts\/78021","targetHints":{"allow":["GET"]}}],"collection":[{"href":"https:\/\/dekkbi.com\/index.php?rest_route=\/wp\/v2\/posts"}],"about":[{"href":"https:\/\/dekkbi.com\/index.php?rest_route=\/wp\/v2\/types\/post"}],"author":[{"embeddable":true,"href":"https:\/\/dekkbi.com\/index.php?rest_route=\/wp\/v2\/users\/1"}],"replies":[{"embeddable":true,"href":"https:\/\/dekkbi.com\/index.php?rest_route=%2Fwp%2Fv2%2Fcomments&post=78021"}],"version-history":[{"count":2,"href":"https:\/\/dekkbi.com\/index.php?rest_route=\/wp\/v2\/posts\/78021\/revisions"}],"predecessor-version":[{"id":78024,"href":"https:\/\/dekkbi.com\/index.php?rest_route=\/wp\/v2\/posts\/78021\/revisions\/78024"}],"wp:featuredmedia":[{"embeddable":true,"href":"https:\/\/dekkbi.com\/index.php?rest_route=\/wp\/v2\/media\/66731"}],"wp:attachment":[{"href":"https:\/\/dekkbi.com\/index.php?rest_route=%2Fwp%2Fv2%2Fmedia&parent=78021"}],"wp:term":[{"taxonomy":"category","embeddable":true,"href":"https:\/\/dekkbi.com\/index.php?rest_route=%2Fwp%2Fv2%2Fcategories&post=78021"},{"taxonomy":"post_tag","embeddable":true,"href":"https:\/\/dekkbi.com\/index.php?rest_route=%2Fwp%2Fv2%2Ftags&post=78021"}],"curies":[{"name":"wp","href":"https:\/\/api.w.org\/{rel}","templated":true}]}}