{"id":78016,"date":"2026-09-01T16:01:51","date_gmt":"2026-09-01T16:01:51","guid":{"rendered":"https:\/\/dekkbi.com\/?p=78016"},"modified":"2026-09-01T16:03:19","modified_gmt":"2026-09-01T16:03:19","slug":"incendies-meurtriers-en-algerie-tebboune-veut-la-peine-de-mort-contre-les-pyromanes-le-bilan-de-12-morts-conteste","status":"publish","type":"post","link":"https:\/\/dekkbi.com\/?p=78016","title":{"rendered":"Incendies meurtriers en Alg\u00e9rie: Tebboune veut la peine de mort contre les pyromanes"},"content":{"rendered":"\n<p class=\"wp-block-paragraph\">Le pr\u00e9sident alg\u00e9rien Abdelmadjid Tebboune a d\u00e9cr\u00e9t\u00e9 un deuil national de trois jours jeudi 27 ao\u00fbt et veut r\u00e9instaurer rapidement la condamnation \u00e0 mort pour les pyromanes. Le bilan humain transmis par les autorit\u00e9s est contest\u00e9: les d\u00e9comptes \u00e9tablis par les h\u00f4pitaux, les communes et les habitants font \u00e9tat de 57 \u00e0 plus de 90 victimes.<\/p>\n\n\n\n<p class=\"wp-block-paragraph\">Par TV5MONE &#8211; Abdelmadjid Tebboune a d\u00e9cr\u00e9t\u00e9, le jeudi 27 ao\u00fbt, trois jours de deuil national, apr\u00e8s les incendies qui ravagent le nord-est de l&rsquo;Alg\u00e9rie\u00a0depuis la nuit du 26 ao\u00fbt.\u00a0<em>\u00ab\u00a0Le c\u0153ur meurtri et l&rsquo;\u00e2me en deuil devant la trag\u00e9die de la perte de nos concitoyens\u00a0\u00bb<\/em>, a r\u00e9agi\u00a0le pr\u00e9sident alg\u00e9rien. Il d\u00e9plore dans un communiqu\u00e9 un\u00a0<em>\u00ab\u00a0grand malheur\u00a0\u00bb<\/em>\u00a0pour le pays et annonce\u00a0l&rsquo;annulation des festivit\u00e9s culturelles et sportives.<\/p>\n\n\n\n<p class=\"wp-block-paragraph\">\u00ab\u00a0<em>Personne ne peut faire plier l&rsquo;Alg\u00e9rie<\/em>\u00ab\u00a0, a lanc\u00e9 le pr\u00e9sident alg\u00e9rien dimanche, promettant&nbsp;lors d\u2019une r\u00e9union consacr\u00e9e aux feux en pr\u00e9sence de hauts responsables civils et militaires et du ministre de la Justice, \u00ab\u00a0<em>une modification du Code p\u00e9nal<\/em>\u00a0\u00bb avant le 15 septembre, pour \u00ab\u00a0<em>r\u00e9instaurer la condamnation \u00e0 mort pour les pyromanes<\/em>\u00ab\u00a0.&nbsp;<\/p>\n\n\n\n<p class=\"wp-block-paragraph\">\u00ab\u00a0<em>Il y aura ex\u00e9cution<\/em>\u00a0\u00bb une fois les voies de recours \u00e9puis\u00e9es pour les condamn\u00e9s, a-t-il poursuivi alors que son pays observe un moratoire sur la peine de mort depuis 1993.<video preload=\"auto\" src=\"https:\/\/vodinfo.tv5monde.com\/videos\/74\/6661980.mp4\"><\/video>Lire la vid\u00e9o<\/p>\n\n\n\n<p class=\"wp-block-paragraph\">Le bilan officiel, lui, reste celui communiqu\u00e9 le mercredi 26 ao\u00fbt dans la soir\u00e9e.\u00a0Au moins 12 morts et 54 bless\u00e9s hospitalis\u00e9s pour des br\u00fblures, dont six graves, selon le chiffre du ministre de l&rsquo;Int\u00e9rieur, Sa\u00efd Sayoud.\u00a0<em>\u00ab\u00a0Cinq d\u00e9c\u00e8s ont \u00e9t\u00e9 enregistr\u00e9s dans la wilaya (pr\u00e9fecture) de Jijel, quatre dans celle de B\u00e9ja\u00efa et trois dans celle de Tizi-Ouzou\u00a0\u00bb<\/em>, avait chiffr\u00e9 le ministre.<\/p>\n\n\n\n<p class=\"wp-block-paragraph\">Deux jours plus tard, les images des obs\u00e8ques donnent une autre \u00e9chelle. Vendredi 28 ao\u00fbt, \u00e0 Djem\u00e2a Beni Habibi, une tranch\u00e9e creus\u00e9e dans la pente a re\u00e7u des dizaines de cercueils drap\u00e9s aux couleurs alg\u00e9riennes. Le Premier ministre Sifi Ghrieb assistait \u00e0 la c\u00e9r\u00e9monie.<\/p>\n\n\n\n<h2 class=\"wp-block-heading\">Ce que disent les listes locales<\/h2>\n\n\n\n<p class=\"wp-block-paragraph\">Sifi Ghrieb \u00e9tait arriv\u00e9 la veille dans la wilaya, envoy\u00e9 par le pr\u00e9sident pour suivre les op\u00e9rations de secours. Le communiqu\u00e9 publi\u00e9 par ses services apr\u00e8s les obs\u00e8ques ne porte aucun bilan humain. Le quotidien alg\u00e9rien\u00a0<em>Le Matin d&rsquo;Alg\u00e9rie<\/em>\u00a0constate ce silence, alors que des chiffres circulent depuis la veille.<\/p>\n\n\n\n<p class=\"wp-block-paragraph\">Les d\u00e9comptes locaux, eux, s&rsquo;allongent. La journaliste et fact-checkeuse alg\u00e9rienne, Nozha Khelalef, a compil\u00e9 de son c\u00f4t\u00e9 57 noms d\u00e8s jeudi, \u00e0 partir des avis de d\u00e9c\u00e8s, rapporte\u00a0le site alg\u00e9rien Twala. L&rsquo;h\u00f4pital d&rsquo;El Milia faisait \u00e9tat le m\u00eame jour d&rsquo;au moins 69 morts, selon\u00a0l&rsquo;agence italienne ANSA, pr\u00e9sente sur place. Vendredi, la commune de Djem\u00e2a Beni Habibi a publi\u00e9\u00a0une liste nominative de 73 victimes\u00a0et appel\u00e9 leurs familles \u00e0 se manifester aupr\u00e8s des h\u00f4pitaux.<\/p>\n\n\n\n<p class=\"wp-block-paragraph\">Ces chiffres ne s&rsquo;additionnent pas. Une m\u00eame victime peut \u00eatre compt\u00e9e deux fois, recens\u00e9e par sa commune puis par l&rsquo;h\u00f4pital qui l&rsquo;a re\u00e7ue.\u00a0Le Parti des travailleurs\u00a0parle de plusieurs centaines de morts, selon Le Matin d&rsquo;Alg\u00e9rie, qui y voit une estimation politique qu&rsquo;aucune liste de noms n&rsquo;\u00e9taye.\u00a0Le journaliste alg\u00e9rien, Abdou Semmar, avance un bilan local pouvant approcher ou d\u00e9passer 93 morts.<\/p>\n\n\n\n<h2 class=\"wp-block-heading\">Les secours face aux feux<\/h2>\n\n\n\n<p class=\"wp-block-paragraph\">Les donn\u00e9es op\u00e9rationnelles sont publi\u00e9es chaque jour. Jeudi \u00e0 7 heures, la Protection civile recensait\u00a0193 incendies, attis\u00e9s par la chaleur et des vents violents, dont 46 encore actifs dans 13 wilayas. Vendredi matin, 64 foyers br\u00fblaient encore dans 10 wilayas, dont 20 \u00e0 Jijel, o\u00f9 deux avions Beriev BE-200 et quatre AT-802 \u00e9taient engag\u00e9s, rel\u00e8ve Twala.<\/p>\n\n\n\n<p class=\"wp-block-paragraph\">Le Parti des travailleurs\u00a0souligne que les interventions de la Protection civile ont \u00e9t\u00e9 entrav\u00e9es. Il pointe\u00a0<em>\u00ab\u00a0en particulier l&rsquo;impossibilit\u00e9 des interventions a\u00e9riennes de nuit\u00a0\u00bb<\/em>, ce qui a\u00a0<em>\u00ab\u00a0aggrav\u00e9 les pertes en vies humaines et mat\u00e9rielles\u00a0\u00bb<\/em>. Twala rappelle de son c\u00f4t\u00e9 que les moyens engag\u00e9s ne disent pas s&rsquo;ils ont pu atteindre chaque village \u00e0 temps.<\/p>\n\n\n\n<p class=\"wp-block-paragraph\">Au sol, les casernes sont in\u00e9galement r\u00e9parties. Sur les 28 communes de la wilaya de Jijel, 17 n&rsquo;ont aucune unit\u00e9 de la Protection civile, selon\u00a0l&rsquo;inventaire d&rsquo;Abdou Semmar. Les casernes existantes se concentrent sur le littoral et autour des centres urbains.\u00a0<em>\u00ab\u00a0On n&rsquo;a besoin ni d&rsquo;\u00e9lectricit\u00e9, ni d&rsquo;eau, ni de logement, ni de gaz, ni de rien. \u00c9teignez-nous seulement le feu\u00a0\u00bb<\/em>, r\u00e9sumait un habitant \u00e0 la ministre de la Solidarit\u00e9, rapporte Twala.<\/p>\n\n\n\n<h2 class=\"wp-block-heading\">Les moyens promis apr\u00e8s 2021<\/h2>\n\n\n\n<p class=\"wp-block-paragraph\">Le drame renvoie aux\u00a0incendies de Kabylie de 2021\u00a0et \u00e0 leurs 90 morts. Abdelmadjid Tebboune avait alors promis de renforcer les moyens, notamment par l&rsquo;achat de bombardiers d&rsquo;eau. Six Beriev ont \u00e9t\u00e9 command\u00e9s, deux seulement sont op\u00e9rationnels, selon\u00a0Jeune Afrique.<\/p>\n\n\n\n<p class=\"wp-block-paragraph\">La pr\u00e9sidence avait aussi annonc\u00e9, en avril 2023, le recours \u00e0 des a\u00e9ronefs lou\u00e9s, en chargeant Tassili Airlines d&rsquo;y contribuer. Plusieurs petites compagnies \u00e9trang\u00e8res ont d\u00e9croch\u00e9 ces contrats, l&rsquo;une d&rsquo;elles, une soci\u00e9t\u00e9 argentine, aurait \u00e9t\u00e9 vis\u00e9e par une enqu\u00eate f\u00e9d\u00e9rale pour corruption, selon Jeune Afrique. C\u00f4t\u00e9 casernes, celle de Sidi Abdelaziz, promise en 2018 par le minist\u00e8re de l&rsquo;Int\u00e9rieur, n&rsquo;appara\u00eet ni dans l&rsquo;inventaire op\u00e9rationnel de 2023 ni dans celui de 2026, rel\u00e8ve Abdou Semmar.<\/p>\n\n\n\n<p class=\"wp-block-paragraph\">Abdelmadjid Tebboune ne s&rsquo;est pas rendu sur place. Parti en vacances une dizaine de jours plus t\u00f4t, il n&rsquo;est all\u00e9 dans aucune des wilayas sinistr\u00e9es, note Jeune Afrique. Samedi,\u00a0le bilan humain de la catastrophe\u00a0n&rsquo;\u00e9tait toujours pas consolid\u00e9.<\/p>\n","protected":false},"excerpt":{"rendered":"<p>Le pr\u00e9sident alg\u00e9rien Abdelmadjid Tebboune a d\u00e9cr\u00e9t\u00e9 un deuil national de trois jours jeudi 27 ao\u00fbt et veut r\u00e9instaurer rapidement<\/p>\n","protected":false},"author":1,"featured_media":78017,"comment_status":"open","ping_status":"open","sticky":false,"template":"","format":"standard","meta":{"footnotes":""},"categories":[51],"tags":[],"class_list":["post-78016","post","type-post","status-publish","format-standard","has-post-thumbnail","hentry","category-general"],"_links":{"self":[{"href":"https:\/\/dekkbi.com\/index.php?rest_route=\/wp\/v2\/posts\/78016","targetHints":{"allow":["GET"]}}],"collection":[{"href":"https:\/\/dekkbi.com\/index.php?rest_route=\/wp\/v2\/posts"}],"about":[{"href":"https:\/\/dekkbi.com\/index.php?rest_route=\/wp\/v2\/types\/post"}],"author":[{"embeddable":true,"href":"https:\/\/dekkbi.com\/index.php?rest_route=\/wp\/v2\/users\/1"}],"replies":[{"embeddable":true,"href":"https:\/\/dekkbi.com\/index.php?rest_route=%2Fwp%2Fv2%2Fcomments&post=78016"}],"version-history":[{"count":2,"href":"https:\/\/dekkbi.com\/index.php?rest_route=\/wp\/v2\/posts\/78016\/revisions"}],"predecessor-version":[{"id":78020,"href":"https:\/\/dekkbi.com\/index.php?rest_route=\/wp\/v2\/posts\/78016\/revisions\/78020"}],"wp:featuredmedia":[{"embeddable":true,"href":"https:\/\/dekkbi.com\/index.php?rest_route=\/wp\/v2\/media\/78017"}],"wp:attachment":[{"href":"https:\/\/dekkbi.com\/index.php?rest_route=%2Fwp%2Fv2%2Fmedia&parent=78016"}],"wp:term":[{"taxonomy":"category","embeddable":true,"href":"https:\/\/dekkbi.com\/index.php?rest_route=%2Fwp%2Fv2%2Fcategories&post=78016"},{"taxonomy":"post_tag","embeddable":true,"href":"https:\/\/dekkbi.com\/index.php?rest_route=%2Fwp%2Fv2%2Ftags&post=78016"}],"curies":[{"name":"wp","href":"https:\/\/api.w.org\/{rel}","templated":true}]}}