{"id":78008,"date":"2026-09-01T15:49:59","date_gmt":"2026-09-01T15:49:59","guid":{"rendered":"https:\/\/dekkbi.com\/?p=78008"},"modified":"2026-09-01T15:49:59","modified_gmt":"2026-09-01T15:49:59","slug":"football-linternational-francais-bradley-barcola-rejoint-liverpool-et-devient-la-plus-grosse-vente-de-la-ligue-1","status":"publish","type":"post","link":"https:\/\/dekkbi.com\/?p=78008","title":{"rendered":"Football: l&rsquo;international fran\u00e7ais Bradley Barcola rejoint Liverpool et devient la plus grosse vente de la Ligue 1"},"content":{"rendered":"\n<p class=\"wp-block-paragraph\">L&rsquo;attaquant de l&rsquo;\u00e9quipe de France et du Paris Saint-Germain Bradley Barcola s&rsquo;est officiellement engag\u00e9 avec le club de Liverpool ce lundi 31 ao\u00fbt pour un montant estim\u00e9 \u00e0 environ 140 millions d&rsquo;euros. Il devient la seconde recrue la plus ch\u00e8re de l&rsquo;histoire des Reds et du Championnat anglais, tout en \u00e9tant le transfert le plus \u00e9lev\u00e9 de l&rsquo;histoire de la Ligue 1 dans le sens des d\u00e9parts.<\/p>\n\n\n\n<p class=\"wp-block-paragraph\">Par :Valentin Berg &#8211; SOURCE RFI<\/p>\n\n\n\n<p class=\"wp-block-paragraph\">Bradley Barcola est enfin un joueur de Liverpool, et il arrive \u00e0 point nomm\u00e9 sur les rives de la Mersey. Apr\u00e8s deux premi\u00e8res journ\u00e9es insipides dans le Championnat anglais&nbsp;\u2013 et deux matchs nuls d\u00e9croch\u00e9s p\u00e9niblement par les Reds&nbsp;\u2013 l&rsquo;arriv\u00e9e de l&rsquo;ailier gauche tricolore devrait dynamiter une attaque \u00e0 r\u00e9action qui manque encore de tranchant en ce d\u00e9but de saison.<\/p>\n\n\n\n<p class=\"wp-block-paragraph\">Le transfert de l&rsquo;ex-joueur du Paris Saint-Germain \u00e9tait en \u00ab&nbsp;<em>bonne voie<\/em>&nbsp;\u00bb en fin de semaine derni\u00e8re et a fini par se clarifier \u00e0 quelques heures seulement de la fin du mercato estival le 1er septembre. Il s&rsquo;\u00e9tait envol\u00e9 vers l&rsquo;Angleterre samedi dernier, signe que l&rsquo;accord \u00e9tait proche et l&rsquo;annonce plus qu&rsquo;une question de jours. L&rsquo;officialisation du transfert a finalement \u00e9t\u00e9 annonc\u00e9e sur les r\u00e9seaux sociaux du club anglais ce lundi 31 ao\u00fbt, pour un montant qui avoisinerait les 140 millions d&rsquo;euros bonus compris.<\/p>\n\n\n\n<p class=\"wp-block-paragraph\">Pour afficher ce contenu X (Twitter), il est n\u00e9cessaire d&rsquo;autoriser les cookies de mesure d&rsquo;audience et de publicit\u00e9.AccepterG\u00e9rer mes choix<\/p>\n\n\n\n<p class=\"wp-block-paragraph\">Son transfert est tout proche d&rsquo;\u00eatre un nouveau record pour Liverpool et la Premier League&nbsp;:&nbsp;le Su\u00e9dois&nbsp;Alexander Isak avait \u00e9t\u00e9 recrut\u00e9 dans les toutes derni\u00e8re heures du mercato d&rsquo;\u00e9t\u00e9 2025 pour une somme l\u00e9g\u00e8rement sup\u00e9rieure (145 millions d&rsquo;euros hors bonus) et d\u00e9tient toujours ce record. En revanche, la signature de Barcola d\u00e9passe le montant d\u00e9bours\u00e9 par le club pour recruter l&rsquo;Allemand Florian Wirtz (environ 135 millions d&rsquo;euros), ce qui fait du Fran\u00e7ais le second joueur le plus cher de l&rsquo;histoire des Reds et de la Premier League. Cette arriv\u00e9e en Angleterre fait \u00e9galement de lui le transfert le plus \u00e9lev\u00e9 de l&rsquo;histoire de la Ligue 1 dans le sens des d\u00e9parts, d\u00e9robant ce record au Marocain Ayyoub Bouaddi qui ne l&rsquo;aura d\u00e9tenu que pendant quelques jours seulement.<\/p>\n\n\n\n<p class=\"wp-block-paragraph\">\u00c0 lire aussi<a href=\"https:\/\/www.rfi.fr\/fr\/afrique-foot\/20260826-le-marocain-ayyoub-bouaddi-18-ans-et-un-transfert-xxl-%C3%A0-manchester-city\">Le Marocain Ayyoub Bouaddi, 18 ans et un transfert XXL \u00e0 Manchester City<\/a><\/p>\n\n\n\n<h2 class=\"wp-block-heading\">D\u00e9crocher une place de titulaire<\/h2>\n\n\n\n<p class=\"wp-block-paragraph\">Arriv\u00e9 dans la capitale fran\u00e7aise pour&nbsp;50 millions d&rsquo;euros en ao\u00fbt 2023 en provenance de Lyon, son club formateur, Bradley Barcola aura connu trois ann\u00e9es exceptionnelles avec le Paris Saint-Germain. Il a notamment \u00e9t\u00e9 un artisan majeur du double sacre europ\u00e9en des Parisiens, m\u00eame s&rsquo;il a souvent \u00e9t\u00e9 supplant\u00e9 sur l&rsquo;aile gauche par son concurrent direct D\u00e9sir\u00e9 Dou\u00e9 lors des grands rendez-vous comme lors des deux finales de Ligue des champions remport\u00e9es en 2025 et 2026 et qu&rsquo;il a d\u00e9but\u00e9es sur le banc des rempla\u00e7ants.<\/p>\n\n\n\n<p class=\"wp-block-paragraph\">Son explosion sous les couleurs du PSG lui a \u00e9galement ouvert les portes de l&rsquo;\u00e9quipe de France, avec laquelle l&rsquo;ailier de 23 ans totalise d\u00e9j\u00e0&nbsp;28 s\u00e9lections et 6 buts inscrits. Il sort surtout d&rsquo;une Coupe du monde r\u00e9ussie avec les Bleus aux \u00c9tats-Unis (3 buts) et aspire donc logiquement \u00e0 une place de titulaire sur l&rsquo;aile gauche en club alors qu&rsquo;il ne semble plus entrer dans les plans de l&rsquo;entra\u00eeneur parisien Luis Enrique. L&rsquo;attaquant n&rsquo;\u00e9tait d&rsquo;ailleurs pas entr\u00e9 en jeu lors de la Supercoupe d&rsquo;Europe remport\u00e9e par le PSG contre Aston Villa (2-1) le 12 ao\u00fbt dernier, et n&rsquo;\u00e9tait pas non plus dans le groupe des joueurs retenus pour le premier match de Ligue 1 le 23 ao\u00fbt dernier \u00e0 Rennes (2-2).<\/p>\n\n\n\n<p class=\"wp-block-paragraph\">Le PSG a d&rsquo;ailleurs \u00e9t\u00e9 actif sur le march\u00e9 des transferts pour compenser son d\u00e9part et ceux du&nbsp;Portugais Gon\u00e7alo Ramos \u00e0 l&rsquo;AC Milan (74 millions d&rsquo;euros hors bonus) et du&nbsp;Sud-Cor\u00e9en Kang-in Lee \u00e0 l&rsquo;Atl\u00e9tico de Madrid (40 millions d&rsquo;euros hors bonus). Le&nbsp;jeune international fran\u00e7ais Maghnes Akliouche en provenance de Monaco, le champion du monde espagnol Ferran Torres du FC Barcelone et le Belge Mika Godts de l&rsquo;Ajax Amsterdam ont tous d\u00e9barqu\u00e9 dans la capitale fran\u00e7aise pour un total d&rsquo;environ&nbsp;150 millions d&rsquo;euros. Un bilan financier tr\u00e8s flatteur, puisque Paris&nbsp;a battu des records de vente cet \u00e9t\u00e9 avec plus de 350 millions d&rsquo;euros qui devraient rentrer dans ses caisses avec d&rsquo;\u00e9ventuels bonus. Mais les comptes se feront v\u00e9ritablement en fin de saison pour le PSG, qui devra patienter pour savoir s&rsquo;il est gagnant au change ou non apr\u00e8s cette vente historique.<\/p>\n","protected":false},"excerpt":{"rendered":"<p>L&rsquo;attaquant de l&rsquo;\u00e9quipe de France et du Paris Saint-Germain Bradley Barcola s&rsquo;est officiellement engag\u00e9 avec le club de Liverpool ce<\/p>\n","protected":false},"author":1,"featured_media":78009,"comment_status":"open","ping_status":"open","sticky":false,"template":"","format":"standard","meta":{"footnotes":""},"categories":[9],"tags":[],"class_list":["post-78008","post","type-post","status-publish","format-standard","has-post-thumbnail","hentry","category-sports"],"_links":{"self":[{"href":"https:\/\/dekkbi.com\/index.php?rest_route=\/wp\/v2\/posts\/78008","targetHints":{"allow":["GET"]}}],"collection":[{"href":"https:\/\/dekkbi.com\/index.php?rest_route=\/wp\/v2\/posts"}],"about":[{"href":"https:\/\/dekkbi.com\/index.php?rest_route=\/wp\/v2\/types\/post"}],"author":[{"embeddable":true,"href":"https:\/\/dekkbi.com\/index.php?rest_route=\/wp\/v2\/users\/1"}],"replies":[{"embeddable":true,"href":"https:\/\/dekkbi.com\/index.php?rest_route=%2Fwp%2Fv2%2Fcomments&post=78008"}],"version-history":[{"count":1,"href":"https:\/\/dekkbi.com\/index.php?rest_route=\/wp\/v2\/posts\/78008\/revisions"}],"predecessor-version":[{"id":78010,"href":"https:\/\/dekkbi.com\/index.php?rest_route=\/wp\/v2\/posts\/78008\/revisions\/78010"}],"wp:featuredmedia":[{"embeddable":true,"href":"https:\/\/dekkbi.com\/index.php?rest_route=\/wp\/v2\/media\/78009"}],"wp:attachment":[{"href":"https:\/\/dekkbi.com\/index.php?rest_route=%2Fwp%2Fv2%2Fmedia&parent=78008"}],"wp:term":[{"taxonomy":"category","embeddable":true,"href":"https:\/\/dekkbi.com\/index.php?rest_route=%2Fwp%2Fv2%2Fcategories&post=78008"},{"taxonomy":"post_tag","embeddable":true,"href":"https:\/\/dekkbi.com\/index.php?rest_route=%2Fwp%2Fv2%2Ftags&post=78008"}],"curies":[{"name":"wp","href":"https:\/\/api.w.org\/{rel}","templated":true}]}}