{"id":78006,"date":"2026-09-01T15:46:44","date_gmt":"2026-09-01T15:46:44","guid":{"rendered":"https:\/\/dekkbi.com\/?p=78006"},"modified":"2026-09-01T15:46:45","modified_gmt":"2026-09-01T15:46:45","slug":"foot-lionel-messi-annonce-sa-retraite-internationale-avec-largentine","status":"publish","type":"post","link":"https:\/\/dekkbi.com\/?p=78006","title":{"rendered":"Foot: Lionel Messi annonce sa retraite internationale avec l&rsquo;Argentine"},"content":{"rendered":"\n<p class=\"wp-block-paragraph\">Lionel Messi a annonc\u00e9 sur son compte Instagram lundi 31 ao\u00fbt qu\u2019il prend sa retraite internationale. Messi avait notamment remport\u00e9 la Coupe du monde au Qatar en 2022 contre la France.<\/p>\n\n\n\n<p class=\"wp-block-paragraph\">Par :RFI<\/p>\n\n\n\n<p class=\"wp-block-paragraph\">La l\u00e9gende du football Lionel Messi a annonc\u00e9 sa retraite internationale avec l&rsquo;Argentine, quelques semaines apr\u00e8s<strong>\u00a0la d\u00e9faite de l&rsquo;Albiceleste\u00a0<\/strong>en finale du Mondial mais aussi le d\u00e9c\u00e8s de son p\u00e8re et agent Jorge Messi.<\/p>\n\n\n\n<h2 class=\"wp-block-heading\">Messi avait d\u00e9j\u00e0 pris une premi\u00e8re fois sa retraite internationale en 2016<\/h2>\n\n\n\n<p class=\"wp-block-paragraph\">\u00ab<em>&nbsp;Du temps s&rsquo;est \u00e9coul\u00e9 depuis la finale, et apr\u00e8s y avoir beaucoup r\u00e9fl\u00e9chi, je veux vous annoncer \u00e0 tous que je prends ma retraite avec l&rsquo;\u00e9quipe nationale. C&rsquo;est une d\u00e9cision [\u2026] qui fait encore mal au plus profond de moi, mais je comprends que c&rsquo;est le moment<\/em>&nbsp;\u00bb, a \u00e9crit sur son compte Instagram l&rsquo;octuple Ballon d&rsquo;Or, meilleur buteur et joueur le plus cap\u00e9 de l&rsquo;histoire de la s\u00e9lection.<\/p>\n\n\n\n<p class=\"wp-block-paragraph\">Une d\u00e9cision qui lui&nbsp;<em>\u00ab fait \u00e9norm\u00e9ment de mal \u00bb,<\/em>&nbsp;mais qu&rsquo;il estime d\u00e9sormais n\u00e9cessaire.&nbsp;<em>\u00ab Je me suis vid\u00e9, je n&rsquo;ai plus rien \u00e0 donner et, en plus, de grands jeunes arrivent derri\u00e8re moi qui m\u00e9ritent d&rsquo;\u00eatre l\u00e0 \u00bb,<\/em>&nbsp;explique-t-il.<\/p>\n\n\n\n<p class=\"wp-block-paragraph\">Messi, qui \u00e0 39 ans joue toujours en club \u00e0 l&rsquo;<strong>Inter Miami<\/strong>, aux \u00c9tats-Unis, avait d\u00e9j\u00e0 pris une premi\u00e8re fois sa retraite internationale en 2016, avant de revenir pour le Mondial 2018 et de triompher quatre ans plus tard au Qatar.<\/p>\n\n\n\n<p class=\"wp-block-paragraph\">R\u00e9cemment, outre la finale perdue contre l&rsquo;Espagne le 19 juillet \u00e0 New York, l&rsquo;Argentin a \u00e9t\u00e9 tr\u00e8s affect\u00e9 par la mort de son p\u00e8re Jorge Messi, \u00e0 68 ans, affirmant mi-ao\u00fbt ne plus se voir jouer \u00ab<em>&nbsp;encore longtemps<\/em>&nbsp;\u00bb.<\/p>\n\n\n\n<p class=\"wp-block-paragraph\">Appel\u00e9 pour la premi\u00e8re fois en 2005, Messi aura disput\u00e9 207 matches avec l&rsquo;Argentine. En plus du Mondial au Qatar, il a remport\u00e9 la Copa Am\u00e9rica en 2021 et 2024.&nbsp;<\/p>\n","protected":false},"excerpt":{"rendered":"<p>Lionel Messi a annonc\u00e9 sur son compte Instagram lundi 31 ao\u00fbt qu\u2019il prend sa retraite internationale. Messi avait notamment remport\u00e9<\/p>\n","protected":false},"author":1,"featured_media":75766,"comment_status":"open","ping_status":"open","sticky":false,"template":"","format":"standard","meta":{"footnotes":""},"categories":[9],"tags":[],"class_list":["post-78006","post","type-post","status-publish","format-standard","has-post-thumbnail","hentry","category-sports"],"_links":{"self":[{"href":"https:\/\/dekkbi.com\/index.php?rest_route=\/wp\/v2\/posts\/78006","targetHints":{"allow":["GET"]}}],"collection":[{"href":"https:\/\/dekkbi.com\/index.php?rest_route=\/wp\/v2\/posts"}],"about":[{"href":"https:\/\/dekkbi.com\/index.php?rest_route=\/wp\/v2\/types\/post"}],"author":[{"embeddable":true,"href":"https:\/\/dekkbi.com\/index.php?rest_route=\/wp\/v2\/users\/1"}],"replies":[{"embeddable":true,"href":"https:\/\/dekkbi.com\/index.php?rest_route=%2Fwp%2Fv2%2Fcomments&post=78006"}],"version-history":[{"count":1,"href":"https:\/\/dekkbi.com\/index.php?rest_route=\/wp\/v2\/posts\/78006\/revisions"}],"predecessor-version":[{"id":78007,"href":"https:\/\/dekkbi.com\/index.php?rest_route=\/wp\/v2\/posts\/78006\/revisions\/78007"}],"wp:featuredmedia":[{"embeddable":true,"href":"https:\/\/dekkbi.com\/index.php?rest_route=\/wp\/v2\/media\/75766"}],"wp:attachment":[{"href":"https:\/\/dekkbi.com\/index.php?rest_route=%2Fwp%2Fv2%2Fmedia&parent=78006"}],"wp:term":[{"taxonomy":"category","embeddable":true,"href":"https:\/\/dekkbi.com\/index.php?rest_route=%2Fwp%2Fv2%2Fcategories&post=78006"},{"taxonomy":"post_tag","embeddable":true,"href":"https:\/\/dekkbi.com\/index.php?rest_route=%2Fwp%2Fv2%2Ftags&post=78006"}],"curies":[{"name":"wp","href":"https:\/\/api.w.org\/{rel}","templated":true}]}}