{"id":77998,"date":"2026-09-01T15:37:44","date_gmt":"2026-09-01T15:37:44","guid":{"rendered":"https:\/\/dekkbi.com\/?p=77998"},"modified":"2026-09-01T15:37:45","modified_gmt":"2026-09-01T15:37:45","slug":"mercato-habib-diallo-quitte-le-fc-metz-et-rejoint-le-mans","status":"publish","type":"post","link":"https:\/\/dekkbi.com\/?p=77998","title":{"rendered":"Mercato : Habib Diallo quitte le FC Metz et rejoint Le Mans"},"content":{"rendered":"\n<p class=\"wp-block-paragraph\">Habib Diallo quitte officiellement le FC Metz et rejoint Le Mans FC. L\u2019attaquant s\u00e9n\u00e9galais s\u2019est engag\u00e9 pour trois saisons avec le club promu en Ligue 1.<\/p>\n\n\n\n<p class=\"wp-block-paragraph\">Le d\u00e9part du joueur de 31 ans intervient alors qu\u2019il \u00e9tait progressivement rel\u00e9gu\u00e9 au second plan dans la hi\u00e9rarchie offensive messine. Depuis le d\u00e9but de la saison, Habib Diallo a \u00e9t\u00e9 peu utilis\u00e9 par Luc Holtz. Il \u00e9tait entr\u00e9 en jeu \u00e0 la 79e minute lors de la premi\u00e8re journ\u00e9e de Ligue 2 face \u00e0 Guingamp (2-1), en remplacement de Pape Moussa Fall. Lors de la deuxi\u00e8me journ\u00e9e contre Grenoble (0-0), il avait disput\u00e9 la rencontre en entrant de nouveau en jeu \u00e0 la place de Pape Moussa Fall, juste apr\u00e8s la pause. Rest\u00e9 sur le banc lors de la troisi\u00e8me journ\u00e9e face \u00e0 Laval (1-1), il n\u2019avait ensuite pas \u00e9t\u00e9 retenu dans le groupe pour le d\u00e9placement \u00e0 Annecy (1-1).<\/p>\n\n\n\n<p class=\"wp-block-paragraph\">Dans le m\u00eame temps, la concurrence s\u2019\u00e9tait renforc\u00e9e avec le retour de Pape Moussa Fall au FC Metz apr\u00e8s son pr\u00eat \u00e0 La Louvi\u00e8re. Le S\u00e9n\u00e9galais va donc tourner la page de son retour en Lorraine, qu\u2019il avait retrouv\u00e9 en ao\u00fbt 2025. Form\u00e9 \u00e0 G\u00e9n\u00e9ration Foot, Habib Diallo avait rejoint le FC Metz en 2015. Apr\u00e8s un pr\u00eat au Stade Brestois lors de la saison 2017-2018, il s\u2019\u00e9tait d\u00e9finitivement impos\u00e9 sous les couleurs messines avant de poursuivre sa carri\u00e8re au RC Strasbourg, puis en Arabie saoudite avec Al-Shabab FC. Il avait \u00e9galement \u00e9t\u00e9 pr\u00eat\u00e9 \u00e0 Damac FC avant de retrouver le FC Metz en ao\u00fbt 2025. L\u2019international s\u00e9n\u00e9galais va d\u00e9sormais tenter de relancer sa carri\u00e8re avec Le Mans en Ligue 1.<\/p>\n\n\n\n<p class=\"wp-block-paragraph\">SOURCE WIWSPORT<\/p>\n","protected":false},"excerpt":{"rendered":"<p>Habib Diallo quitte officiellement le FC Metz et rejoint Le Mans FC. L\u2019attaquant s\u00e9n\u00e9galais s\u2019est engag\u00e9 pour trois saisons avec<\/p>\n","protected":false},"author":1,"featured_media":11044,"comment_status":"open","ping_status":"open","sticky":false,"template":"","format":"standard","meta":{"footnotes":""},"categories":[9],"tags":[],"class_list":["post-77998","post","type-post","status-publish","format-standard","has-post-thumbnail","hentry","category-sports"],"_links":{"self":[{"href":"https:\/\/dekkbi.com\/index.php?rest_route=\/wp\/v2\/posts\/77998","targetHints":{"allow":["GET"]}}],"collection":[{"href":"https:\/\/dekkbi.com\/index.php?rest_route=\/wp\/v2\/posts"}],"about":[{"href":"https:\/\/dekkbi.com\/index.php?rest_route=\/wp\/v2\/types\/post"}],"author":[{"embeddable":true,"href":"https:\/\/dekkbi.com\/index.php?rest_route=\/wp\/v2\/users\/1"}],"replies":[{"embeddable":true,"href":"https:\/\/dekkbi.com\/index.php?rest_route=%2Fwp%2Fv2%2Fcomments&post=77998"}],"version-history":[{"count":1,"href":"https:\/\/dekkbi.com\/index.php?rest_route=\/wp\/v2\/posts\/77998\/revisions"}],"predecessor-version":[{"id":77999,"href":"https:\/\/dekkbi.com\/index.php?rest_route=\/wp\/v2\/posts\/77998\/revisions\/77999"}],"wp:featuredmedia":[{"embeddable":true,"href":"https:\/\/dekkbi.com\/index.php?rest_route=\/wp\/v2\/media\/11044"}],"wp:attachment":[{"href":"https:\/\/dekkbi.com\/index.php?rest_route=%2Fwp%2Fv2%2Fmedia&parent=77998"}],"wp:term":[{"taxonomy":"category","embeddable":true,"href":"https:\/\/dekkbi.com\/index.php?rest_route=%2Fwp%2Fv2%2Fcategories&post=77998"},{"taxonomy":"post_tag","embeddable":true,"href":"https:\/\/dekkbi.com\/index.php?rest_route=%2Fwp%2Fv2%2Ftags&post=77998"}],"curies":[{"name":"wp","href":"https:\/\/api.w.org\/{rel}","templated":true}]}}