{"id":77996,"date":"2026-09-01T15:34:47","date_gmt":"2026-09-01T15:34:47","guid":{"rendered":"https:\/\/dekkbi.com\/?p=77996"},"modified":"2026-09-01T15:34:48","modified_gmt":"2026-09-01T15:34:48","slug":"yewwi-askan-wi-cheikh-tidiane-youm-pointe-le-non-respect-des-accords-par-pastef","status":"publish","type":"post","link":"https:\/\/dekkbi.com\/?p=77996","title":{"rendered":"Yewwi\u00a0Askan Wi : Cheikh\u00a0Tidiane\u00a0YOUM\u00a0pointe le non-respect des accords par\u00a0PASTEF"},"content":{"rendered":"\n<p class=\"wp-block-paragraph\">Le coordonnateur du Parti de l\u2019unit\u00e9 et du rassemblement (PUR), Cheikh Ahmed Tidiane&nbsp;YOUM&nbsp;a r\u00e9affirm\u00e9, lundi,&nbsp;la p\u00e9rennit\u00e9 de la coalition&nbsp;Yewwi&nbsp;Askan Wi (YAW), tout en d\u00e9plorant l\u2019attitude de son partenaire&nbsp;PASTEF&nbsp;lors du dernier scrutin pr\u00e9sidentiel.<\/p>\n\n\n\n<p class=\"wp-block-paragraph\">S\u2019exprimant sur l\u2019avenir de l\u2019alliance de l\u2019opposition, M.\u00a0YOUM\u00a0a soulign\u00e9 que la stabilit\u00e9 de\u00a0la coalition\u00a0repose sur l\u2019autorit\u00e9 morale du guide des\u00a0Moustarchidines\u00a0Wal\u00a0Moustarchidaty, affirmant que\u00a0<em>\u00ab le socle de la coalition\u00a0Yewwi Askan Wi est Serigne Moustapha Sy \u00bb.<\/em><\/p>\n\n\n\n<p class=\"wp-block-paragraph\">Il\u00a0a toutefois exprim\u00e9 ses regrets quant aux choix strat\u00e9giques de\u00a0PASTEF, pr\u00e9cisant qu\u2019un accord pr\u00e9voyait une candidature commune au sein de la coalition, mais que la formation alli\u00e9e a\u00a0<em>\u00ab choisi de faire cavalier seul<\/em>\u00a0\u00bb.<\/p>\n\n\n\n<p class=\"wp-block-paragraph\">Malgr\u00e9 ces frictions et les r\u00e9centes mutations politiques, le coordonnateur du PUR s\u2019est voulu rassurant sur l\u2019avenir de l\u2019attelage politique, promettant une r\u00e9organisation de&nbsp;YewwiAskan Wi pour lui redonner toute sa place sur l\u2019\u00e9chiquier politique s\u00e9n\u00e9galais.<\/p>\n\n\n\n<p class=\"wp-block-paragraph\"><strong>Liboire SAGNA<\/strong><\/p>\n","protected":false},"excerpt":{"rendered":"<p>Le coordonnateur du Parti de l\u2019unit\u00e9 et du rassemblement (PUR), Cheikh Ahmed Tidiane&nbsp;YOUM&nbsp;a r\u00e9affirm\u00e9, lundi,&nbsp;la p\u00e9rennit\u00e9 de la coalition&nbsp;Yewwi&nbsp;Askan Wi<\/p>\n","protected":false},"author":1,"featured_media":53689,"comment_status":"open","ping_status":"open","sticky":false,"template":"","format":"standard","meta":{"footnotes":""},"categories":[6],"tags":[],"class_list":["post-77996","post","type-post","status-publish","format-standard","has-post-thumbnail","hentry","category-politics"],"_links":{"self":[{"href":"https:\/\/dekkbi.com\/index.php?rest_route=\/wp\/v2\/posts\/77996","targetHints":{"allow":["GET"]}}],"collection":[{"href":"https:\/\/dekkbi.com\/index.php?rest_route=\/wp\/v2\/posts"}],"about":[{"href":"https:\/\/dekkbi.com\/index.php?rest_route=\/wp\/v2\/types\/post"}],"author":[{"embeddable":true,"href":"https:\/\/dekkbi.com\/index.php?rest_route=\/wp\/v2\/users\/1"}],"replies":[{"embeddable":true,"href":"https:\/\/dekkbi.com\/index.php?rest_route=%2Fwp%2Fv2%2Fcomments&post=77996"}],"version-history":[{"count":1,"href":"https:\/\/dekkbi.com\/index.php?rest_route=\/wp\/v2\/posts\/77996\/revisions"}],"predecessor-version":[{"id":77997,"href":"https:\/\/dekkbi.com\/index.php?rest_route=\/wp\/v2\/posts\/77996\/revisions\/77997"}],"wp:featuredmedia":[{"embeddable":true,"href":"https:\/\/dekkbi.com\/index.php?rest_route=\/wp\/v2\/media\/53689"}],"wp:attachment":[{"href":"https:\/\/dekkbi.com\/index.php?rest_route=%2Fwp%2Fv2%2Fmedia&parent=77996"}],"wp:term":[{"taxonomy":"category","embeddable":true,"href":"https:\/\/dekkbi.com\/index.php?rest_route=%2Fwp%2Fv2%2Fcategories&post=77996"},{"taxonomy":"post_tag","embeddable":true,"href":"https:\/\/dekkbi.com\/index.php?rest_route=%2Fwp%2Fv2%2Ftags&post=77996"}],"curies":[{"name":"wp","href":"https:\/\/api.w.org\/{rel}","templated":true}]}}