{"id":77993,"date":"2026-09-01T15:31:05","date_gmt":"2026-09-01T15:31:05","guid":{"rendered":"https:\/\/dekkbi.com\/?p=77993"},"modified":"2026-09-01T15:31:06","modified_gmt":"2026-09-01T15:31:06","slug":"gamou-ndiassane-le-ministre-de-linterieur-prone-lunite-le-dialogue-et-le-respect","status":"publish","type":"post","link":"https:\/\/dekkbi.com\/?p=77993","title":{"rendered":"Gamou Ndiassane : Le ministre de l\u2019Int\u00e9rieur pr\u00f4ne l\u2019unit\u00e9, le dialogue et le respect"},"content":{"rendered":"\n<p class=\"wp-block-paragraph\">IGFM &#8211; (Dakar) L\u2019\u00c9tat du S\u00e9n\u00e9gal a \u00e9t\u00e9 repr\u00e9sent\u00e9 \u00e0 la c\u00e9r\u00e9monie officielle du Gamou de Ndiassane par le ministre de l\u2019Int\u00e9rieur et de la S\u00e9curit\u00e9 publique, Mouhamadou Makhtar Ciss\u00e9. \u00c0 cette occasion, il a pr\u00e9sent\u00e9 les condol\u00e9ances du gouvernement \u00e0 la famille Kounta, \u00e0 la suite du d\u00e9c\u00e8s du khalife g\u00e9n\u00e9ral des khadres, Cheikh Saadbouh Ould Mouhamed Taqiyoullah, survenu dimanche 30 ao\u00fbt 2026 \u00e0 l\u2019h\u00f4pital Principal de Dakar.<\/p>\n\n\n\n<p class=\"wp-block-paragraph\">Le ministre a salu\u00e9 la m\u00e9moire du d\u00e9funt avant de rendre hommage \u00e0 la famille Kounta et de rappeler son r\u00f4le dans la consolidation des valeurs religieuses et sociales au S\u00e9n\u00e9gal.<\/p>\n\n\n\n<p class=\"wp-block-paragraph\">Mouhamadou Makhtar Ciss\u00e9 a notamment soulign\u00e9 le r\u00f4le jou\u00e9 par le fondateur de Ndiassane, Cheikh Bouh Mouhamed Kounta, dans la diffusion de l\u2019islam et la transmission des enseignements du Proph\u00e8te Mouhamed (PSL). Il a \u00e9galement insist\u00e9 sur les contributions historiques de la famille Kounta \u00e0 la paix, \u00e0 la stabilit\u00e9 et \u00e0 l\u2019unit\u00e9 du S\u00e9n\u00e9gal.<\/p>\n\n\n\n<p class=\"wp-block-paragraph\">Le ministre a, par ailleurs, transmis les remerciements du Pr\u00e9sident de la R\u00e9publique, Bassirou Diomaye Faye, \u00e0 la famille Kountiyou, qu\u2019il a qualifi\u00e9e d\u2019exemplaire par son engagement en faveur de la coh\u00e9sion nationale.<\/p>\n\n\n\n<p class=\"wp-block-paragraph\">Profitant de cette tribune religieuse, le ministre de l\u2019Int\u00e9rieur a lanc\u00e9 un appel \u00e0 l\u2019unit\u00e9 et \u00e0 la pr\u00e9servation de la paix et de la stabilit\u00e9 du pays. Selon lui, les enseignements du Proph\u00e8te Mouhamed (PSL) doivent continuer \u00e0 guider les comportements et les rapports entre les citoyens.<\/p>\n\n\n\n<p class=\"wp-block-paragraph\">Mouhamadou Makhtar Ciss\u00e9 a \u00e9galement plaid\u00e9 pour le dialogue comme moyen de surmonter les crises et les divergences. \u00ab Certaines crises peuvent \u00eatre d\u00e9pass\u00e9es par le dialogue \u00bb, a-t-il notamment soulign\u00e9, invitant les S\u00e9n\u00e9galais \u00e0 privil\u00e9gier l\u2019\u00e9coute et la concertation.<\/p>\n\n\n\n<p class=\"wp-block-paragraph\">\u00c9voquant les perspectives de d\u00e9veloppement du S\u00e9n\u00e9gal, il a estim\u00e9 que le pays dispose de ressources humaines et naturelles suffisantes pour relever les d\u00e9fis auxquels il est confront\u00e9. Pour lui, le d\u00e9veloppement passe \u00e9galement par un retour aux valeurs enseign\u00e9es par le Proph\u00e8te Mouhamed (PSL), notamment la discipline, le respect, le travail et l\u2019\u00e9ducation.<\/p>\n\n\n\n<p class=\"wp-block-paragraph\">S\u2019adressant particuli\u00e8rement \u00e0 la jeunesse, le ministre l\u2019a invit\u00e9e \u00e0 faire du travail, du respect et de l\u2019\u00e9ducation les principaux leviers de son engagement et de sa r\u00e9ussite. Il a ainsi appel\u00e9 les jeunes \u00e0 se mobiliser autour de ces valeurs afin de contribuer pleinement au d\u00e9veloppement du S\u00e9n\u00e9gal.<\/p>\n","protected":false},"excerpt":{"rendered":"<p>IGFM &#8211; (Dakar) L\u2019\u00c9tat du S\u00e9n\u00e9gal a \u00e9t\u00e9 repr\u00e9sent\u00e9 \u00e0 la c\u00e9r\u00e9monie officielle du Gamou de Ndiassane par le ministre<\/p>\n","protected":false},"author":1,"featured_media":77994,"comment_status":"open","ping_status":"open","sticky":false,"template":"","format":"standard","meta":{"footnotes":""},"categories":[6],"tags":[],"class_list":["post-77993","post","type-post","status-publish","format-standard","has-post-thumbnail","hentry","category-politics"],"_links":{"self":[{"href":"https:\/\/dekkbi.com\/index.php?rest_route=\/wp\/v2\/posts\/77993","targetHints":{"allow":["GET"]}}],"collection":[{"href":"https:\/\/dekkbi.com\/index.php?rest_route=\/wp\/v2\/posts"}],"about":[{"href":"https:\/\/dekkbi.com\/index.php?rest_route=\/wp\/v2\/types\/post"}],"author":[{"embeddable":true,"href":"https:\/\/dekkbi.com\/index.php?rest_route=\/wp\/v2\/users\/1"}],"replies":[{"embeddable":true,"href":"https:\/\/dekkbi.com\/index.php?rest_route=%2Fwp%2Fv2%2Fcomments&post=77993"}],"version-history":[{"count":1,"href":"https:\/\/dekkbi.com\/index.php?rest_route=\/wp\/v2\/posts\/77993\/revisions"}],"predecessor-version":[{"id":77995,"href":"https:\/\/dekkbi.com\/index.php?rest_route=\/wp\/v2\/posts\/77993\/revisions\/77995"}],"wp:featuredmedia":[{"embeddable":true,"href":"https:\/\/dekkbi.com\/index.php?rest_route=\/wp\/v2\/media\/77994"}],"wp:attachment":[{"href":"https:\/\/dekkbi.com\/index.php?rest_route=%2Fwp%2Fv2%2Fmedia&parent=77993"}],"wp:term":[{"taxonomy":"category","embeddable":true,"href":"https:\/\/dekkbi.com\/index.php?rest_route=%2Fwp%2Fv2%2Fcategories&post=77993"},{"taxonomy":"post_tag","embeddable":true,"href":"https:\/\/dekkbi.com\/index.php?rest_route=%2Fwp%2Fv2%2Ftags&post=77993"}],"curies":[{"name":"wp","href":"https:\/\/api.w.org\/{rel}","templated":true}]}}