{"id":77990,"date":"2026-09-01T15:27:26","date_gmt":"2026-09-01T15:27:26","guid":{"rendered":"https:\/\/dekkbi.com\/?p=77990"},"modified":"2026-09-01T15:27:28","modified_gmt":"2026-09-01T15:27:28","slug":"relogement-des-impactes-de-la-mine-le-pari-reussi-deramet-gco","status":"publish","type":"post","link":"https:\/\/dekkbi.com\/?p=77990","title":{"rendered":"Relogement des impact\u00e9s de la mine : Le pari r\u00e9ussi d\u2019Eramet Gco"},"content":{"rendered":"\n<p class=\"wp-block-paragraph\"><strong>Au c\u0153ur de la r\u00e9gion des Niayes, le processus de r\u00e9installation des populations, men\u00e9 par l\u2019entreprise mini\u00e8re Eramet Grande C\u00f4te, sous le contr\u00f4le rigoureux de l\u2019Etat du S\u00e9n\u00e9gal, s\u2019affirme comme un mod\u00e8le de concertation, de transparence et de d\u00e9veloppement durable. Entre logements modernes, r\u00e9tablissement des moyens de subsistance agricole et cr\u00e9ation d\u2019infrastructures socio-\u00e9conomiques de base, retour sur une d\u00e9marche structurante qui transforme l\u2019inqui\u00e9tude initiale des communaut\u00e9s en un nouvel horizon d\u2019\u00e9panouissement.<\/strong><\/p>\n\n\n\n<p class=\"wp-block-paragraph\">Dans la r\u00e9gion strat\u00e9gique des Niayes, l\u2019exploitation des ressources mini\u00e8res soul\u00e8ve in\u00e9vitablement la question complexe de l\u2019occupation des sols et du maintien de la coh\u00e9sion sociale des terroirs. Lorsque les activit\u00e9s industrielles de la soci\u00e9t\u00e9 Eramet Grande C\u00f4te n\u00e9cessitent le d\u00e9placement de hameaux d\u2019habitation ancr\u00e9s dans l\u2019histoire locale, la pr\u00e9servation des conditions de vie des habitants devient l\u2019enjeu central de l\u2019intervention publique et priv\u00e9e. Loin des sch\u00e9mas d\u2019\u00e9viction autoritaire ou de rupture brutale, le processus de r\u00e9installation mis en \u0153uvre s\u2019inscrit dans un cadre institutionnel strictement encadr\u00e9 par l\u2019Etat du S\u00e9n\u00e9gal, plac\u00e9 sous l\u2019autorit\u00e9 directe du Pr\u00e9fet de d\u00e9partement. Ce processus responsable, transparent et con\u00adcert\u00e9 repose sur le respect scrupuleux des lois et r\u00e9glementations en vigueur, avec un objectif fondamental : garantir aux personnes impact\u00e9es non seulement la continuit\u00e9 de leur cadre de vie, mais surtout l\u2019acc\u00e8s \u00e0 des conditions d\u2019existence du\u00adrables et nettement am\u00e9lior\u00e9es.<\/p>\n\n\n\n<p class=\"wp-block-paragraph\">La doctrine de r\u00e9installation d\u00e9ploy\u00e9e sur le terrain s\u2019articule autour de deux piliers indissociables : le volet physique et le volet \u00e9conomique. La r\u00e9installation physique s\u2019attaque directement \u00e0 la pr\u00e9carit\u00e9 de l\u2019habitat traditionnel en substituant aux anciennes concessions des constructions en dur, dot\u00e9es de toutes les commodit\u00e9s contemporaines, notamment l\u2019acc\u00e8s direct au r\u00e9seau \u00e9lectrique. Les normes architecturales retenues \u00e9tablissent un standing minimal de type F3 \u2013c\u2019est-\u00e0-dire des habitations comprenant au moins trois chambres-, modulable et ajustable en fonction de la composition r\u00e9elle et de la taille de chaque m\u00e9nage.<\/p>\n\n\n\n<p class=\"wp-block-paragraph\">A ce jour, le bilan op\u00e9rationnel t\u00e9moigne de l\u2019ampleur des r\u00e9alisations : 628 maisons individuelles ont \u00e9t\u00e9 construites et livr\u00e9es au profit de 3500 personnes r\u00e9install\u00e9es dans le d\u00e9partement de Tivaouane ainsi que, plus r\u00e9cemment, dans le d\u00e9partement de K\u00e9\u00adb\u00e9mer. Cette m\u00e9tamorphose du cadre de vie r\u00e9sidentiel s\u2019accompagne d\u2019un volet de r\u00e9installation \u00e9conomique tout aussi rigoureux, ax\u00e9 sur l\u2019attribution de terres agricoles de remplacement afin de p\u00e9renniser les activit\u00e9s meuni\u00e8res et culturales de la zone.<\/p>\n\n\n\n<p class=\"wp-block-paragraph\">Le d\u00e9placement de populations implant\u00e9es depuis plusieurs g\u00e9n\u00e9rations ne constitue jamais un acte anodin. L\u2019an\u00adnonce d\u2019une d\u00e9localisation suscite in\u00e9vitablement des interrogations, du doute et une appr\u00e9hension l\u00e9gitime au sein des hameaux concern\u00e9s. Lorsque des familles ont v\u00e9cu pendant plus d\u2019un si\u00e8cle sur un m\u00eame site ancestral, la perspective de quitter leur terre d\u2019origine pour rejoindre un village nouvellement \u00e9difi\u00e9 fait na\u00eetre la crainte d\u2019une perte de rep\u00e8res et de qualit\u00e9 de vie, beaucoup estimant initialement que leur cadre traditionnel \u00e9tait pr\u00e9f\u00e9rable \u00e0 ce qui leur serait propos\u00e9.<\/p>\n\n\n\n<p class=\"wp-block-paragraph\">Pourtant, l\u2019\u00e9preuve des faits et l\u2019installation effective sur les nouveaux sites de recasement ont balay\u00e9 les r\u00e9serves initiales. Le constat dress\u00e9 aujourd\u2019hui par les r\u00e9sidents fait \u00e9tat d\u2019une am\u00e9lioration substantielle de leur quotidien. Les t\u00e9moignages recueillis sur place soulignent une satisfaction profonde face \u00e0 des installations modernes qui d\u00e9passent les attentes initiales. Tout ce qui avait \u00e9t\u00e9 annonc\u00e9 lors de la phase de cadrage du projet a \u00e9t\u00e9 concr\u00e8tement mis en \u0153uvre et rigoureusement respect\u00e9, conform\u00e9ment aux engagements pris d\u00e8s l\u2019origine par l\u2019entreprise mini\u00e8re et les pouvoirs publics.<\/p>\n\n\n\n<p class=\"wp-block-paragraph\"><strong>La concertation permanente et l\u2019accompagnement d\u2019une \u00abmine responsable\u00bb<\/strong><\/p>\n\n\n\n<p class=\"wp-block-paragraph\">Le succ\u00e8s d\u2019une telle entreprise repose avant tout sur l\u2019instauration d\u2019un dialogue communautaire permanent et structur\u00e9. L\u2019ensemble de la d\u00e9marche est co-pilot\u00e9 par deux commissions de concertation qui accompagnent continuellement les activit\u00e9s d\u2019Eramet Grande C\u00f4te pour toutes les questions li\u00e9es \u00e0 la d\u00e9localisation et au transfert vers les nouveaux sites. Dans la commune de Thi\u00e9p (d\u00e9partement de K\u00e9b\u00e9mer), le village de Kinine Alassane illustre parfaitement cette collaboration \u00e9troite : chaque \u00e9tape du processus, de l\u2019\u00e9valuation des besoins \u00e0 la prise de d\u00e9cision, fait l\u2019objet de discussions pr\u00e9alables, d\u2019\u00e9changes approfondis et de consultations interactives avec les repr\u00e9sentants locaux charg\u00e9s d\u2019assurer le consensus.<\/p>\n\n\n\n<p class=\"wp-block-paragraph\">L\u2019Etat du S\u00e9n\u00e9gal joue un r\u00f4le de garant vigilant aux c\u00f4t\u00e9s des populations, s\u2019assurant sans rel\u00e2che de la bonne ex\u00e9cution des obligations souscrites par l\u2019exploitant minier. Cette pr\u00e9sence institutionnelle permanente permet d\u2019offrir une s\u00e9curit\u00e9 juridique et sociale indispensable \u00e0 la r\u00e9ussite de la transition. \u00abTout ce qui avait \u00e9t\u00e9 annonc\u00e9 au d\u00e9but du projet a \u00e9t\u00e9 respect\u00e9 et mis en \u0153uvre conform\u00e9ment aux engagements pris par l\u2019Etat qui est toujours \u00e0 c\u00f4t\u00e9 des populations. Nous veillons \u00e0 ce que les engagements d\u2019Eramet Grande C\u00f4te soient donc respect\u00e9s envers les populations\u00bb, t\u00e9moigne Mamadou Oumou Ka, qui habite dans le village de Kinine Alassane, situ\u00e9 dans la commune de Thi\u00e9p, d\u00e9partement de K\u00e9b\u00e9\u00admer. Responsable du consensus au sein de la Commission de concertation de la commune de Thi\u00e9p. Il travaille \u00aben parfaite collaboration avec Eramet Grande C\u00f4te\u00bb sur les questions li\u00e9es au processus de d\u00e9placement et de r\u00e9installation des populations. \u00abToutes les \u00e9tapes ont fait l\u2019objet de discussions et de consultations avant chaque prise de d\u00e9cisions. Nous remercions Eramet Grande C\u00f4te pour les maisons qui nous ont \u00e9t\u00e9 attribu\u00e9es, ainsi que pour les bonnes conditions de r\u00e9installation mises en place.\u00bb<\/p>\n\n\n\n<p class=\"wp-block-paragraph\"><strong>Des infrastructures socio-\u00e9conomiques de base pour des terroirs durables<\/strong><br>La r\u00e9installation ne se limite pas \u00e0 la simple livraison de logements familiaux, elle vise la reconstruction int\u00e9grale du tissu social et des services essentiels indispensables \u00e0 la vie quotidienne d\u2019une communaut\u00e9. Dans les six sites de recasement d\u00e9j\u00e0 am\u00e9nag\u00e9s, la soci\u00e9t\u00e9 mini\u00e8re a proc\u00e9d\u00e9 \u00e0 la cr\u00e9ation d\u2019infrastructures socio-\u00e9conomiques majeures touchant \u00e0 l\u2019ensemble des dimensions de la vie sociale : construction d\u2019\u00e9coles primaires modernes pour l\u2019instruction publique et de daaras \u00e9quip\u00e9s pour la formation coranique des jeunes, \u00e9dification et mise en service de postes de sant\u00e9 de proximit\u00e9 pour assurer la prise en charge m\u00e9dicale des habitants, \u00e9rection de mosqu\u00e9es pour la pratique religieuse, de maisons communautaires pour les r\u00e9unions du village, de terrains de football pour la jeunesse, ainsi que l\u2019am\u00e9nagement de cimeti\u00e8res d\u00e9di\u00e9s, de march\u00e9s locaux pour favoriser le commerce et r\u00e9alisation de pistes de d\u00e9senclavement destin\u00e9es \u00e0 faciliter la mobilit\u00e9 et la circulation des personnes et des biens entre les diff\u00e9rents hameaux.<\/p>\n\n\n\n<p class=\"wp-block-paragraph\"><strong>R\u00e9tablissement des moyens de subsistance et transition \u00e9nerg\u00e9tique<\/strong><br>Afin de restaurer et consolider l\u2019autonomie \u00e9conomique des m\u00e9nages d\u00e9plac\u00e9s, un programme sp\u00e9cifique de soutien agricole a \u00e9t\u00e9 d\u00e9ploy\u00e9. Chaque m\u00e9nage r\u00e9install\u00e9 b\u00e9n\u00e9ficie de l\u2019octroi de terres agricoles de remplacement \u00e0 raison d\u2019un demi-hectare par foyer. La qualit\u00e9 agronomique de ces sols attribu\u00e9s s\u2019av\u00e8re particuli\u00e8rement \u00e9lev\u00e9e, garantissant un potentiel de rendement remarquable.<br>Pour assurer une exploitation optimale et durable de ces surfaces cultivables, les parcelles sont directement \u00e9quip\u00e9es de mini-forages autonomes aliment\u00e9s par des kits solaires photovolta\u00efques. Cette combinaison d\u2019acc\u00e8s ma\u00eetris\u00e9 \u00e0 l\u2019eau et d\u2019\u00e9nergie propre permet aux producteurs locaux de d\u00e9velopper une agriculture p\u00e9renne, moderne et respectueuse de l\u2019environnement, s\u00e9curisant ainsi leurs revenus futurs.<\/p>\n\n\n\n<p class=\"wp-block-paragraph\"><strong>Un investissement massif au service de l\u2019avenir<\/strong><br>L\u2019effort financier consacr\u00e9 \u00e0 ce vaste programme d\u2019am\u00e9nagement et de restauration sociale refl\u00e8te l\u2019ampleur des ambitions port\u00e9es par la compagnie. Sur la p\u00e9riode allant de 2024 \u00e0 2026, la soci\u00e9t\u00e9 mini\u00e8re Eramet Grande C\u00f4te a mobilis\u00e9 une enveloppe budg\u00e9taire globale de pr\u00e8s de 3, 5 milliards de francs Cfa. Ce montant cons\u00e9quent est d\u00e9di\u00e9 \u00e0 la prise en charge de la construction de logements neufs, \u00e0 l\u2019acquisition des nouvelles assiettes fonci\u00e8res, ainsi qu\u2019au financement complet du volet de r\u00e9tablissement des moyens de subsistance.<br>A travers ces investissements structurants, l\u2019entreprise entend \u00e9riger les sites de recasement en v\u00e9ritables terroirs durables, d\u00e9montrant qu\u2019une exploitation mini\u00e8re responsable peut et doit constituer un levier de progr\u00e8s social, d\u2019\u00e9quit\u00e9 territoriale et de d\u00e9veloppement humain harmonieux pour l\u2019ensemble des communaut\u00e9s h\u00f4tes au S\u00e9n\u00e9gal.<\/p>\n","protected":false},"excerpt":{"rendered":"<p>Au c\u0153ur de la r\u00e9gion des Niayes, le processus de r\u00e9installation des populations, men\u00e9 par l\u2019entreprise mini\u00e8re Eramet Grande C\u00f4te,<\/p>\n","protected":false},"author":1,"featured_media":77991,"comment_status":"open","ping_status":"open","sticky":false,"template":"","format":"standard","meta":{"footnotes":""},"categories":[3],"tags":[],"class_list":["post-77990","post","type-post","status-publish","format-standard","has-post-thumbnail","hentry","category-event-more-news"],"_links":{"self":[{"href":"https:\/\/dekkbi.com\/index.php?rest_route=\/wp\/v2\/posts\/77990","targetHints":{"allow":["GET"]}}],"collection":[{"href":"https:\/\/dekkbi.com\/index.php?rest_route=\/wp\/v2\/posts"}],"about":[{"href":"https:\/\/dekkbi.com\/index.php?rest_route=\/wp\/v2\/types\/post"}],"author":[{"embeddable":true,"href":"https:\/\/dekkbi.com\/index.php?rest_route=\/wp\/v2\/users\/1"}],"replies":[{"embeddable":true,"href":"https:\/\/dekkbi.com\/index.php?rest_route=%2Fwp%2Fv2%2Fcomments&post=77990"}],"version-history":[{"count":1,"href":"https:\/\/dekkbi.com\/index.php?rest_route=\/wp\/v2\/posts\/77990\/revisions"}],"predecessor-version":[{"id":77992,"href":"https:\/\/dekkbi.com\/index.php?rest_route=\/wp\/v2\/posts\/77990\/revisions\/77992"}],"wp:featuredmedia":[{"embeddable":true,"href":"https:\/\/dekkbi.com\/index.php?rest_route=\/wp\/v2\/media\/77991"}],"wp:attachment":[{"href":"https:\/\/dekkbi.com\/index.php?rest_route=%2Fwp%2Fv2%2Fmedia&parent=77990"}],"wp:term":[{"taxonomy":"category","embeddable":true,"href":"https:\/\/dekkbi.com\/index.php?rest_route=%2Fwp%2Fv2%2Fcategories&post=77990"},{"taxonomy":"post_tag","embeddable":true,"href":"https:\/\/dekkbi.com\/index.php?rest_route=%2Fwp%2Fv2%2Ftags&post=77990"}],"curies":[{"name":"wp","href":"https:\/\/api.w.org\/{rel}","templated":true}]}}