{"id":77984,"date":"2026-09-01T15:20:00","date_gmt":"2026-09-01T15:20:00","guid":{"rendered":"https:\/\/dekkbi.com\/?p=77984"},"modified":"2026-09-01T15:20:01","modified_gmt":"2026-09-01T15:20:01","slug":"diourbel-le-ministre-de-lurbanisme-annonce-la-poursuite-des-travaux-dassainissement","status":"publish","type":"post","link":"https:\/\/dekkbi.com\/?p=77984","title":{"rendered":"Diourbel : le ministre de l\u2019Urbanisme annonce la poursuite des travaux d\u2019assainissement"},"content":{"rendered":"\n<p class=\"wp-block-paragraph\">Diourbel, (APS) \u2013 Le ministre de l\u2019Urbanisme, des Collectivit\u00e9s territoriales et de l\u2019Am\u00e9nagement des territoires, Balla Moussa Fofana, s\u2019est r\u00e9joui, mardi, de l\u2019avancement des travaux d\u2019assainissement \u00e0 Diourbel (centre), annon\u00e7ant la poursuite des interventions pour am\u00e9liorer la gestion des eaux pluviales et pr\u00e9venir les risques d\u2019inondation.<\/p>\n\n\n\n<p class=\"wp-block-paragraph\">Lors d\u2019une visite des chantiers d\u2019assainissement, il a indiqu\u00e9 que les travaux du march\u00e9 de Ndoumb\u00e9 Diop sont r\u00e9alis\u00e9s \u00e0 70%. Il a pr\u00e9cis\u00e9 qu\u2019il reste \u00e0 traiter un point bas par la mise en place d\u2019une canalisation en b\u00e9ton destin\u00e9e \u00e0 assurer la jonction avec le r\u00e9seau d\u00e9j\u00e0 am\u00e9nag\u00e9 jusqu\u2019aux exutoires des anciennes carri\u00e8res.&nbsp;<\/p>\n\n\n\n<p class=\"wp-block-paragraph\">\u2018\u2019D\u2019ici le 20 septembre, on devrait terminer ce travail\u201d, a-t-il annonc\u00e9, faisant savoir que l\u2019entreprise en charge de cet ouvrage attend la production sur commande des tuyaux n\u00e9cessaires.<\/p>\n\n\n\n<p class=\"wp-block-paragraph\">Le ministre a insist\u00e9 sur l\u2019urgence de r\u00e9gler ce point critique avant la fin du mois de septembre, afin d\u2019\u00e9viter que les eaux d\u00e9sormais drain\u00e9es vers \u2018\u2019K\u00e0mbi Suuf\u2019\u2019, au sud-ouest de la ville de Diourbel, ne cr\u00e9ent de nouvelles difficult\u00e9s pour les populations de cette zone.<\/p>\n\n\n\n<p class=\"wp-block-paragraph\">Balla Moussa Fofana a salu\u00e9 l\u2019accompagnement du gouverneur de r\u00e9gion, Ibrahima Fall, et des services r\u00e9gionaux, ainsi que l\u2019implication de l\u2019entreprise AGETIP, l\u2019agence d\u2019ex\u00e9cution des travaux publics, dans le projet.<\/p>\n\n\n\n<p class=\"wp-block-paragraph\">Il a \u00e9galement annonc\u00e9 la volont\u00e9 des pouvoirs publics de poursuivre les travaux l\u2019ann\u00e9e prochaine, apr\u00e8s une premi\u00e8re phase d\u2019un montant d\u2019environ deux milliards de francs CFA et portant sur pr\u00e8s de trois kilom\u00e8tres de lin\u00e9aire.<\/p>\n\n\n\n<p class=\"wp-block-paragraph\">\u2018\u2019Notre objectif est que Diourbel puisse avoir un syst\u00e8me qui lui permet de g\u00e9rer l\u2019ensemble des risques au niveau des eaux\u2019\u2019, a-t-il soulign\u00e9, \u00e9voquant une extension des interventions vers les quartiers de Pikine et Keur Cheikh, puis Keur Goumack.<\/p>\n\n\n\n<p class=\"wp-block-paragraph\">Le ministre a par ailleurs appel\u00e9 \u00e0 une approche globale fond\u00e9e sur les \u00e9tudes hydrauliques, topographiques et l\u2019expertise scientifique, afin de mieux ma\u00eetriser les \u00e9coulements et les exutoires naturels.<\/p>\n\n\n\n<p class=\"wp-block-paragraph\">Il a indiqu\u00e9 que la gestion des eaux doit \u00e9galement servir de levier au d\u00e9veloppement \u00e9conomique et touristique, de Diourbel, \u00e0 travers notamment le mara\u00eechage et les activit\u00e9s piscicoles.<\/p>\n\n\n\n<p class=\"wp-block-paragraph\">\u2018\u2019Les eaux sont pour moi une b\u00e9n\u00e9diction du Seigneur. Maintenant, c\u2019est \u00e0 nous, les hommes, d\u2019en g\u00e9rer le risque et de profiter des opportunit\u00e9s\u2019\u2019, a-t-il d\u00e9clar\u00e9.<\/p>\n\n\n\n<p class=\"wp-block-paragraph\">A Diourbel, le ministre, accompagn\u00e9 du gouverneur de r\u00e9gion, Ibrahima Fall, des autorit\u00e9s administratives, des chefs de service, entre autres, a visit\u00e9 successivement le march\u00e9 Ndoumb\u00e9 Diop et l\u2019exutoire de K\u00e0mbi Suuf, deux sites strat\u00e9giques du dispositif de drainage des eaux pluviales dans cette commune du centre du S\u00e9n\u00e9gal.<\/p>\n\n\n\n<p class=\"wp-block-paragraph\">MNF\/ABB<\/p>\n","protected":false},"excerpt":{"rendered":"<p>Diourbel, (APS) \u2013 Le ministre de l\u2019Urbanisme, des Collectivit\u00e9s territoriales et de l\u2019Am\u00e9nagement des territoires, Balla Moussa Fofana, s\u2019est r\u00e9joui,<\/p>\n","protected":false},"author":1,"featured_media":77985,"comment_status":"open","ping_status":"open","sticky":false,"template":"","format":"standard","meta":{"footnotes":""},"categories":[3],"tags":[],"class_list":["post-77984","post","type-post","status-publish","format-standard","has-post-thumbnail","hentry","category-event-more-news"],"_links":{"self":[{"href":"https:\/\/dekkbi.com\/index.php?rest_route=\/wp\/v2\/posts\/77984","targetHints":{"allow":["GET"]}}],"collection":[{"href":"https:\/\/dekkbi.com\/index.php?rest_route=\/wp\/v2\/posts"}],"about":[{"href":"https:\/\/dekkbi.com\/index.php?rest_route=\/wp\/v2\/types\/post"}],"author":[{"embeddable":true,"href":"https:\/\/dekkbi.com\/index.php?rest_route=\/wp\/v2\/users\/1"}],"replies":[{"embeddable":true,"href":"https:\/\/dekkbi.com\/index.php?rest_route=%2Fwp%2Fv2%2Fcomments&post=77984"}],"version-history":[{"count":1,"href":"https:\/\/dekkbi.com\/index.php?rest_route=\/wp\/v2\/posts\/77984\/revisions"}],"predecessor-version":[{"id":77986,"href":"https:\/\/dekkbi.com\/index.php?rest_route=\/wp\/v2\/posts\/77984\/revisions\/77986"}],"wp:featuredmedia":[{"embeddable":true,"href":"https:\/\/dekkbi.com\/index.php?rest_route=\/wp\/v2\/media\/77985"}],"wp:attachment":[{"href":"https:\/\/dekkbi.com\/index.php?rest_route=%2Fwp%2Fv2%2Fmedia&parent=77984"}],"wp:term":[{"taxonomy":"category","embeddable":true,"href":"https:\/\/dekkbi.com\/index.php?rest_route=%2Fwp%2Fv2%2Fcategories&post=77984"},{"taxonomy":"post_tag","embeddable":true,"href":"https:\/\/dekkbi.com\/index.php?rest_route=%2Fwp%2Fv2%2Ftags&post=77984"}],"curies":[{"name":"wp","href":"https:\/\/api.w.org\/{rel}","templated":true}]}}