{"id":77982,"date":"2026-09-01T15:16:16","date_gmt":"2026-09-01T15:16:16","guid":{"rendered":"https:\/\/dekkbi.com\/?p=77982"},"modified":"2026-09-01T15:16:17","modified_gmt":"2026-09-01T15:16:17","slug":"apres-des-mois-de-silence-amadou-ba-remet-ses-pions-sur-lechiquier-reseaux-reactives-bases-remobilisees-et-bataille-de-2027-en-ligne-de-mire-les-coulisses-dune-reconquet","status":"publish","type":"post","link":"https:\/\/dekkbi.com\/?p=77982","title":{"rendered":"Apr\u00e8s des mois de silence, Amadou B\u00e2 remet ses pions sur l\u2019\u00e9chiquier : r\u00e9seaux r\u00e9activ\u00e9s, bases remobilis\u00e9es et bataille de 2027 en ligne de mire\u2026 les coulisses d\u2019une reconqu\u00eate politique"},"content":{"rendered":"\n<h3 class=\"wp-block-heading\">Apr\u00e8s plusieurs mois de retrait, Amadou B\u00e2 multiplie les signaux d\u2019un retour progressif sur le devant de la sc\u00e8ne politique. Visites, rencontres avec ses anciens relais, r\u00e9organisation de ses bases et r\u00e9flexion autour des alliances : selon L\u2019Observateur, l\u2019ancien Premier ministre semble pr\u00e9parer m\u00e9thodiquement une nouvelle s\u00e9quence politique, avec les prochaines \u00e9ch\u00e9ances \u00e9lectorales en toile de fond.<\/h3>\n\n\n\n<p class=\"wp-block-paragraph\">Longtemps discret apr\u00e8s l\u2019\u00e9lection pr\u00e9sidentielle de 2024, Amadou B\u00e2 para\u00eet d\u00e9sormais d\u00e9termin\u00e9 \u00e0 reprendre pied dans le jeu politique s\u00e9n\u00e9galais. Selon L\u2019Observateur, les mouvements enregistr\u00e9s ces derniers mois autour de l\u2019ancien Premier ministre ne rel\u00e8veraient pas d\u2019une simple succession de visites de courtoisie. Ils s\u2019inscriraient dans une strat\u00e9gie plus large visant \u00e0 reconstruire un appareil politique, renouer avec les bases et pr\u00e9parer les futures batailles \u00e9lectorales.<br><br>De Dakar \u00e0 Podor, les rencontres se multiplient. Amadou B\u00e2 reprend contact avec des responsables politiques, d\u2019anciens collaborateurs et diff\u00e9rentes personnalit\u00e9s. Ses d\u00e9placements \u00e0 l\u2019int\u00e9rieur du pays, ses visites ainsi que son activit\u00e9 progressivement plus visible traduisent, aux yeux de plusieurs observateurs interrog\u00e9s par le quotidien, une volont\u00e9 de retisser les mailles d\u2019un r\u00e9seau politique qui avait perdu en visibilit\u00e9 apr\u00e8s la pr\u00e9sidentielle.<br><br>L\u2019ancien chef du gouvernement semble ainsi vouloir reprendre possession de ses relais territoriaux tout en examinant les possibilit\u00e9s d\u2019alliances susceptibles de se dessiner \u00e0 l\u2019approche des prochaines \u00e9ch\u00e9ances. Apr\u00e8s une p\u00e9riode durant laquelle il a essentiellement observ\u00e9 l\u2019\u00e9volution de la sc\u00e8ne politique, Amadou B\u00e2 remettrait progressivement ses pions sur l\u2019\u00e9chiquier.<br><br>L\u2019Observateur rappelle que l\u2019ancien candidat \u00e0 la pr\u00e9sidentielle a \u00e9galement clarifi\u00e9, \u00e0 la fin du mois de mai, son positionnement dans l\u2019opposition. Depuis, son mouvement s\u2019est acc\u00e9l\u00e9r\u00e9 dans un paysage domin\u00e9 par le pouvoir issu de la pr\u00e9sidentielle de 2024 et par le tandem Bassirou Diomaye Faye-Ousmane Sonko.<br><br>Pour Dr Malako Kant\u00e9, enseignant-chercheur et philosophe politique \u00e0 l\u2019Universit\u00e9 Cheikh Anta Diop, cette reprise d\u2019activit\u00e9 r\u00e9pond d\u2019abord \u00e0 une n\u00e9cessit\u00e9 politique : ne pas dispara\u00eetre du d\u00e9bat public. Une absence prolong\u00e9e peut finir par provoquer un effacement, y compris aupr\u00e8s de ses propres partisans. La question n\u2019est donc plus seulement d\u2019exister m\u00e9diatiquement, mais de reconstruire une organisation capable de peser.<br><br>C\u2019est pr\u00e9cis\u00e9ment sur ce terrain qu\u2019Amadou B\u00e2 semble vouloir avancer. Selon l\u2019analyse rapport\u00e9e par L\u2019Observateur, l\u2019enjeu consiste \u00e0 reconstituer un appareil politique \u00e0 travers la consolidation des structures locales, la remobilisation des responsables et une pr\u00e9sence r\u00e9guli\u00e8re dans les r\u00e9gions. Une m\u00e9thode qui rappelle, selon Dr Kant\u00e9, le patient travail territorial men\u00e9 autrefois par Macky Sall avant que l\u2019Alliance pour la R\u00e9publique ne devienne une puissante machine \u00e9lectorale.<br><br>L\u2019objectif serait de progresser quartier apr\u00e8s quartier, commune apr\u00e8s commune et responsable apr\u00e8s responsable. Car \u00eatre connu du public ne suffit pas : pour gagner une \u00e9lection, encore faut-il disposer de relais capables de mobiliser concr\u00e8tement les \u00e9lecteurs.<br><br>Le calendrier politique donne davantage de relief \u00e0 cette strat\u00e9gie. Djibril Diop, journaliste et analyste politique cit\u00e9 par L\u2019Observateur, estime que les d\u00e9placements d\u2019Amadou B\u00e2 pr\u00e9sentent un int\u00e9r\u00eat \u00e9vident dans la perspective des prochaines \u00e9ch\u00e9ances nationales, notamment les L\u00e9gislatives annonc\u00e9es pour 2027.<br><br>L\u2019ancien Premier ministre aurait donc int\u00e9r\u00eat \u00e0 utiliser le temps disponible pour identifier ses relais, consolider ses bases, renouer avec d\u2019anciens compagnons et mesurer pr\u00e9cis\u00e9ment son influence dans les diff\u00e9rentes localit\u00e9s.<br><br>Cette offensive territoriale intervient parall\u00e8lement \u00e0 une recomposition de l\u2019opposition. L\u2019annonce r\u00e9cente d\u2019une coalition autour de Barth\u00e9lemy Dias constitue notamment un \u00e9l\u00e9ment nouveau dans le paysage. Pour Amadou B\u00e2, la question sera de d\u00e9terminer la position qu\u2019il souhaite occuper dans cette nouvelle architecture : rejoindre un ensemble d\u00e9j\u00e0 constitu\u00e9 ou b\u00e2tir un p\u00f4le suffisamment puissant pour n\u00e9gocier avec les autres forces \u00e0 partir d\u2019une position favorable.<br><br>Selon Djibril Diop, l\u2019ancien Premier ministre pourrait chercher \u00e0 \u00e9viter d\u2019\u00eatre un simple \u00e9l\u00e9ment du d\u00e9cor. Son int\u00e9r\u00eat serait plut\u00f4t de disposer d\u2019une force politique suffisamment importante pour compter lors d\u2019\u00e9ventuelles n\u00e9gociations et, \u00e9ventuellement, favoriser une recomposition d\u2019une partie de l\u2019opposition autour de sa personne.<br><br>La question des alliances s\u2019annonce ainsi d\u00e9terminante. Dans un paysage politique fortement polaris\u00e9, Amadou B\u00e2 pourrait tenter d\u2019incarner une alternative. Son exp\u00e9rience institutionnelle, son passage \u00e0 la t\u00eate du gouvernement et son statut d\u2019ancien candidat arriv\u00e9 deuxi\u00e8me \u00e0 la pr\u00e9sidentielle de 2024 constituent des atouts. Mais ces \u00e9l\u00e9ments devront d\u00e9sormais \u00eatre transform\u00e9s en dynamique politique durable.<br><br>L\u2019\u00e9quation est d\u2019autant plus complexe qu\u2019au S\u00e9n\u00e9gal, plusieurs grandes victoires \u00e9lectorales des derni\u00e8res d\u00e9cennies ont \u00e9t\u00e9 obtenues \u00e0 travers des coalitions. L\u2019ancien Premier ministre devra donc consolider sa propre organisation tout en pr\u00e9parant les conditions de futurs rapprochements.<br><br>Reste un facteur essentiel : le temps. Revenir sur la sc\u00e8ne politique est une premi\u00e8re \u00e9tape. S\u2019y installer durablement en est une autre. Amadou B\u00e2 devra convaincre ses militants, rassurer ses responsables, attirer de nouvelles forces et d\u00e9montrer que son camp conserve une v\u00e9ritable capacit\u00e9 de mobilisation.<\/p>\n\n\n\n<p class=\"wp-block-paragraph\">SOURCE DAKARACU<\/p>\n","protected":false},"excerpt":{"rendered":"<p>Apr\u00e8s plusieurs mois de retrait, Amadou B\u00e2 multiplie les signaux d\u2019un retour progressif sur le devant de la sc\u00e8ne politique.<\/p>\n","protected":false},"author":1,"featured_media":38530,"comment_status":"open","ping_status":"open","sticky":false,"template":"","format":"standard","meta":{"footnotes":""},"categories":[6],"tags":[],"class_list":["post-77982","post","type-post","status-publish","format-standard","has-post-thumbnail","hentry","category-politics"],"_links":{"self":[{"href":"https:\/\/dekkbi.com\/index.php?rest_route=\/wp\/v2\/posts\/77982","targetHints":{"allow":["GET"]}}],"collection":[{"href":"https:\/\/dekkbi.com\/index.php?rest_route=\/wp\/v2\/posts"}],"about":[{"href":"https:\/\/dekkbi.com\/index.php?rest_route=\/wp\/v2\/types\/post"}],"author":[{"embeddable":true,"href":"https:\/\/dekkbi.com\/index.php?rest_route=\/wp\/v2\/users\/1"}],"replies":[{"embeddable":true,"href":"https:\/\/dekkbi.com\/index.php?rest_route=%2Fwp%2Fv2%2Fcomments&post=77982"}],"version-history":[{"count":1,"href":"https:\/\/dekkbi.com\/index.php?rest_route=\/wp\/v2\/posts\/77982\/revisions"}],"predecessor-version":[{"id":77983,"href":"https:\/\/dekkbi.com\/index.php?rest_route=\/wp\/v2\/posts\/77982\/revisions\/77983"}],"wp:featuredmedia":[{"embeddable":true,"href":"https:\/\/dekkbi.com\/index.php?rest_route=\/wp\/v2\/media\/38530"}],"wp:attachment":[{"href":"https:\/\/dekkbi.com\/index.php?rest_route=%2Fwp%2Fv2%2Fmedia&parent=77982"}],"wp:term":[{"taxonomy":"category","embeddable":true,"href":"https:\/\/dekkbi.com\/index.php?rest_route=%2Fwp%2Fv2%2Fcategories&post=77982"},{"taxonomy":"post_tag","embeddable":true,"href":"https:\/\/dekkbi.com\/index.php?rest_route=%2Fwp%2Fv2%2Ftags&post=77982"}],"curies":[{"name":"wp","href":"https:\/\/api.w.org\/{rel}","templated":true}]}}