{"id":77977,"date":"2026-09-01T10:51:28","date_gmt":"2026-09-01T10:51:28","guid":{"rendered":"https:\/\/dekkbi.com\/?p=77977"},"modified":"2026-09-01T10:51:28","modified_gmt":"2026-09-01T10:51:28","slug":"bignona-darou-salam-cherif-doit-beneficier-du-programme-de-modernisation-des-villes-religieuses-selon-un-elu-local","status":"publish","type":"post","link":"https:\/\/dekkbi.com\/?p=77977","title":{"rendered":"Bignona : Darou Salam Cherif doit b\u00e9n\u00e9ficier du programme de modernisation des villes religieuses, selon un \u00e9lu local"},"content":{"rendered":"\n<p class=\"wp-block-paragraph\">Darou Salam Ch\u00e9rif,  (APS) \u2013 L\u2019Etat doit inscrire Darou Salam Ch\u00e9rif, un foyer religieux du d\u00e9partement de Bignona (sud), dans la liste des localit\u00e9s devant b\u00e9n\u00e9ficier du Programme national d\u2019am\u00e9nagement et de modernisation des villes religieuses, a plaid\u00e9 Alassane Diatta, maire de la commune de Kataba 1, dont d\u00e9pend ce village.<\/p>\n\n\n\n<p class=\"wp-block-paragraph\">\u201dNous pensons que l\u2019Etat doit inscrire Darou Salam Ch\u00e9rif dans la liste des localit\u00e9s devant b\u00e9n\u00e9ficier du Programme national d\u2019am\u00e9nagement et de modernisation des villes religieuses, au regard de l\u2019importance qu\u2019elle joue au sein de la Oumma islamique, \u00e0 travers les enseignements qui y sont dispens\u00e9s depuis plusieurs d\u00e9cennies\u201d, a-t-il dit.<\/p>\n\n\n\n<p class=\"wp-block-paragraph\">L\u2019\u00e9dile intervenait \u00e0 l\u2019occasion de la c\u00e9r\u00e9monie officielle de la ziarra annuelle de Cherif Cheikhna Cheikh Mahfouz A\u00efdara, lundi, en pr\u00e9sence du ministre des Forces arm\u00e9es, Yankhoba Di\u00e9m\u00e9, et de plusieurs autorit\u00e9s dont le gouverneur de la r\u00e9gion de Ziguinchor, Mor Talla Tine.<\/p>\n\n\n\n<p class=\"wp-block-paragraph\">Alassane Diatta a rappel\u00e9 que la famille ch\u00e9rifienne de Darou Salam Ch\u00e9rif a beaucoup apport\u00e9 \u00e0 la communaut\u00e9 musulmane, \u00e0 travers les enseignements de ses diff\u00e9rents khalifes, sans compter sa contribution au d\u00e9veloppement \u00e9conomique du pays.<\/p>\n\n\n\n<p class=\"wp-block-paragraph\">Il a plaid\u00e9 pour l\u2019accompagnement de cette famille religieuse, avec la construction de la route qui m\u00e8ne \u00e0 cette cit\u00e9 religieuse du d\u00e9partement de Bignona, dont l\u2019\u00e9tat est jug\u00e9 \u201ccatastrophique\u201d.<\/p>\n\n\n\n<p class=\"wp-block-paragraph\">\u201dDarou Salam Ch\u00e9rif doit b\u00e9n\u00e9ficier du mat\u00e9riel agricole dont les populations ont besoin, de m\u00eame que le khalife de la famille et ses disciples, pour d\u00e9velopper l\u2019agriculture. Ce village manque de tout, avec l\u2019\u00e9lectricit\u00e9 qui ne peut pas couvrir tous les besoins des populations\u201d, a lanc\u00e9 Alassane Diatta.<\/p>\n\n\n\n<p class=\"wp-block-paragraph\">Le maire a annonc\u00e9 que la municipalit\u00e9 qu\u2019il dirige envisage, l\u2019ann\u00e9e prochaine, de d\u00e9marrer la r\u00e9fection des diff\u00e9rents mausol\u00e9es du village, dont les \u00e9tudes ont \u00e9t\u00e9 faites par l\u2019entrepreneur.<\/p>\n\n\n\n<p class=\"wp-block-paragraph\">Des p\u00e8lerins venus des pays frontaliers, de la Gambie et de la Guin\u00e9e Bissau notamment, ont assist\u00e9 \u00e0 la ziarra annuelle de Darou Salam Ch\u00e9rif, qui s\u2019est tenue dimanche et lundi.<\/p>\n\n\n\n<p class=\"wp-block-paragraph\">AT\/HK\/BK<\/p>\n","protected":false},"excerpt":{"rendered":"<p>Darou Salam Ch\u00e9rif, (APS) \u2013 L\u2019Etat doit inscrire Darou Salam Ch\u00e9rif, un foyer religieux du d\u00e9partement de Bignona (sud), dans<\/p>\n","protected":false},"author":1,"featured_media":77978,"comment_status":"open","ping_status":"open","sticky":false,"template":"","format":"standard","meta":{"footnotes":""},"categories":[21],"tags":[],"class_list":["post-77977","post","type-post","status-publish","format-standard","has-post-thumbnail","hentry","category-societe"],"_links":{"self":[{"href":"https:\/\/dekkbi.com\/index.php?rest_route=\/wp\/v2\/posts\/77977","targetHints":{"allow":["GET"]}}],"collection":[{"href":"https:\/\/dekkbi.com\/index.php?rest_route=\/wp\/v2\/posts"}],"about":[{"href":"https:\/\/dekkbi.com\/index.php?rest_route=\/wp\/v2\/types\/post"}],"author":[{"embeddable":true,"href":"https:\/\/dekkbi.com\/index.php?rest_route=\/wp\/v2\/users\/1"}],"replies":[{"embeddable":true,"href":"https:\/\/dekkbi.com\/index.php?rest_route=%2Fwp%2Fv2%2Fcomments&post=77977"}],"version-history":[{"count":1,"href":"https:\/\/dekkbi.com\/index.php?rest_route=\/wp\/v2\/posts\/77977\/revisions"}],"predecessor-version":[{"id":77979,"href":"https:\/\/dekkbi.com\/index.php?rest_route=\/wp\/v2\/posts\/77977\/revisions\/77979"}],"wp:featuredmedia":[{"embeddable":true,"href":"https:\/\/dekkbi.com\/index.php?rest_route=\/wp\/v2\/media\/77978"}],"wp:attachment":[{"href":"https:\/\/dekkbi.com\/index.php?rest_route=%2Fwp%2Fv2%2Fmedia&parent=77977"}],"wp:term":[{"taxonomy":"category","embeddable":true,"href":"https:\/\/dekkbi.com\/index.php?rest_route=%2Fwp%2Fv2%2Fcategories&post=77977"},{"taxonomy":"post_tag","embeddable":true,"href":"https:\/\/dekkbi.com\/index.php?rest_route=%2Fwp%2Fv2%2Ftags&post=77977"}],"curies":[{"name":"wp","href":"https:\/\/api.w.org\/{rel}","templated":true}]}}