{"id":77969,"date":"2026-09-01T10:00:14","date_gmt":"2026-09-01T10:00:14","guid":{"rendered":"https:\/\/dekkbi.com\/?p=77969"},"modified":"2026-09-01T10:12:27","modified_gmt":"2026-09-01T10:12:27","slug":"medina-baye-en-deuil-cheikh-mouhamadoul-macky-niass-nest-plus","status":"publish","type":"post","link":"https:\/\/dekkbi.com\/?p=77969","title":{"rendered":"D\u00e9c\u00e8s de Cheikh Macky Ibrahima Niass, l\u2019une des figures de la Fayda Tidjaniya \u00e0 M\u00e9dina Baye"},"content":{"rendered":"\n<p class=\"wp-block-paragraph\">Dakar, (APS) \u2013 Cheikh Mouhamadou Macky Ibrahima Niass, fils de Cheikh Ibrahima Niass est rappel\u00e9 \u00e0 Dieu lundi au Maroc \u00e0 l\u2019\u00e2ge de 83 ans des suites d\u2019une maladie, a appris l\u2019APS de sources concordantes.<\/p>\n\n\n\n<p class=\"wp-block-paragraph\">N\u00e9 en 1943 \u00e0 M\u00e9dina Baye, Cheikh Macky Ibrahima Niass \u00e9tait une figure religieuse tr\u00e8s remarqu\u00e9e dans la Hadara de la Fayda Tidjaniya. Il animait plusieurs causeries et pr\u00eaches sur le Proph\u00e8te Mouhamad (PSL) avec une intonation vocale qui rappelle celle de son v\u00e9n\u00e9r\u00e9 p\u00e8re.<\/p>\n\n\n\n<p class=\"wp-block-paragraph\">Apr\u00e8s avoir m\u00e9moris\u00e9 le Saint Coran chez son p\u00e8re, il est vite orient\u00e9 dans les \u00e9tudes islamiques. Cheikh Macky Ibrahima Niass est d\u2019abord parti en Mauritanie avant d\u2019int\u00e9grer l\u2019universit\u00e9 islamique Al Azhar du Caire en Egypte o\u00f9 il obtient son dipl\u00f4me en 1976.<\/p>\n\n\n\n<p class=\"wp-block-paragraph\">De retour au S\u00e9n\u00e9gal, un an apr\u00e8s le d\u00e9c\u00e8s de son p\u00e8re Cheikh Ibrahima Niass, il int\u00e9gra l\u2019Ecole normale sup\u00e9rieure du S\u00e9n\u00e9gal o\u00f9 il obtint son dipl\u00f4me apr\u00e8s deux ann\u00e9es de formation.<\/p>\n\n\n\n<p class=\"wp-block-paragraph\">Il devient par la suite enseignant de la langue arabe dans plusieurs coll\u00e8ges d\u2019enseignement moyen \u00e0 Kaolack avant de prendre sa retraite.<\/p>\n\n\n\n<p class=\"wp-block-paragraph\">Depuis plusieurs ann\u00e9es, il se consacre dans la transmission de savoirs. Il \u00e9tait devenu l\u2019une des figures de la Fayda gr\u00e2ce \u00e0 son r\u00f4le d\u2019animateur de plusieurs manifestations religieuses.<\/p>\n\n\n\n<p class=\"wp-block-paragraph\">MTN<\/p>\n\n\n\n<p class=\"wp-block-paragraph\"><\/p>\n","protected":false},"excerpt":{"rendered":"<p>Dakar, (APS) \u2013 Cheikh Mouhamadou Macky Ibrahima Niass, fils de Cheikh Ibrahima Niass est rappel\u00e9 \u00e0 Dieu lundi au Maroc<\/p>\n","protected":false},"author":1,"featured_media":77970,"comment_status":"open","ping_status":"open","sticky":false,"template":"","format":"standard","meta":{"footnotes":""},"categories":[26],"tags":[],"class_list":["post-77969","post","type-post","status-publish","format-standard","has-post-thumbnail","hentry","category-fait-divers"],"_links":{"self":[{"href":"https:\/\/dekkbi.com\/index.php?rest_route=\/wp\/v2\/posts\/77969","targetHints":{"allow":["GET"]}}],"collection":[{"href":"https:\/\/dekkbi.com\/index.php?rest_route=\/wp\/v2\/posts"}],"about":[{"href":"https:\/\/dekkbi.com\/index.php?rest_route=\/wp\/v2\/types\/post"}],"author":[{"embeddable":true,"href":"https:\/\/dekkbi.com\/index.php?rest_route=\/wp\/v2\/users\/1"}],"replies":[{"embeddable":true,"href":"https:\/\/dekkbi.com\/index.php?rest_route=%2Fwp%2Fv2%2Fcomments&post=77969"}],"version-history":[{"count":2,"href":"https:\/\/dekkbi.com\/index.php?rest_route=\/wp\/v2\/posts\/77969\/revisions"}],"predecessor-version":[{"id":77976,"href":"https:\/\/dekkbi.com\/index.php?rest_route=\/wp\/v2\/posts\/77969\/revisions\/77976"}],"wp:featuredmedia":[{"embeddable":true,"href":"https:\/\/dekkbi.com\/index.php?rest_route=\/wp\/v2\/media\/77970"}],"wp:attachment":[{"href":"https:\/\/dekkbi.com\/index.php?rest_route=%2Fwp%2Fv2%2Fmedia&parent=77969"}],"wp:term":[{"taxonomy":"category","embeddable":true,"href":"https:\/\/dekkbi.com\/index.php?rest_route=%2Fwp%2Fv2%2Fcategories&post=77969"},{"taxonomy":"post_tag","embeddable":true,"href":"https:\/\/dekkbi.com\/index.php?rest_route=%2Fwp%2Fv2%2Ftags&post=77969"}],"curies":[{"name":"wp","href":"https:\/\/api.w.org\/{rel}","templated":true}]}}