{"id":77967,"date":"2026-09-01T09:56:01","date_gmt":"2026-09-01T09:56:01","guid":{"rendered":"https:\/\/dekkbi.com\/?p=77967"},"modified":"2026-09-01T09:56:02","modified_gmt":"2026-09-01T09:56:02","slug":"ndiassane-le-gamou-2026-place-sous-le-signe-de-lethique-prophetique","status":"publish","type":"post","link":"https:\/\/dekkbi.com\/?p=77967","title":{"rendered":"Ndiassane: le Gamou 2026 plac\u00e9 sous le signe de l\u2019\u00e9thique proph\u00e9tique"},"content":{"rendered":"\n<p class=\"wp-block-paragraph\">La cit\u00e9 religieuse de Ndiassane accueille, ce mardi 1er septembre 2026, le Gamou annuel de la famille Kountiyou. Cette manifestation religieuse, qui rassemble chaque ann\u00e9e des milliers de fid\u00e8les venus du S\u00e9n\u00e9gal et de plusieurs pays, est consacr\u00e9e \u00e0 la c\u00e9l\u00e9bration de la naissance du Proph\u00e8te Mouhamed (PSL) et \u00e0 la transmission des enseignements de l\u2019islam.<\/p>\n\n\n\n<p class=\"wp-block-paragraph\">Plac\u00e9e sous le th\u00e8me \u00ab L\u2019\u00e9thique proph\u00e9tique face aux crises contemporaines \u00bb, cette \u00e9dition entend mettre l\u2019accent sur les enseignements et les vertus du Proph\u00e8te (PSL), dans un contexte mondial marqu\u00e9 par de multiples crises. Les r\u00e9flexions porteront notamment sur les valeurs, l\u2019\u00e9thique, le comportement et la responsabilit\u00e9 face aux d\u00e9fis de la soci\u00e9t\u00e9 contemporaine.<\/p>\n\n\n\n<p class=\"wp-block-paragraph\">Selon le comit\u00e9 scientifique \u00ab Rawdul Has\u012bb \u00bb de la communaut\u00e9 ahloul Kuntiy pr\u00e9sid\u00e9 par Serigne Abdourahmane Kounta, cette th\u00e9matique invite \u00e0 un dialogue entre le mod\u00e8le moral du Proph\u00e8te Muhammad (Psl), transmis par le Coran, la Sunna et la tradition soufie et le monde actuel. Elle se veut \u00ab une r\u00e9ponse aux crises \u00e9thiques, sociales et spirituelles que traverse le monde contemporain \u00bb.<\/p>\n\n\n\n<p class=\"wp-block-paragraph\"><strong>A.N<\/strong><\/p>\n","protected":false},"excerpt":{"rendered":"<p>La cit\u00e9 religieuse de Ndiassane accueille, ce mardi 1er septembre 2026, le Gamou annuel de la famille Kountiyou. Cette manifestation<\/p>\n","protected":false},"author":1,"featured_media":12188,"comment_status":"open","ping_status":"open","sticky":false,"template":"","format":"standard","meta":{"footnotes":""},"categories":[21],"tags":[],"class_list":["post-77967","post","type-post","status-publish","format-standard","has-post-thumbnail","hentry","category-societe"],"_links":{"self":[{"href":"https:\/\/dekkbi.com\/index.php?rest_route=\/wp\/v2\/posts\/77967","targetHints":{"allow":["GET"]}}],"collection":[{"href":"https:\/\/dekkbi.com\/index.php?rest_route=\/wp\/v2\/posts"}],"about":[{"href":"https:\/\/dekkbi.com\/index.php?rest_route=\/wp\/v2\/types\/post"}],"author":[{"embeddable":true,"href":"https:\/\/dekkbi.com\/index.php?rest_route=\/wp\/v2\/users\/1"}],"replies":[{"embeddable":true,"href":"https:\/\/dekkbi.com\/index.php?rest_route=%2Fwp%2Fv2%2Fcomments&post=77967"}],"version-history":[{"count":1,"href":"https:\/\/dekkbi.com\/index.php?rest_route=\/wp\/v2\/posts\/77967\/revisions"}],"predecessor-version":[{"id":77968,"href":"https:\/\/dekkbi.com\/index.php?rest_route=\/wp\/v2\/posts\/77967\/revisions\/77968"}],"wp:featuredmedia":[{"embeddable":true,"href":"https:\/\/dekkbi.com\/index.php?rest_route=\/wp\/v2\/media\/12188"}],"wp:attachment":[{"href":"https:\/\/dekkbi.com\/index.php?rest_route=%2Fwp%2Fv2%2Fmedia&parent=77967"}],"wp:term":[{"taxonomy":"category","embeddable":true,"href":"https:\/\/dekkbi.com\/index.php?rest_route=%2Fwp%2Fv2%2Fcategories&post=77967"},{"taxonomy":"post_tag","embeddable":true,"href":"https:\/\/dekkbi.com\/index.php?rest_route=%2Fwp%2Fv2%2Ftags&post=77967"}],"curies":[{"name":"wp","href":"https:\/\/api.w.org\/{rel}","templated":true}]}}