{"id":77965,"date":"2026-09-01T09:50:45","date_gmt":"2026-09-01T09:50:45","guid":{"rendered":"https:\/\/dekkbi.com\/?p=77965"},"modified":"2026-09-01T09:50:46","modified_gmt":"2026-09-01T09:50:46","slug":"mouvement-dhumeur-dans-la-sante-le-sames-en-greve-les-8-et-9-septembre","status":"publish","type":"post","link":"https:\/\/dekkbi.com\/?p=77965","title":{"rendered":"Mouvement d\u2019humeur dans la Sant\u00e9 : Le Sames en gr\u00e8ve les 8 et 9 septembre"},"content":{"rendered":"\n<p class=\"wp-block-paragraph\"><strong>Face au mutisme du gouvernement et apr\u00e8s l\u2019expiration de son pr\u00e9avis de gr\u00e8ve en ao\u00fbt dernier, le Syndicat autonome des m\u00e9decins, pharmaciens et chirurgiens-dentistes du S\u00e9n\u00e9gal (Sames) monte au cr\u00e9neau. Le syndicat annonce un arr\u00eat total du travail les mardi 8 et mercredi 9 septembre 2026, tout en garantissant le service minimum et la prise en charge des urgences.<\/strong><\/p>\n\n\n\n<p class=\"wp-block-paragraph\"><strong>Par Amadou MBODJI \u2013<\/strong>\u00a0Le Syndicat autonome des m\u00e9decins, pharmaciens et chirurgiens-dentistes du S\u00e9n\u00e9gal (Sames) passe \u00e0 la vitesse sup\u00e9rieure. Pour exiger la satisfaction de sa plateforme revendicative, la structure syndicale compte observer un mot d\u2019ordre de gr\u00e8ve de 48 heures \u00e0 compter du 8 septembre. \u00abLa communication est en cours, comme en atteste cette conf\u00e9rence de presse. Il y aura des points de presse locaux, men\u00e9s par les bureaux de zone et de section d\u00e8s le 2 septembre, afin de r\u00e9ussir la gr\u00e8ve totale de 48 heures d\u00e9cr\u00e9t\u00e9e les mardi 8 et mercredi 9 septembre 2026\u00bb, a d\u00e9clar\u00e9 hier le Secr\u00e9taire g\u00e9n\u00e9ral (Sg) du Sames, Dr Diabel Dram\u00e9, au si\u00e8ge de la Cnts.<\/p>\n\n\n\n<p class=\"wp-block-paragraph\">Il a pr\u00e9cis\u00e9 que des mesures d\u2019accompagnement seront appliqu\u00e9es durant le mouvement, notamment le respect strict du service minimum, la prise en charge des urgences et le port du brassard rouge par l\u2019ensemble des militants. Une \u00e9valuation aura lieu le 10 septembre pour d\u00e9terminer la suite \u00e0 donner au combat via le Bureau ex\u00e9cutif national.<\/p>\n\n\n\n<p class=\"wp-block-paragraph\">Pour le Sames, cette radicalisation est la cons\u00e9quence directe du mutisme des autorit\u00e9s face \u00e0 ses multiples relances. \u00abNotre d\u00e9marche n\u2019est ni une provocation ni un geste ordinaire, mais un acte de responsabilit\u00e9. Le Sames a tout mis en \u0153uvre pour \u00e9viter la confrontation. Aujourd\u2019hui, nous sommes contraints d\u2019agir parce que le silence est devenu une r\u00e9ponse inacceptable. Notre pr\u00e9avis de gr\u00e8ve a expir\u00e9 depuis le 9 ao\u00fbt. Nous avons attendu, esp\u00e9r\u00e9 et relanc\u00e9. Malheureusement, aucune r\u00e9ponse satisfaisante ne nous a \u00e9t\u00e9 apport\u00e9e\u00bb, a soulign\u00e9 le Dr Dram\u00e9.<\/p>\n\n\n\n<p class=\"wp-block-paragraph\">Revenant sur la gen\u00e8se du conflit, le Secr\u00e9taire g\u00e9n\u00e9ral a rappel\u00e9 qu\u2019\u00e0 la fin de l\u2019ann\u00e9e 2023, apr\u00e8s une tourn\u00e9e nationale, le Sames avait compil\u00e9 les attentes du terrain dans une plateforme revendicative transmise aux autorit\u00e9s. Si des discussions avaient d\u00e9marr\u00e9 avec l\u2019ancien r\u00e9gime, la situation politico-sociale du premier trimestre 2024 avait contraint les parties \u00e0 interrompre les n\u00e9gociations. Celles-ci portaient pourtant sur des urgences concr\u00e8tes : conditions de travail, r\u00e9gime indemnitaire, gestion des ressources humaines, formation et infrastructures.<\/p>\n\n\n\n<p class=\"wp-block-paragraph\">Apr\u00e8s l\u2019\u00e9lection pr\u00e9sidentielle, le Sames dit avoir d\u00e9lib\u00e9r\u00e9ment accord\u00e9 une p\u00e9riode de gr\u00e2ce aux nouvelles autorit\u00e9s afin de leur laisser le temps de s\u2019installer et de s\u2019approprier les dossiers. Le syndicat rappelle \u00e9galement qu\u2019\u2019en 2025, alors qu\u2019il \u00e9tait l\u00e9gitimement en mouvement, il avait accept\u00e9 de suspendre ses mots d\u2019ordre pour apaiser le climat social et participer de bonne foi \u00e0 l\u2019\u00e9laboration du Pacte de stabilit\u00e9 sociale.<\/p>\n\n\n\n<p class=\"wp-block-paragraph\"><strong>Un combat pour la sant\u00e9 publique<\/strong><\/p>\n\n\n\n<p class=\"wp-block-paragraph\">Pour Dr Diabel Dram\u00e9, les revendications actuelles ne sont pas de simples abstractions, mais le reflet du quotidien difficile des praticiens du secteur public et des usagers.<\/p>\n\n\n\n<p class=\"wp-block-paragraph\">\u00abD\u00e9fendre les conditions de travail des m\u00e9decins, c\u2019est garantir la qualit\u00e9 des soins. D\u00e9fendre la r\u00e9mun\u00e9ration des pharmaciens, c\u2019est assurer la disponibilit\u00e9 des m\u00e9dicaments. Revendiquer pour les chirurgiens-dentistes, c\u2019est pr\u00e9server la sant\u00e9 bucco-dentaire des populations\u00bb, a-t-il insist\u00e9, avant de conclure : \u00abUn syst\u00e8me de sant\u00e9 repose sur des femmes et des hommes qui travaillent souvent dans des conditions pr\u00e9caires, en zone urbaine comme en zone rurale. Il ne peut y avoir de syst\u00e8me performant sans des professionnels respect\u00e9s, prot\u00e9g\u00e9s, motiv\u00e9s et trait\u00e9s avec justice. Ce combat est avant tout un combat pour la sant\u00e9 publique et concerne l\u2019ensemble des S\u00e9n\u00e9galais.\u00bb<\/p>\n\n\n\n<p class=\"wp-block-paragraph\"><strong>ambodji@lequotidien.sn<\/strong><\/p>\n","protected":false},"excerpt":{"rendered":"<p>Face au mutisme du gouvernement et apr\u00e8s l\u2019expiration de son pr\u00e9avis de gr\u00e8ve en ao\u00fbt dernier, le Syndicat autonome des<\/p>\n","protected":false},"author":1,"featured_media":48703,"comment_status":"open","ping_status":"open","sticky":false,"template":"","format":"standard","meta":{"footnotes":""},"categories":[26],"tags":[],"class_list":["post-77965","post","type-post","status-publish","format-standard","has-post-thumbnail","hentry","category-fait-divers"],"_links":{"self":[{"href":"https:\/\/dekkbi.com\/index.php?rest_route=\/wp\/v2\/posts\/77965","targetHints":{"allow":["GET"]}}],"collection":[{"href":"https:\/\/dekkbi.com\/index.php?rest_route=\/wp\/v2\/posts"}],"about":[{"href":"https:\/\/dekkbi.com\/index.php?rest_route=\/wp\/v2\/types\/post"}],"author":[{"embeddable":true,"href":"https:\/\/dekkbi.com\/index.php?rest_route=\/wp\/v2\/users\/1"}],"replies":[{"embeddable":true,"href":"https:\/\/dekkbi.com\/index.php?rest_route=%2Fwp%2Fv2%2Fcomments&post=77965"}],"version-history":[{"count":1,"href":"https:\/\/dekkbi.com\/index.php?rest_route=\/wp\/v2\/posts\/77965\/revisions"}],"predecessor-version":[{"id":77966,"href":"https:\/\/dekkbi.com\/index.php?rest_route=\/wp\/v2\/posts\/77965\/revisions\/77966"}],"wp:featuredmedia":[{"embeddable":true,"href":"https:\/\/dekkbi.com\/index.php?rest_route=\/wp\/v2\/media\/48703"}],"wp:attachment":[{"href":"https:\/\/dekkbi.com\/index.php?rest_route=%2Fwp%2Fv2%2Fmedia&parent=77965"}],"wp:term":[{"taxonomy":"category","embeddable":true,"href":"https:\/\/dekkbi.com\/index.php?rest_route=%2Fwp%2Fv2%2Fcategories&post=77965"},{"taxonomy":"post_tag","embeddable":true,"href":"https:\/\/dekkbi.com\/index.php?rest_route=%2Fwp%2Fv2%2Ftags&post=77965"}],"curies":[{"name":"wp","href":"https:\/\/api.w.org\/{rel}","templated":true}]}}