{"id":77960,"date":"2026-09-01T09:45:11","date_gmt":"2026-09-01T09:45:11","guid":{"rendered":"https:\/\/dekkbi.com\/?p=77960"},"modified":"2026-09-01T10:01:00","modified_gmt":"2026-09-01T10:01:00","slug":"ouverture-de-la-session-extraordinaire-aujourdhui-sonko-met-lo-en-salle-dattente","status":"publish","type":"post","link":"https:\/\/dekkbi.com\/?p=77960","title":{"rendered":"Ouverture de la session extraordinaire aujourd\u2019hui : Sonko met L\u00f4 en salle d\u2019attente"},"content":{"rendered":"\n<p class=\"wp-block-paragraph\"><strong>Le calendrier l\u00e9gislatif reprend ses droits \u00e0 la Place Soweto. Alors que l\u2019Ex\u00e9cutif laissait entendre une tenue imminente de la D\u00e9claration de politique g\u00e9n\u00e9rale (Dpg) du Premier ministre d\u00e8s ce mardi, les d\u00e9put\u00e9s comptent bien imposer leur propre tempo. La s\u00e9ance pl\u00e9ni\u00e8re fix\u00e9e au 1er septembre ne servira qu\u2019\u00e0 l\u2019ouverture de la session, renvoyant le calendrier exact du grand oral \u00e0 l\u2019arbitrage de la Conf\u00e9rence des pr\u00e9sidents.<\/strong><\/p>\n\n\n\n<p class=\"wp-block-paragraph\">Les d\u00e9put\u00e9s sont officiellement convoqu\u00e9s en s\u00e9ance pl\u00e9ni\u00e8re ce mardi 1er septembre 2026 \u00e0 10h 00. Sign\u00e9 par la pr\u00e9sidence de l\u2019Assembl\u00e9e nationale, le document officiel fixe un ordre du jour pr\u00e9cis : l\u2019ouverture de la deuxi\u00e8me session extraordinaire de l\u2019ann\u00e9e 2026. Si l\u2019attention de l\u2019opinion publique est focalis\u00e9e sur la D\u00e9claration de politique g\u00e9n\u00e9rale (Dpg) du Premier ministre, cet exercice d\u00e9mocratique crucial ne se tiendra pas aujourd\u2019hui. L\u2019Assembl\u00e9e nationale entend proc\u00e9der avec m\u00e9thode et affirmer sa pr\u00e9rogative en mati\u00e8re de calendrier parlementaire.<\/p>\n\n\n\n<p class=\"wp-block-paragraph\"><strong>La Conf\u00e9rence des pr\u00e9sidents pour fixer le calendrier<\/strong><\/p>\n\n\n\n<p class=\"wp-block-paragraph\">En effet, alors que l\u2019Ex\u00e9cutif avait annonc\u00e9 l\u2019\u00e9ch\u00e9ance du 1er septembre pour le passage du chef du gouvernement devant la Repr\u00e9sentation nationale, les d\u00e9put\u00e9s ont tenu \u00e0 rappeler l\u2019autonomie de l\u2019institution.<\/p>\n\n\n\n<p class=\"wp-block-paragraph\">Dans la foul\u00e9e de la s\u00e9ance pl\u00e9ni\u00e8re d\u2019ouverture, l\u2019Assem\u00adbl\u00e9e nationale r\u00e9unira la Con\u00adf\u00e9rence des pr\u00e9sidents. C\u2019est cette instance souveraine qui sera charg\u00e9e d\u2019examiner l\u2019ordre du jour des travaux et d\u2019arr\u00eater formellement la date \u00e0 laquelle le Premier ministre viendra prononcer sa Dpg devant l\u2019H\u00e9micycle.<\/p>\n\n\n\n<p class=\"wp-block-paragraph\">A travers ce d\u00e9coupage de la proc\u00e9dure, le Pouvoir l\u00e9gislatif garde la main sur le calendrier institutionnel. Un rappel symbolique mais ferme que si l\u2019Ex\u00e9cutif fixe le cadre de la session extraordinaire, le timing exact des d\u00e9bats au sein de l\u2019H\u00e9micycle demeure du ressort exclusif des parlementaires.<\/p>\n","protected":false},"excerpt":{"rendered":"<p>Le calendrier l\u00e9gislatif reprend ses droits \u00e0 la Place Soweto. Alors que l\u2019Ex\u00e9cutif laissait entendre une tenue imminente de la<\/p>\n","protected":false},"author":1,"featured_media":76906,"comment_status":"open","ping_status":"open","sticky":false,"template":"","format":"standard","meta":{"footnotes":""},"categories":[6],"tags":[],"class_list":["post-77960","post","type-post","status-publish","format-standard","has-post-thumbnail","hentry","category-politics"],"_links":{"self":[{"href":"https:\/\/dekkbi.com\/index.php?rest_route=\/wp\/v2\/posts\/77960","targetHints":{"allow":["GET"]}}],"collection":[{"href":"https:\/\/dekkbi.com\/index.php?rest_route=\/wp\/v2\/posts"}],"about":[{"href":"https:\/\/dekkbi.com\/index.php?rest_route=\/wp\/v2\/types\/post"}],"author":[{"embeddable":true,"href":"https:\/\/dekkbi.com\/index.php?rest_route=\/wp\/v2\/users\/1"}],"replies":[{"embeddable":true,"href":"https:\/\/dekkbi.com\/index.php?rest_route=%2Fwp%2Fv2%2Fcomments&post=77960"}],"version-history":[{"count":1,"href":"https:\/\/dekkbi.com\/index.php?rest_route=\/wp\/v2\/posts\/77960\/revisions"}],"predecessor-version":[{"id":77961,"href":"https:\/\/dekkbi.com\/index.php?rest_route=\/wp\/v2\/posts\/77960\/revisions\/77961"}],"wp:featuredmedia":[{"embeddable":true,"href":"https:\/\/dekkbi.com\/index.php?rest_route=\/wp\/v2\/media\/76906"}],"wp:attachment":[{"href":"https:\/\/dekkbi.com\/index.php?rest_route=%2Fwp%2Fv2%2Fmedia&parent=77960"}],"wp:term":[{"taxonomy":"category","embeddable":true,"href":"https:\/\/dekkbi.com\/index.php?rest_route=%2Fwp%2Fv2%2Fcategories&post=77960"},{"taxonomy":"post_tag","embeddable":true,"href":"https:\/\/dekkbi.com\/index.php?rest_route=%2Fwp%2Fv2%2Ftags&post=77960"}],"curies":[{"name":"wp","href":"https:\/\/api.w.org\/{rel}","templated":true}]}}