{"id":77949,"date":"2026-08-31T14:35:28","date_gmt":"2026-08-31T14:35:28","guid":{"rendered":"https:\/\/dekkbi.com\/?p=77949"},"modified":"2026-08-31T14:35:29","modified_gmt":"2026-08-31T14:35:29","slug":"oignons-approvisionnement-et-stabilite-des-prix-le-gouvernement-senegalais-leve-officiellement-le-gel-des-importations-a-partir-de-ce-31-aout-apres-plus-de-sept-mois-de-regulation","status":"publish","type":"post","link":"https:\/\/dekkbi.com\/?p=77949","title":{"rendered":"Oignons , Approvisionnement et stabilit\u00e9 des prix : le gouvernement S\u00e9n\u00e9galais l\u00e8ve officiellement le gel des importations \u00e0 partir de ce 31 ao\u00fbt apr\u00e8s plus de sept mois de r\u00e9gulation"},"content":{"rendered":"\n<h3 class=\"wp-block-heading\">Le minist\u00e8re de l\u2019Industrie et du Commerce a annonc\u00e9, ce lundi 31 ao\u00fbt 2026, la lev\u00e9e officielle du gel des importations d\u2019oignons. Une d\u00e9cision prise apr\u00e8s plusieurs mois de r\u00e9gulation destin\u00e9s \u00e0 favoriser l\u2019\u00e9coulement de la production nationale et \u00e0 prot\u00e9ger les petits producteurs locaux.<\/h3>\n\n\n\n<p class=\"wp-block-paragraph\">Le march\u00e9 s\u00e9n\u00e9galais de l\u2019oignon entre dans une nouvelle phase. Dans un communiqu\u00e9 de presse dat\u00e9 du 31 ao\u00fbt 2026, le minist\u00e8re de l\u2019Industrie et du Commerce informe les op\u00e9rateurs \u00e9conomiques, les acteurs de la cha\u00eene de valeur ainsi que le public de la lev\u00e9e officielle de la mesure de gel des importations d\u2019oignons, \u00e0 compter de ce lundi.<br><br>Cette d\u00e9cision met fin \u00e0 une p\u00e9riode de r\u00e9gulation en vigueur depuis le 16 janvier 2026. Selon le minist\u00e8re, cette mesure avait notamment permis de privil\u00e9gier l\u2019\u00e9coulement de la production nationale et de prot\u00e9ger les d\u00e9bouch\u00e9s des petits producteurs locaux.<br><br>Apr\u00e8s plusieurs mois de fermeture temporaire du march\u00e9 aux importations, les autorit\u00e9s estiment d\u00e9sormais que l\u2019\u00e9volution des disponibilit\u00e9s locales justifie une r\u00e9ouverture.<br><br>Le minist\u00e8re explique que la lev\u00e9e du gel r\u00e9pond principalement \u00e0 la n\u00e9cessit\u00e9 de garantir un approvisionnement r\u00e9gulier et ad\u00e9quat du march\u00e9 int\u00e9rieur, tout en veillant au maintien d\u2019une stabilit\u00e9 des prix pour les consommateurs.<br><br>La d\u00e9cision intervient donc dans un contexte o\u00f9 les disponibilit\u00e9s de la production locale sont appel\u00e9es \u00e0 \u00e9voluer, rendant n\u00e9cessaire le recours aux importations pour assurer la continuit\u00e9 de l\u2019approvisionnement du pays.<br><br>Dans cette perspective, le minist\u00e8re de l\u2019Industrie et du Commerce invite les importateurs concern\u00e9s \u00e0 se rapprocher de l\u2019Agence de r\u00e9gulation des march\u00e9s (ARM) afin de prendre toutes les dispositions n\u00e9cessaires \u00e0 la mise en \u0153uvre effective de la nouvelle mesure.<br><br>Les autorit\u00e9s appellent parall\u00e8lement l\u2019ensemble des acteurs de la fili\u00e8re \u00e0 faire preuve de professionnalisme et de responsabilit\u00e9 dans l\u2019application de cette d\u00e9cision.<br><br>Le gouvernement entend ainsi trouver un \u00e9quilibre entre plusieurs imp\u00e9ratifs : soutenir la production nationale lorsque celle-ci est disponible en quantit\u00e9 suffisante, pr\u00e9server les d\u00e9bouch\u00e9s des producteurs locaux, garantir la disponibilit\u00e9 de l\u2019oignon sur les march\u00e9s et \u00e9viter des tensions sur les prix support\u00e9s par les consommateurs.<br><br>Avec la lev\u00e9e du gel annonc\u00e9e ce 31 ao\u00fbt, les importations d\u2019oignons peuvent donc reprendre sous la supervision des structures comp\u00e9tentes, notamment l\u2019ARM.<\/p>\n\n\n\n<figure class=\"wp-block-image is-resized\"><a href=\"javascript:void(0)\"><img decoding=\"async\" src=\"https:\/\/www.dakaractu.com\/photo\/art\/default\/97869843-68124331.jpg?v=1788182175\" alt=\"Oignons , Approvisionnement et stabilit\u00e9 des prix : le gouvernement S\u00e9n\u00e9galais l\u00e8ve officiellement le gel des importations \u00e0 partir de ce 31 ao\u00fbt apr\u00e8s plus de sept mois de r\u00e9gulation\" style=\"width:684px;height:auto\" title=\"Oignons , Approvisionnement et stabilit\u00e9 des prix : le gouvernement S\u00e9n\u00e9galais l\u00e8ve officiellement le gel des importations \u00e0 partir de ce 31 ao\u00fbt apr\u00e8s plus de sept mois de r\u00e9gulation\"\/><\/a><\/figure>\n\n\n\n<p class=\"wp-block-paragraph\">Autres articles<\/p>\n","protected":false},"excerpt":{"rendered":"<p>Le minist\u00e8re de l\u2019Industrie et du Commerce a annonc\u00e9, ce lundi 31 ao\u00fbt 2026, la lev\u00e9e officielle du gel des<\/p>\n","protected":false},"author":1,"featured_media":11086,"comment_status":"open","ping_status":"open","sticky":false,"template":"","format":"standard","meta":{"footnotes":""},"categories":[21],"tags":[],"class_list":["post-77949","post","type-post","status-publish","format-standard","has-post-thumbnail","hentry","category-societe"],"_links":{"self":[{"href":"https:\/\/dekkbi.com\/index.php?rest_route=\/wp\/v2\/posts\/77949","targetHints":{"allow":["GET"]}}],"collection":[{"href":"https:\/\/dekkbi.com\/index.php?rest_route=\/wp\/v2\/posts"}],"about":[{"href":"https:\/\/dekkbi.com\/index.php?rest_route=\/wp\/v2\/types\/post"}],"author":[{"embeddable":true,"href":"https:\/\/dekkbi.com\/index.php?rest_route=\/wp\/v2\/users\/1"}],"replies":[{"embeddable":true,"href":"https:\/\/dekkbi.com\/index.php?rest_route=%2Fwp%2Fv2%2Fcomments&post=77949"}],"version-history":[{"count":1,"href":"https:\/\/dekkbi.com\/index.php?rest_route=\/wp\/v2\/posts\/77949\/revisions"}],"predecessor-version":[{"id":77950,"href":"https:\/\/dekkbi.com\/index.php?rest_route=\/wp\/v2\/posts\/77949\/revisions\/77950"}],"wp:featuredmedia":[{"embeddable":true,"href":"https:\/\/dekkbi.com\/index.php?rest_route=\/wp\/v2\/media\/11086"}],"wp:attachment":[{"href":"https:\/\/dekkbi.com\/index.php?rest_route=%2Fwp%2Fv2%2Fmedia&parent=77949"}],"wp:term":[{"taxonomy":"category","embeddable":true,"href":"https:\/\/dekkbi.com\/index.php?rest_route=%2Fwp%2Fv2%2Fcategories&post=77949"},{"taxonomy":"post_tag","embeddable":true,"href":"https:\/\/dekkbi.com\/index.php?rest_route=%2Fwp%2Fv2%2Ftags&post=77949"}],"curies":[{"name":"wp","href":"https:\/\/api.w.org\/{rel}","templated":true}]}}