{"id":77940,"date":"2026-08-31T13:13:58","date_gmt":"2026-08-31T13:13:58","guid":{"rendered":"https:\/\/dekkbi.com\/?p=77940"},"modified":"2026-08-31T13:13:59","modified_gmt":"2026-08-31T13:13:59","slug":"podor-pose-de-la-premiere-pierre-dun-complexe-islamique-estime-a-700-millions-de-francs","status":"publish","type":"post","link":"https:\/\/dekkbi.com\/?p=77940","title":{"rendered":"Podor: pose de la premi\u00e8re pierre d\u2019un complexe islamique estim\u00e9 \u00e0 700 millions de francs"},"content":{"rendered":"\n<p class=\"wp-block-paragraph\">Saint-Louis,  (APS) \u2013 Un complexe d\u00e9di\u00e9 \u00e0 la religion, \u00e0 l\u2019\u00e9ducation et \u00e0 la formation professionnelle, d\u2019un co\u00fbt estim\u00e9 \u00e0 700 millions de francs CFA, sera implant\u00e9 \u00e0 Podor, a appris l\u2019APS aupr\u00e8s des promoteurs.<\/p>\n\n\n\n<p class=\"wp-block-paragraph\">Selon El Hadj Moussa Thiam, pr\u00e9sident de la Commission logistique et construction de l\u2019Association pour la r\u00e9novation du centre islamique (ARCIP), le projet dont la pose de la premi\u00e8re pierre a eu lieu vendredi, pr\u00e9voit notamment la construction d\u2019une mosqu\u00e9e, d\u2019un \u201ddaara\u201d (\u00e9cole coranique) moderne et d\u2019une maison des h\u00f4tes.<\/p>\n\n\n\n<p class=\"wp-block-paragraph\">Pr\u00e9vue sur deux niveaux, la mosqu\u00e9e aura une capacit\u00e9 d\u2019accueil d\u2019au moins 1000 fid\u00e8les, a expliqu\u00e9 M. Thiam, \u00e9voquant \u00e9galement d\u2019autres infrastructures destin\u00e9es \u00e0 accompagner les activit\u00e9s religieuses et \u00e9ducatives du complexe.<\/p>\n\n\n\n<p class=\"wp-block-paragraph\">Le daara moderne sera consacr\u00e9 \u00e0 l\u2019\u00e9ducation islamique et \u00e0 l\u2019apprentissage de m\u00e9tiers, tandis que la maison des h\u00f4tes permettra d\u2019accueillir les fid\u00e8les lors des grands \u00e9v\u00e9nements religieux, indique-t-on.<\/p>\n\n\n\n<p class=\"wp-block-paragraph\">AMD\/SMD\/ASB<\/p>\n","protected":false},"excerpt":{"rendered":"<p>Saint-Louis, (APS) \u2013 Un complexe d\u00e9di\u00e9 \u00e0 la religion, \u00e0 l\u2019\u00e9ducation et \u00e0 la formation professionnelle, d\u2019un co\u00fbt estim\u00e9 \u00e0<\/p>\n","protected":false},"author":1,"featured_media":77941,"comment_status":"open","ping_status":"open","sticky":false,"template":"","format":"standard","meta":{"footnotes":""},"categories":[21],"tags":[],"class_list":["post-77940","post","type-post","status-publish","format-standard","has-post-thumbnail","hentry","category-societe"],"_links":{"self":[{"href":"https:\/\/dekkbi.com\/index.php?rest_route=\/wp\/v2\/posts\/77940","targetHints":{"allow":["GET"]}}],"collection":[{"href":"https:\/\/dekkbi.com\/index.php?rest_route=\/wp\/v2\/posts"}],"about":[{"href":"https:\/\/dekkbi.com\/index.php?rest_route=\/wp\/v2\/types\/post"}],"author":[{"embeddable":true,"href":"https:\/\/dekkbi.com\/index.php?rest_route=\/wp\/v2\/users\/1"}],"replies":[{"embeddable":true,"href":"https:\/\/dekkbi.com\/index.php?rest_route=%2Fwp%2Fv2%2Fcomments&post=77940"}],"version-history":[{"count":1,"href":"https:\/\/dekkbi.com\/index.php?rest_route=\/wp\/v2\/posts\/77940\/revisions"}],"predecessor-version":[{"id":77942,"href":"https:\/\/dekkbi.com\/index.php?rest_route=\/wp\/v2\/posts\/77940\/revisions\/77942"}],"wp:featuredmedia":[{"embeddable":true,"href":"https:\/\/dekkbi.com\/index.php?rest_route=\/wp\/v2\/media\/77941"}],"wp:attachment":[{"href":"https:\/\/dekkbi.com\/index.php?rest_route=%2Fwp%2Fv2%2Fmedia&parent=77940"}],"wp:term":[{"taxonomy":"category","embeddable":true,"href":"https:\/\/dekkbi.com\/index.php?rest_route=%2Fwp%2Fv2%2Fcategories&post=77940"},{"taxonomy":"post_tag","embeddable":true,"href":"https:\/\/dekkbi.com\/index.php?rest_route=%2Fwp%2Fv2%2Ftags&post=77940"}],"curies":[{"name":"wp","href":"https:\/\/api.w.org\/{rel}","templated":true}]}}