{"id":7794,"date":"2023-03-01T11:41:19","date_gmt":"2023-03-01T11:41:19","guid":{"rendered":"https:\/\/dekkbi.com\/?p=7794"},"modified":"2023-03-01T12:29:33","modified_gmt":"2023-03-01T12:29:33","slug":"embrasser-a-distance-son-partenaire-ou-un-inconnu-cette-bouche-en-silicone-fait-debat-en-chine","status":"publish","type":"post","link":"https:\/\/dekkbi.com\/?p=7794","title":{"rendered":"S\u00e9n\u00e9gal Num\u00e9rique S.A: Le Directeur G\u00e9n\u00e9ral, Cheikh Bakhoum, rassure qu\u2019il se limitera au march\u00e9 de gros (exclusif)"},"content":{"rendered":"\n<p>D\u00e9ploiement de ressources t\u00e9l\u00e9coms, ouverture des grosses infrastructures de l\u2019Etat aux autres acteurs, formation, services e-D\u00e9chets et s\u00e9curit\u00e9 informatique, on pourrait \u00eatre tent\u00e9 d\u2019en conclure que la nouvelle entit\u00e9 cr\u00e9\u00e9e sur les cendres de l\u2019Agence de l\u2019informatique de l\u2019Etat va \u201cbouffer\u201d les autres, tant de gros moyens ont \u00e9t\u00e9 mis \u00e0 sa disposition. Ce sera tout le contraire, d\u2019apr\u00e8s le Directeur g\u00e9n\u00e9ral, rappelant que SENUM S.A n\u2019a pas les pr\u00e9rogatives pour engager le march\u00e9 du d\u00e9tail. C\u2019est un Cheikh Bakhoum en forme et ouvert \u00e0 la collaboration qui se confie au \u201cTech Observateur\u201d,\u00a0au lendemain du lancement de la marque S\u00e9n\u00e9gal Num\u00e9rique.<\/p>\n\n\n\n<figure class=\"wp-block-embed is-type-rich is-provider-prise-en-charge-des-contenus-embarques wp-block-embed-prise-en-charge-des-contenus-embarques wp-embed-aspect-16-9 wp-has-aspect-ratio\"><div class=\"wp-block-embed__wrapper\">\n<iframe loading=\"lazy\" title=\"INTERVIEW EXCLUSIVE - CHEIKH BAKHOUM - Le Tech Observateur\" width=\"800\" height=\"450\" src=\"https:\/\/www.youtube.com\/embed\/m_GcE81t0uY?feature=oembed\" frameborder=\"0\" allow=\"accelerometer; autoplay; clipboard-write; encrypted-media; gyroscope; picture-in-picture; web-share\" allowfullscreen><\/iframe>\n<\/div><\/figure>\n\n\n\n<p>Commentant l\u2019actualit\u00e9 de la souverainet\u00e9 num\u00e9rique avec le nouveau Datacenter Onix, l\u2019informaticien en Chef du gouvernement pr\u00e9cise que ce ne sera jamais de trop, pour une Afrique qui ne d\u00e9tient, pour le moment, que \u201c1% des Datacenters dans le monde\u201d.<\/p>\n\n\n\n<p><\/p>\n","protected":false},"excerpt":{"rendered":"<p>D\u00e9ploiement de ressources t\u00e9l\u00e9coms, ouverture des grosses infrastructures de l\u2019Etat aux autres acteurs, formation, services e-D\u00e9chets et s\u00e9curit\u00e9 informatique, on<\/p>\n","protected":false},"author":1,"featured_media":7815,"comment_status":"open","ping_status":"open","sticky":false,"template":"","format":"standard","meta":{"footnotes":""},"categories":[46],"tags":[],"class_list":["post-7794","post","type-post","status-publish","format-standard","has-post-thumbnail","hentry","category-technology"],"_links":{"self":[{"href":"https:\/\/dekkbi.com\/index.php?rest_route=\/wp\/v2\/posts\/7794","targetHints":{"allow":["GET"]}}],"collection":[{"href":"https:\/\/dekkbi.com\/index.php?rest_route=\/wp\/v2\/posts"}],"about":[{"href":"https:\/\/dekkbi.com\/index.php?rest_route=\/wp\/v2\/types\/post"}],"author":[{"embeddable":true,"href":"https:\/\/dekkbi.com\/index.php?rest_route=\/wp\/v2\/users\/1"}],"replies":[{"embeddable":true,"href":"https:\/\/dekkbi.com\/index.php?rest_route=%2Fwp%2Fv2%2Fcomments&post=7794"}],"version-history":[{"count":2,"href":"https:\/\/dekkbi.com\/index.php?rest_route=\/wp\/v2\/posts\/7794\/revisions"}],"predecessor-version":[{"id":7816,"href":"https:\/\/dekkbi.com\/index.php?rest_route=\/wp\/v2\/posts\/7794\/revisions\/7816"}],"wp:featuredmedia":[{"embeddable":true,"href":"https:\/\/dekkbi.com\/index.php?rest_route=\/wp\/v2\/media\/7815"}],"wp:attachment":[{"href":"https:\/\/dekkbi.com\/index.php?rest_route=%2Fwp%2Fv2%2Fmedia&parent=7794"}],"wp:term":[{"taxonomy":"category","embeddable":true,"href":"https:\/\/dekkbi.com\/index.php?rest_route=%2Fwp%2Fv2%2Fcategories&post=7794"},{"taxonomy":"post_tag","embeddable":true,"href":"https:\/\/dekkbi.com\/index.php?rest_route=%2Fwp%2Fv2%2Ftags&post=7794"}],"curies":[{"name":"wp","href":"https:\/\/api.w.org\/{rel}","templated":true}]}}