{"id":77932,"date":"2026-08-31T12:27:54","date_gmt":"2026-08-31T12:27:54","guid":{"rendered":"https:\/\/dekkbi.com\/?p=77932"},"modified":"2026-08-31T12:27:55","modified_gmt":"2026-08-31T12:27:55","slug":"week-end-des-lions-des-senegalais-se-sont-illustres-dans-les-championnats-etrangers","status":"publish","type":"post","link":"https:\/\/dekkbi.com\/?p=77932","title":{"rendered":"\u200eWeek-end des Lions: des S\u00e9n\u00e9galais se sont illustr\u00e9s dans les championnats \u00e9trangers"},"content":{"rendered":"\n<p class=\"wp-block-paragraph\">Dakar,  (APS) \u2013 Plusieurs footballeurs s\u00e9n\u00e9galais se sont illustr\u00e9s ce week-end dans les championnats \u00e9trangers. Abdoulaye Seck, Soumano Sambou, Ibrahima Ciss\u00e9, Samba Diba et Asane Sow ont trouv\u00e9 le chemin des filets, tandis qu\u2019Assane Diao, Habib Diarra et Issa Soumar\u00e9 se sont distingu\u00e9s par des passes d\u00e9cisives.<br>\u200e<br>\u200eLe d\u00e9fenseur s\u00e9n\u00e9galais Abdoulaye Seck, qui a rejoint cet \u00e9t\u00e9 le club saoudien d\u2019Al-Faisaly, s\u2019est illustr\u00e9 dimanche en inscrivant l\u2019unique but de son \u00e9quipe lors de la quatri\u00e8me journ\u00e9e, perdue (1-3) face \u00e0 Al-Qadsiah. Son \u00e9quipe occupe actuellement la derni\u00e8re place du classement g\u00e9n\u00e9ral. Le championnat saoudien est domin\u00e9 par le champion en titre, Al-Nassr de Sadio Man\u00e9, qui reste invaincu.<br>\u200e<br>\u200eEn Ligue 2 fran\u00e7aise, Soumano Sambou a inscrit son premier but de la saison avec son nouveau club, Reims, \u00e0 l\u2019occasion du large succ\u00e8s de son \u00e9quipe lors de la quatri\u00e8me journ\u00e9e. Dans le m\u00eame championnat, son compatriote Samba Diba a \u00e9galement marqu\u00e9 pour Grenoble, qui s\u2019est impos\u00e9 3-0 face \u00e0 Laval, samedi. Le milieu de terrain de 22 ans a ouvert le score \u00e0 la 19e minute.<br>\u200e<br>\u200eEn Belgique, Ibrahima Ciss\u00e9 a offert le but de la victoire \u00e0 son \u00e9quipe, La Gantoise, en fin de rencontre, avant d\u2019\u00eatre expuls\u00e9 dans le temps additionnel pour cumul de cartons. Il s\u2019agit du deuxi\u00e8me but de la saison de l\u2019attaquant s\u00e9n\u00e9galais de 18 ans, lors de la quatri\u00e8me journ\u00e9e de la Pro League.<br>\u200e<br>\u200eEn Suisse, l\u2019attaquant de 20 ans Assane Sow a inscrit son deuxi\u00e8me but de la saison avec le FC B\u00e2le, lors du spectaculaire match nul de la cinqui\u00e8me journ\u00e9e face aux Young Boys (3-3).<br>\u200e<br><strong>\u200ePlusieurs S\u00e9n\u00e9galais passeurs d\u00e9cisifs<\/strong><br>\u200e<br>\u200eEn Angleterre, Habib Diarra, entr\u00e9 \u00e0 la 65e minute, a d\u00e9livr\u00e9 la passe d\u00e9cisive sur l\u2019unique but de la rencontre \u00e0 la 75e minute, permettant \u00e0 Sunderland de s\u2019imposer face \u00e0 Fulham, lors de la deuxi\u00e8me journ\u00e9e de Premier League. Le milieu de terrain s\u00e9n\u00e9galais est sorti sur blessure \u00e0 la 83e minute.<br>\u200e<br>\u200eIl a quitt\u00e9 le terrain en raison d\u2019une alerte musculaire. Son entra\u00eeneur, R\u00e9gis Le Bris, a indiqu\u00e9 en conf\u00e9rence de presse que la blessure \u201dne semblait pas trop grave\u201d, tout en restant prudent dans l\u2019attente des examens compl\u00e9mentaires.<br>\u200e<br>\u200eEn Italie, Assane Diao a \u00e9galement \u00e9t\u00e9 le dernier passeur sur le but de Como, lors du d\u00e9placement victorieux sur la pelouse de Naples (2-1), \u00e0 l\u2019occasion de la deuxi\u00e8me journ\u00e9e de S\u00e9rie A. Le jeune S\u00e9n\u00e9galais est sorti \u00e0 la 65e minute.<br>\u200e<br>\u200eEn Ligue 1 fran\u00e7aise, Issa Soumar\u00e9, du Stade Rennais, s\u2019est \u00e9galement illustr\u00e9 avec une passe d\u00e9cisive lors de la victoire de son \u00e9quipe, lors de la deuxi\u00e8me journ\u00e9e, face au promu Le Mans.<br>\u200e<br>\u200eLe championnat fran\u00e7ais est provisoirement domin\u00e9 par l\u2019AS Monaco de Lamine Camara, qui a disput\u00e9 l\u2019int\u00e9gralit\u00e9 de la rencontre.<br>\u200e<br>\u200ePourtant le milieu de terrain des Lions, \u00e2g\u00e9 de 23 ans, est annonc\u00e9 par plusieurs m\u00e9dias fran\u00e7ais du c\u00f4t\u00e9 de Chelsea, en Angleterre, avant la cl\u00f4ture du mercato, pr\u00e9vue le mardi 1er septembre \u00e0 18 H GMT.<br>\u200e<br>\u200eSK\/MTN<\/p>\n","protected":false},"excerpt":{"rendered":"<p>Dakar, (APS) \u2013 Plusieurs footballeurs s\u00e9n\u00e9galais se sont illustr\u00e9s ce week-end dans les championnats \u00e9trangers. Abdoulaye Seck, Soumano Sambou, Ibrahima<\/p>\n","protected":false},"author":1,"featured_media":1778,"comment_status":"open","ping_status":"open","sticky":false,"template":"","format":"standard","meta":{"footnotes":""},"categories":[1],"tags":[],"class_list":["post-77932","post","type-post","status-publish","format-standard","has-post-thumbnail","hentry","category-politique"],"_links":{"self":[{"href":"https:\/\/dekkbi.com\/index.php?rest_route=\/wp\/v2\/posts\/77932","targetHints":{"allow":["GET"]}}],"collection":[{"href":"https:\/\/dekkbi.com\/index.php?rest_route=\/wp\/v2\/posts"}],"about":[{"href":"https:\/\/dekkbi.com\/index.php?rest_route=\/wp\/v2\/types\/post"}],"author":[{"embeddable":true,"href":"https:\/\/dekkbi.com\/index.php?rest_route=\/wp\/v2\/users\/1"}],"replies":[{"embeddable":true,"href":"https:\/\/dekkbi.com\/index.php?rest_route=%2Fwp%2Fv2%2Fcomments&post=77932"}],"version-history":[{"count":1,"href":"https:\/\/dekkbi.com\/index.php?rest_route=\/wp\/v2\/posts\/77932\/revisions"}],"predecessor-version":[{"id":77933,"href":"https:\/\/dekkbi.com\/index.php?rest_route=\/wp\/v2\/posts\/77932\/revisions\/77933"}],"wp:featuredmedia":[{"embeddable":true,"href":"https:\/\/dekkbi.com\/index.php?rest_route=\/wp\/v2\/media\/1778"}],"wp:attachment":[{"href":"https:\/\/dekkbi.com\/index.php?rest_route=%2Fwp%2Fv2%2Fmedia&parent=77932"}],"wp:term":[{"taxonomy":"category","embeddable":true,"href":"https:\/\/dekkbi.com\/index.php?rest_route=%2Fwp%2Fv2%2Fcategories&post=77932"},{"taxonomy":"post_tag","embeddable":true,"href":"https:\/\/dekkbi.com\/index.php?rest_route=%2Fwp%2Fv2%2Ftags&post=77932"}],"curies":[{"name":"wp","href":"https:\/\/api.w.org\/{rel}","templated":true}]}}