{"id":77926,"date":"2026-08-31T11:10:11","date_gmt":"2026-08-31T11:10:11","guid":{"rendered":"https:\/\/dekkbi.com\/?p=77926"},"modified":"2026-08-31T11:10:12","modified_gmt":"2026-08-31T11:10:12","slug":"les-populations-du-fogny-invitees-a-accompagner-le-projet-de-construction-du-centre-de-sante-de-sindian","status":"publish","type":"post","link":"https:\/\/dekkbi.com\/?p=77926","title":{"rendered":"Les populations du Fogny invit\u00e9es \u00e0 accompagner le projet de construction du centre de sant\u00e9 de Sindian"},"content":{"rendered":"\n<p class=\"wp-block-paragraph\">Sindian (Bignona), (APS) \u2013 Le ministre des Forces arm\u00e9es, Yankhoba Di\u00e9m\u00e9, a invit\u00e9 les populations du Fogny \u00e0 accompagner le projet de construction du centre de sant\u00e9 de Sindian, une localit\u00e9 du d\u00e9partement de Bignona (sud).<\/p>\n\n\n\n<p class=\"wp-block-paragraph\">\u201dEn \u00e9changeant avec des maires, imams et chefs de village du Fogny, je leur ai dit que le pr\u00e9sident de la R\u00e9publique n\u2019a pas oubli\u00e9 cette zone du d\u00e9partement de Bignona. J\u2019ai fait savoir \u00e0 toutes ces personnes que le poste de sant\u00e9 de Sindian a fait d\u00e9j\u00e0 l\u2019objet d\u2019un arr\u00eat\u00e9 minist\u00e9riel. J\u2019invite toute la population du Fogny \u00e0 accompagner l\u2019Etat pour la construction du centre de sant\u00e9 de Sindian\u201d, a-t-il d\u00e9clar\u00e9.<\/p>\n\n\n\n<p class=\"wp-block-paragraph\">Il s\u2019exprimait dimanche au terme d\u2019une tourn\u00e9e \u00e0 Sindian, en pr\u00e9sence des autorit\u00e9s administratives, des maires et de plusieurs notables de cette zone.<\/p>\n\n\n\n<p class=\"wp-block-paragraph\">Pour la r\u00e9ussite du projet de construction du centre de sant\u00e9 de Sindian, le ministre a annonc\u00e9 qu\u2019un concert national sera organis\u00e9 par l\u2019artiste Kabi pour lever des fonds, visant \u00e0 soutenir l\u2019Etat pour le d\u00e9marrage des travaux.<\/p>\n\n\n\n<p class=\"wp-block-paragraph\">Il a appel\u00e9 les fils du Fogny \u00e0 \u201cfaire preuve de sacerdoce\u201d en appuyant \u201cfortement cette initiative\u201d, soulignant que le centre de sant\u00e9 de Sindian est un projet tr\u00e8s attendu par les populations locales.<\/p>\n\n\n\n<p class=\"wp-block-paragraph\">\u201dJ\u2019ai aussi re\u00e7u des dol\u00e9ances de la part des imams et chefs de village compil\u00e9es \u00e0 travers des m\u00e9morandums que je vais transmettre au chef de l\u2019Etat. Mais j\u2019ai pu en donner des r\u00e9ponses au nom du gouvernement\u201d, car pour la plupart, \u201cles solutions \u00e9taient d\u00e9j\u00e0 l\u00e0 et j\u2019ai senti qu\u2019il y avait un besoin de communication institutionnelle\u201d, a soutenu M. Di\u00e9m\u00e9.<\/p>\n\n\n\n<p class=\"wp-block-paragraph\">Sur un autre volet, le ministre a rendu un hommage aux Forces de d\u00e9fense et de s\u00e9curit\u00e9, saluant le travail que l\u2019arm\u00e9e a abattu pour le retour de la stabilit\u00e9 en Casamance.<\/p>\n\n\n\n<p class=\"wp-block-paragraph\">Yankhoba Di\u00e9m\u00e9 avoir choisi le nord Sindian, un endroit symbolique de la crise casaman\u00e7aise, pour dire aux \u00e9l\u00e9ments des FDS qu\u2019ils ont le soutien du chef supr\u00eame des arm\u00e9es et celui du ministre des Forces arm\u00e9es.<\/p>\n\n\n\n<p class=\"wp-block-paragraph\">Le ministre avait entam\u00e9 une tourn\u00e9e de plusieurs jours dans la r\u00e9gion de Ziguinchor, pour rencontrer des chefs religieux, des rois et des chefs de village et leur transmettre \u201cun message\u201d du pr\u00e9sident de R\u00e9publique.<\/p>\n\n\n\n<p class=\"wp-block-paragraph\">AT\/BK<\/p>\n","protected":false},"excerpt":{"rendered":"<p>Sindian (Bignona), (APS) \u2013 Le ministre des Forces arm\u00e9es, Yankhoba Di\u00e9m\u00e9, a invit\u00e9 les populations du Fogny \u00e0 accompagner le<\/p>\n","protected":false},"author":1,"featured_media":77927,"comment_status":"open","ping_status":"open","sticky":false,"template":"","format":"standard","meta":{"footnotes":""},"categories":[21],"tags":[],"class_list":["post-77926","post","type-post","status-publish","format-standard","has-post-thumbnail","hentry","category-societe"],"_links":{"self":[{"href":"https:\/\/dekkbi.com\/index.php?rest_route=\/wp\/v2\/posts\/77926","targetHints":{"allow":["GET"]}}],"collection":[{"href":"https:\/\/dekkbi.com\/index.php?rest_route=\/wp\/v2\/posts"}],"about":[{"href":"https:\/\/dekkbi.com\/index.php?rest_route=\/wp\/v2\/types\/post"}],"author":[{"embeddable":true,"href":"https:\/\/dekkbi.com\/index.php?rest_route=\/wp\/v2\/users\/1"}],"replies":[{"embeddable":true,"href":"https:\/\/dekkbi.com\/index.php?rest_route=%2Fwp%2Fv2%2Fcomments&post=77926"}],"version-history":[{"count":1,"href":"https:\/\/dekkbi.com\/index.php?rest_route=\/wp\/v2\/posts\/77926\/revisions"}],"predecessor-version":[{"id":77928,"href":"https:\/\/dekkbi.com\/index.php?rest_route=\/wp\/v2\/posts\/77926\/revisions\/77928"}],"wp:featuredmedia":[{"embeddable":true,"href":"https:\/\/dekkbi.com\/index.php?rest_route=\/wp\/v2\/media\/77927"}],"wp:attachment":[{"href":"https:\/\/dekkbi.com\/index.php?rest_route=%2Fwp%2Fv2%2Fmedia&parent=77926"}],"wp:term":[{"taxonomy":"category","embeddable":true,"href":"https:\/\/dekkbi.com\/index.php?rest_route=%2Fwp%2Fv2%2Fcategories&post=77926"},{"taxonomy":"post_tag","embeddable":true,"href":"https:\/\/dekkbi.com\/index.php?rest_route=%2Fwp%2Fv2%2Ftags&post=77926"}],"curies":[{"name":"wp","href":"https:\/\/api.w.org\/{rel}","templated":true}]}}