{"id":77920,"date":"2026-08-31T11:04:29","date_gmt":"2026-08-31T11:04:29","guid":{"rendered":"https:\/\/dekkbi.com\/?p=77920"},"modified":"2026-08-31T11:04:30","modified_gmt":"2026-08-31T11:04:30","slug":"dix-huit-senegalais-parmi-les-migrants-interceptes-au-large-du-maroc","status":"publish","type":"post","link":"https:\/\/dekkbi.com\/?p=77920","title":{"rendered":"Dix huit S\u00e9n\u00e9galais parmi les migrants intercept\u00e9s au large du Maroc"},"content":{"rendered":"\n<p class=\"wp-block-paragraph\">Dakar, (APS) \u2013 Au total, 18 S\u00e9n\u00e9galais figurent parmi les 201 migrants subsahariens intercept\u00e9s samedi au large de Dakhla, une ville du sud marocain, par la Marine royale marocaine, a-t-on appris des autorit\u00e9s marocaines.<\/p>\n\n\n\n<p class=\"wp-block-paragraph\">L\u2019embarcation \u00e9tait notamment partie de la Gambie avec \u00e0 son bord 18 S\u00e9n\u00e9galais, dont 2 femmes et 1 enfant, 11 Ivoiriens, 144 Guin\u00e9ens, 5 Maliens et 21 Gambiens, a indiqu\u00e9 le rapport d\u00e9taillant le nombre de migrants et la provenance de l\u2019embarcation<\/p>\n\n\n\n<p class=\"wp-block-paragraph\">La pirogue a \u00e9t\u00e9 arraisonn\u00e9e \u00e0 185 Km au Sud-Ouest de Dakhla par des unit\u00e9s de la Marine Royale marocaine.<\/p>\n\n\n\n<p class=\"wp-block-paragraph\">Les occupants comptaient se rendre aux \u00celes Canaries en Espagne, a soulign\u00e9 l\u2019\u00e9tat-major g\u00e9n\u00e9ral de l\u2019arm\u00e9e marocaine dans un communiqu\u00e9.<\/p>\n\n\n\n<p class=\"wp-block-paragraph\">\u2018\u2019Apr\u00e8s avoir re\u00e7u les soins n\u00e9cessaires \u00e0 bord, elles ont ensuite \u00e9t\u00e9 confi\u00e9es \u00e0 la Gendarmerie Royale pour l\u2019accomplissement des proc\u00e9dures administratives d\u2019usage\u2019\u2019, fait savoir l\u2019arm\u00e9e marocaine.<\/p>\n\n\n\n<p class=\"wp-block-paragraph\">Mercredi, une autre pirogue, partie \u00e9galement de la Gambie, avait \u00e9t\u00e9 intercept\u00e9e avec \u00e0 son bord 193 candidats \u00e0 l\u2019\u00e9migration, dont 75 de nationalit\u00e9 s\u00e9n\u00e9galaise, a-t-on appris d\u2019une source diplomatique.<\/p>\n\n\n\n<p class=\"wp-block-paragraph\">AKS\/ASB<\/p>\n","protected":false},"excerpt":{"rendered":"<p>Dakar, (APS) \u2013 Au total, 18 S\u00e9n\u00e9galais figurent parmi les 201 migrants subsahariens intercept\u00e9s samedi au large de Dakhla, une<\/p>\n","protected":false},"author":1,"featured_media":77921,"comment_status":"open","ping_status":"open","sticky":false,"template":"","format":"standard","meta":{"footnotes":""},"categories":[26],"tags":[],"class_list":["post-77920","post","type-post","status-publish","format-standard","has-post-thumbnail","hentry","category-fait-divers"],"_links":{"self":[{"href":"https:\/\/dekkbi.com\/index.php?rest_route=\/wp\/v2\/posts\/77920","targetHints":{"allow":["GET"]}}],"collection":[{"href":"https:\/\/dekkbi.com\/index.php?rest_route=\/wp\/v2\/posts"}],"about":[{"href":"https:\/\/dekkbi.com\/index.php?rest_route=\/wp\/v2\/types\/post"}],"author":[{"embeddable":true,"href":"https:\/\/dekkbi.com\/index.php?rest_route=\/wp\/v2\/users\/1"}],"replies":[{"embeddable":true,"href":"https:\/\/dekkbi.com\/index.php?rest_route=%2Fwp%2Fv2%2Fcomments&post=77920"}],"version-history":[{"count":1,"href":"https:\/\/dekkbi.com\/index.php?rest_route=\/wp\/v2\/posts\/77920\/revisions"}],"predecessor-version":[{"id":77922,"href":"https:\/\/dekkbi.com\/index.php?rest_route=\/wp\/v2\/posts\/77920\/revisions\/77922"}],"wp:featuredmedia":[{"embeddable":true,"href":"https:\/\/dekkbi.com\/index.php?rest_route=\/wp\/v2\/media\/77921"}],"wp:attachment":[{"href":"https:\/\/dekkbi.com\/index.php?rest_route=%2Fwp%2Fv2%2Fmedia&parent=77920"}],"wp:term":[{"taxonomy":"category","embeddable":true,"href":"https:\/\/dekkbi.com\/index.php?rest_route=%2Fwp%2Fv2%2Fcategories&post=77920"},{"taxonomy":"post_tag","embeddable":true,"href":"https:\/\/dekkbi.com\/index.php?rest_route=%2Fwp%2Fv2%2Ftags&post=77920"}],"curies":[{"name":"wp","href":"https:\/\/api.w.org\/{rel}","templated":true}]}}