{"id":7785,"date":"2023-03-01T11:31:39","date_gmt":"2023-03-01T11:31:39","guid":{"rendered":"https:\/\/dekkbi.com\/?p=7785"},"modified":"2023-03-01T11:33:02","modified_gmt":"2023-03-01T11:33:02","slug":"info-3","status":"publish","type":"post","link":"https:\/\/dekkbi.com\/?p=7785","title":{"rendered":"La grand-messe des conservateurs am\u00e9ricains s&rsquo;ouvre avec 2024 dans tous les esprits"},"content":{"rendered":"\n<h1 class=\"has-medium-font-size wp-block-heading\"><a rel=\"noreferrer noopener\" href=\"https:\/\/www.addthis.com\/bookmark.php?v=300\" target=\"_blank\"><\/a>Donald Trump et Nikki Haley descendent cette semaine dans l&rsquo;ar\u00e8ne \u00e0 la grand-messe des conservateurs am\u00e9ricains, priv\u00e9e de certaines stars du Parti r\u00e9publicain, qui boudent pour la premi\u00e8re fois cette conf\u00e9rence.<\/h1>\n\n\n\n<p>Les deux seuls candidats notables d\u00e9j\u00e0 lanc\u00e9s dans la course pour l&rsquo;investiture r\u00e9publicaine \u00e0 la pr\u00e9sidentielle de 2024 s&rsquo;affronteront par discours interpos\u00e9s devant un public d&rsquo;ultra-conservateurs, au CPAC qui s&rsquo;ouvre mercredi en banlieue de Washington &#8211; mais est envelopp\u00e9 cette ann\u00e9e d&rsquo;un parfum de discorde.<\/p>\n\n\n\n<p>&#8211; Premier duel &#8211;<\/p>\n\n\n\n<p>A 615 jours de la prochaine \u00e9lection pr\u00e9sidentielle am\u00e9ricaine, Nikki Haley esp\u00e8re convaincre ses pairs lors d&rsquo;un discours vendredi, de faire d&rsquo;elle la premi\u00e8re femme \u00e0 s&#8217;emparer de la Maison Blanche.<\/p>\n\n\n\n<p>Mais l&rsquo;ancienne ambassadrice de Donald Trump \u00e0 l&rsquo;ONU \u00ab\u00a0fait face \u00e0 un d\u00e9licat jeu d&rsquo;\u00e9quilibriste\u00a0\u00bb, analyse aupr\u00e8s de l&rsquo;AFP Margaret Thompson, de l&rsquo;universit\u00e9 Syracuse.<\/p>\n\n\n\n<p>\u00ab\u00a0Elle doit r\u00e9ussir \u00e0 se diff\u00e9rencier de Donald Trump tout en parvenant \u00e0 s\u00e9duire ses partisans, qui sont les principaux militants de la conf\u00e9rence et qui votent le plus aux primaires r\u00e9publicaines\u00a0\u00bb, affirme la professeure.<\/p>\n\n\n\n<p>La quinquag\u00e9naire a pour l&rsquo;instant fait de l&rsquo;\u00e2ge du milliardaire &#8212; 77 ans en juin &#8212; son principal angle d&rsquo;attaque, r\u00e9clamant des tests d&rsquo;aptitude intellectuelle pour tout \u00e9lu de plus de 75 ans.<\/p>\n\n\n\n<p>L&rsquo;ancien magnat de l&rsquo;immobilier devance toutefois largement Nikki Haley dans les sondages, et se pr\u00e9sentera \u00e0 la foule dans un h\u00f4tel hupp\u00e9 du Maryland devant un public conquis.<\/p>\n\n\n\n<p>Signe de l&#8217;emprise que l&rsquo;ancien locataire de la Maison Blanche conserve sur ce groupe, marqu\u00e9 tr\u00e8s \u00e0 droite, plus de deux ans apr\u00e8s avoir quitt\u00e9 la capitale f\u00e9d\u00e9rale am\u00e9ricaine: la prestigieuse place du discours de cl\u00f4ture lui a une nouvelle fois \u00e9t\u00e9 r\u00e9serv\u00e9e cette ann\u00e9e.<\/p>\n\n\n\n<p>Mais contrairement aux \u00e9ditions pr\u00e9c\u00e9dentes, l&rsquo;allocution de Donald Trump samedi apr\u00e8s-midi se fera en l&rsquo;absence de nombreux cadres du parti &#8212; \u00e0 commencer par ses principaux rivaux pour 2024.<\/p>\n\n\n\n<p>&#8211; Sans DeSantis &#8211;<\/p>\n\n\n\n<p>L&rsquo;\u00e9toile montante de la droite dure Ron DeSantis, pr\u00e9sent lors de l&rsquo;\u00e9dition organis\u00e9e l&rsquo;an dernier \u00e0 Orlando et dont la candidature est extr\u00eamement attendue dans les rangs r\u00e9publicains, ne fera pas le d\u00e9placement jusqu&rsquo;\u00e0 Washington.<\/p>\n\n\n\n<p>Tout comme l&rsquo;ancien vice-pr\u00e9sident Mike Pence, le gouverneur de Floride privil\u00e9giera ces prochains jours les d\u00e9placements dans des Etats strat\u00e9giques du pays, soucieux de cultiver son capital politique au-del\u00e0 des fronti\u00e8res de son Etat.<\/p>\n\n\n\n<p>Illustration des divisions b\u00e9antes qui traversent un parti en plein doute apr\u00e8s la d\u00e9convenue des \u00e9lections de mi-mandat, l&rsquo;influent Mitch McConnell, qui entretient des relations glaciales avec Donald Trump, boudera \u00e9galement la conf\u00e9rence, a confirm\u00e9 son entourage \u00e0 l&rsquo;AFP.<\/p>\n\n\n\n<p>Certains t\u00e9nors de la droite sont aussi tent\u00e9s de snober le rendez-vous des conservateurs en raison des accusations d&rsquo;agression sexuelle visant son organisateur, Matt Schlapp.<\/p>\n\n\n\n<p>&#8211; Bolsonaro \u00e0 la tribune &#8211;<\/p>\n\n\n\n<p>Ce grand raout fera en revanche une nouvelle fois la part belle aux dirigeants \u00e9trangers.<\/p>\n\n\n\n<p>Apr\u00e8s l&rsquo;ancienne d\u00e9put\u00e9e fran\u00e7aise Marion Mar\u00e9chal-Le Pen en 2018 et le Hongrois Viktor Orban en ao\u00fbt dernier, c&rsquo;est cette fois l&rsquo;ex-pr\u00e9sident br\u00e9silien Ja\u00efr Bolsonaro qui sera mis \u00e0 l&rsquo;honneur samedi.<\/p>\n\n\n\n<p>L&rsquo;ancien dirigeant d&rsquo;extr\u00eame droite &#8212; parfois surnomm\u00e9 le \u00ab\u00a0Trump des Tropiques\u00a0\u00bb &#8212; montera sur sc\u00e8ne vers 14H00 (19H00 GMT).<\/p>\n\n\n\n<p>Install\u00e9 en Floride depuis fin d\u00e9cembre, le Br\u00e9silien multiplie les prises de paroles aupr\u00e8s des centres ultra-conservateurs am\u00e9ricains, mais a dit avoir l&rsquo;intention de retourner dans son pays prochainement.<\/p>\n\n\n\n<p>Par Camille CAMDESSUS<\/p>\n\n\n\n<p><a href=\"https:\/\/information.tv5monde.com\/auteur\/afp\">AFP<\/a><\/p>\n\n\n\n<p>\u00a9 2023 AFP<\/p>\n\n\n\n<p>Mise \u00e0 jour 01.03.2023 \u00e0 05:0<\/p>\n","protected":false},"excerpt":{"rendered":"<p>Donald Trump et Nikki Haley descendent cette semaine dans l&rsquo;ar\u00e8ne \u00e0 la grand-messe des conservateurs am\u00e9ricains, priv\u00e9e de certaines stars<\/p>\n","protected":false},"author":1,"featured_media":7786,"comment_status":"open","ping_status":"open","sticky":false,"template":"","format":"standard","meta":{"footnotes":""},"categories":[51],"tags":[],"class_list":["post-7785","post","type-post","status-publish","format-standard","has-post-thumbnail","hentry","category-general"],"_links":{"self":[{"href":"https:\/\/dekkbi.com\/index.php?rest_route=\/wp\/v2\/posts\/7785","targetHints":{"allow":["GET"]}}],"collection":[{"href":"https:\/\/dekkbi.com\/index.php?rest_route=\/wp\/v2\/posts"}],"about":[{"href":"https:\/\/dekkbi.com\/index.php?rest_route=\/wp\/v2\/types\/post"}],"author":[{"embeddable":true,"href":"https:\/\/dekkbi.com\/index.php?rest_route=\/wp\/v2\/users\/1"}],"replies":[{"embeddable":true,"href":"https:\/\/dekkbi.com\/index.php?rest_route=%2Fwp%2Fv2%2Fcomments&post=7785"}],"version-history":[{"count":2,"href":"https:\/\/dekkbi.com\/index.php?rest_route=\/wp\/v2\/posts\/7785\/revisions"}],"predecessor-version":[{"id":7789,"href":"https:\/\/dekkbi.com\/index.php?rest_route=\/wp\/v2\/posts\/7785\/revisions\/7789"}],"wp:featuredmedia":[{"embeddable":true,"href":"https:\/\/dekkbi.com\/index.php?rest_route=\/wp\/v2\/media\/7786"}],"wp:attachment":[{"href":"https:\/\/dekkbi.com\/index.php?rest_route=%2Fwp%2Fv2%2Fmedia&parent=7785"}],"wp:term":[{"taxonomy":"category","embeddable":true,"href":"https:\/\/dekkbi.com\/index.php?rest_route=%2Fwp%2Fv2%2Fcategories&post=7785"},{"taxonomy":"post_tag","embeddable":true,"href":"https:\/\/dekkbi.com\/index.php?rest_route=%2Fwp%2Fv2%2Ftags&post=7785"}],"curies":[{"name":"wp","href":"https:\/\/api.w.org\/{rel}","templated":true}]}}