{"id":7766,"date":"2023-03-01T10:55:05","date_gmt":"2023-03-01T10:55:05","guid":{"rendered":"https:\/\/dekkbi.com\/?p=7766"},"modified":"2023-03-01T10:55:06","modified_gmt":"2023-03-01T10:55:06","slug":"un-drole-de-paradoxe-pourquoi-le-real-a-boycotte-la-ceremonie-de-la-fifa","status":"publish","type":"post","link":"https:\/\/dekkbi.com\/?p=7766","title":{"rendered":"\u201cUn dr\u00f4le de paradoxe\u201d: pourquoi le Real a boycott\u00e9 la c\u00e9r\u00e9monie de la FIFA"},"content":{"rendered":"\n<p><strong>FIFA THE BEST<\/strong> Une razzia au Ballon d\u2019Or, mais pas le moindre sacre aux troph\u00e9es The Best: le Real Madrid a choisi de boycotter la c\u00e9r\u00e9monie de la FIFA, lundi soir. Pas de Karim Benzema, pas de Thibaut Courtois, pas de Carlo Ancelotti. Seuls deux anciens joueurs, Emilio Butrague\u00f1o et Roberto Carlos, \u00e9taient pr\u00e9sents \u00e0 Paris pour repr\u00e9senter la Maison Blanche.<\/p>\n\n\n\n<p>C\u2019est d\u2019ailleurs le cynisme qui r\u00e8gne dans les principaux quotidiens sportifs madril\u00e8nes au lendemain du sacre de Messi et de la cons\u00e9cration argentine. \u201cLe Real a gagn\u00e9 la Ligue des Champions, La Liga et la Super Coupe d\u2019Europe. Et ils ont fait tout \u00e7a sans avoir le meilleur joueur, le meilleur coach et le meilleur gardien de l\u2019ann\u00e9e\u201d, ironise AS.<\/p>\n\n\n\n<p>Karim Benzema, Carlo Ancelotti et Thibaut Courtois \u00e9taient nomin\u00e9s, mais ils n\u2019ont rien gagn\u00e9 et c\u2019est pour cette raison que Florentino Perez et le Real ont opt\u00e9 pour le boycott. La Coupe du monde a forc\u00e9ment jou\u00e9 un r\u00f4le. Benzema avait \u00e9t\u00e9 \u00e9lu Ballon d\u2019Or avant le Mondial, il a \u00e9t\u00e9 devanc\u00e9 par Messi lundi soir. Ancelotti avait d\u00e9croch\u00e9 le troph\u00e9e de coach de l\u2019ann\u00e9e en octobre, c\u2019est Lionel Scaloni qui lui a \u00e9t\u00e9 pr\u00e9f\u00e9r\u00e9. Et, enfin, Thibaut Courtois a \u00e9t\u00e9 devanc\u00e9 par Emiliano \u2018Dibu\u2019 Martinez, h\u00e9ros de l\u2019Argentine en finale de Coupe du monde.<\/p>\n\n\n\n<h2 class=\"wp-block-heading\">\u201cLe gardien de l\u2019\u00e9quipe-type de l\u2019ann\u00e9e n\u2019est donc pas le meilleur gardien de l\u2019ann\u00e9e&#8230;\u201d<\/h2>\n\n\n\n<p>Et c\u2019est peut-\u00eatre la \u2018d\u00e9faite\u2019 du gardien belge qui passe le moins dans la capitale espagnole. Vainqueur du Troph\u00e9e Yachine lors de la c\u00e9r\u00e9monie du Ballon d\u2019Or, Courtois fait partie de l\u2019\u00e9quipe-type de l\u2019ann\u00e9e, mais a laiss\u00e9 le troph\u00e9e du meilleur gardien au champion du monde Martinez. \u201cLe gardien de l\u2019\u00e9quipe-type de l\u2019ann\u00e9e n\u2019est donc&#8230; pas le meilleur gardien de l\u2019ann\u00e9e. On peut parler d\u2019un dr\u00f4le de paradoxe\u201d, peste AS. \u201cCourtois a \u00e9t\u00e9 \u00e0 la base du 14e triomphe du Real en Ligue des Champions. En r\u00e9alisant un nombre record d\u2019arr\u00eats en finale, en frustrant Grealish en demi-finale et en repoussant un penalty de&#8230; Messi en huiti\u00e8me de finale. Peut-\u00eatre un oubli, la FIFA?\u00a0\u00bb<\/p>\n\n\n\n<p>Mais si le Real a brill\u00e9 par son absence lundi soir, c\u2019est aussi une question de timing selon les m\u00e9dias espagnols. Jeudi soir, les Merengue retrouvent le Bar\u00e7a en demi-finale de la Coupe du Roi. Et si la Coupe n\u2019est pas du tout une priorit\u00e9 pour les troupes d\u2019Ancelotti, un affrontement contre le grand rival catalan est toujours capital pour la Maison Blanche. Les Madril\u00e8nes ont donc pr\u00e9f\u00e9r\u00e9 rester en Espagne pour pr\u00e9parer ce Clasico, plut\u00f4t que d\u2019assister aux triomphes argentins \u00e0 Paris&#8230;<\/p>\n","protected":false},"excerpt":{"rendered":"<p>FIFA THE BEST Une razzia au Ballon d\u2019Or, mais pas le moindre sacre aux troph\u00e9es The Best: le Real Madrid<\/p>\n","protected":false},"author":1,"featured_media":7767,"comment_status":"open","ping_status":"open","sticky":false,"template":"","format":"standard","meta":{"footnotes":""},"categories":[9],"tags":[],"class_list":["post-7766","post","type-post","status-publish","format-standard","has-post-thumbnail","hentry","category-sports"],"_links":{"self":[{"href":"https:\/\/dekkbi.com\/index.php?rest_route=\/wp\/v2\/posts\/7766","targetHints":{"allow":["GET"]}}],"collection":[{"href":"https:\/\/dekkbi.com\/index.php?rest_route=\/wp\/v2\/posts"}],"about":[{"href":"https:\/\/dekkbi.com\/index.php?rest_route=\/wp\/v2\/types\/post"}],"author":[{"embeddable":true,"href":"https:\/\/dekkbi.com\/index.php?rest_route=\/wp\/v2\/users\/1"}],"replies":[{"embeddable":true,"href":"https:\/\/dekkbi.com\/index.php?rest_route=%2Fwp%2Fv2%2Fcomments&post=7766"}],"version-history":[{"count":1,"href":"https:\/\/dekkbi.com\/index.php?rest_route=\/wp\/v2\/posts\/7766\/revisions"}],"predecessor-version":[{"id":7768,"href":"https:\/\/dekkbi.com\/index.php?rest_route=\/wp\/v2\/posts\/7766\/revisions\/7768"}],"wp:featuredmedia":[{"embeddable":true,"href":"https:\/\/dekkbi.com\/index.php?rest_route=\/wp\/v2\/media\/7767"}],"wp:attachment":[{"href":"https:\/\/dekkbi.com\/index.php?rest_route=%2Fwp%2Fv2%2Fmedia&parent=7766"}],"wp:term":[{"taxonomy":"category","embeddable":true,"href":"https:\/\/dekkbi.com\/index.php?rest_route=%2Fwp%2Fv2%2Fcategories&post=7766"},{"taxonomy":"post_tag","embeddable":true,"href":"https:\/\/dekkbi.com\/index.php?rest_route=%2Fwp%2Fv2%2Ftags&post=7766"}],"curies":[{"name":"wp","href":"https:\/\/api.w.org\/{rel}","templated":true}]}}