{"id":7750,"date":"2023-03-01T10:16:05","date_gmt":"2023-03-01T10:16:05","guid":{"rendered":"https:\/\/dekkbi.com\/?p=7750"},"modified":"2023-03-01T10:16:06","modified_gmt":"2023-03-01T10:16:06","slug":"coumba-gawlo-parle-de-sa-maladie-et-de-son-retour-sur-scene-la-star-degage-le-mystique-en-touche","status":"publish","type":"post","link":"https:\/\/dekkbi.com\/?p=7750","title":{"rendered":"Coumba Gawlo parle de sa maladie et de son retour sur sc\u00e8ne : La star d\u00e9gage le \u00ab mystique \u00bb en touche"},"content":{"rendered":"\n<h3 class=\"wp-block-heading\">L\u2019auditorium du Mus\u00e9e des civilisations noires \u00e9tait tr\u00e8s petit pour accueillir la conf\u00e9rence de presse de l\u2019artiste Coumba Gawlo Seck qui a annonc\u00e9 son retour apr\u00e8s trois ans d\u2019absence pour des raisons de sant\u00e9. Elle a tenu d\u2019embl\u00e9e \u00e0 pr\u00e9ciser que sa maladie n\u2019est pas mystique comme le pr\u00e9tend certains.<\/h3>\n\n\n\n<p>\u00ab On est en Afrique et quand quelque chose vous arrive on cherche toujours un coupable. Je ne vais pas dire que ma maladie est mystique. C\u2019est la volont\u00e9 divine et je l\u2019accepte \u00bb, a soutenu la diva.<\/p>\n\n\n\n<p>Auparavant, elle a exprim\u00e9 tout le plaisir qu\u2019elle a apr\u00e8s une p\u00e9riode de retrait de la sc\u00e8ne musicale de se retrouver parmi nous. C\u2019est ainsi qu\u2019elle a rendu gr\u00e2ce \u00e0 Dieu qui, selon elle, l\u2019a couvert de sa b\u00e9n\u00e9diction. A ses fans, elle leur donne rendez-vous tr\u00e8s prochainement pour son come back.<\/p>\n\n\n\n<p>\u00ab J\u2019ai r\u00e9ussi \u00e0 venir dans mon pays et c\u2019est le plus important. Je reprends mon m\u00e9tier que je n\u2019ai jamais abandonn\u00e9. M\u00eame \u00e0 l\u2019\u00e9tranger je continuais mes activit\u00e9s. Je suis n\u00e9e chanteuse et je ne fais que chanter. Naturellement, je continuerais mes activit\u00e9s tout en poursuivant mon traitement. Parce que je suis en convalescence \u00bb.<\/p>\n\n\n\n<p>Revenant sur sa maladie, la chanteuse a d\u00e9clar\u00e9 : \u00ab je ne vais pas d\u00e9voiler mon bulletin m\u00e9dical mais, il faut savoir partager des exp\u00e9riences pour permettre aux autres qui en souffrent d\u2019y arriver. Le fait de partager ma maladie \u00e9tait une fa\u00e7on pour moi d\u2019\u00eatre honn\u00eate avec moi-m\u00eame et d\u2019\u00eatre honn\u00eate avec mes fans. J\u2019ai eu un probl\u00e8me de voix. J\u2019ai eu une blessure \u00e0 la corde vocale gauche. J\u2019ai \u00e9t\u00e9 agress\u00e9e accidentellement. C\u2019est cette plaie sur ma gorge qu\u2019il fallait soigner \u00bb.<\/p>\n\n\n\n<p>Et d\u2019ajouter : \u00ab quand on m\u2019a annonc\u00e9 ma maladie c\u2019\u00e9tait tr\u00e8s difficile. Quand le diagnostic r\u00e9el est tomb\u00e9, dans ma t\u00eate d\u00e9filait beaucoup de choses. Je me demandais comment ils vont ouvrir ma gorge et traitaient cette plaie. Si on me dit Mme est-ce que \u00e7a va ? Je me mettais \u00e0 pleurer. Dans ma t\u00eate je ne voulais pas que mes cordes vocales soient touch\u00e9es. Des gens m\u2019ont convaincu parce que je me demandais est-ce que j\u2019arriverai \u00e0 chanter comme avant ? \u00bb.<\/p>\n\n\n\n<p>La diva a vers\u00e9 des larmes avant de se reprendre. \u00ab J\u2019ai profit\u00e9 de ma maladie pour perfectionner mon anglais \u00e0 Londres. Apprendre l\u2019anglais c\u2019est tr\u00e8s important et je compte dans mes prochaines productions \u00e9crire quelques textes en anglais que je vais mixer avec ma langue nationale \u00bb, a-t-elle ajout\u00e9. La diva \u00e0 la voix d\u2019or a \u00e9galement profit\u00e9 de son retrait pour se rendre \u00e0 la Mecque qui, dit-elle, est la plus belle exp\u00e9rience de sa vie.<\/p>\n\n\n\n<p>\u00ab Mon s\u00e9jour \u00e0 la Mecque a \u00e9t\u00e9 la plus belle exp\u00e9rience de ma vie. C\u2019\u00e9tait une occasion pour moi de prier sur la tombe du proph\u00e8te. Ce n\u2019est pas donn\u00e9 \u00e0 n\u2019importe qui et je suis vraiment b\u00e9nie par Dieu. Durant ma maladie je me r\u00e9veillais tous les jours \u00e0 3 heures du matin pour prier \u00bb, a-t-elle aussi r\u00e9v\u00e9l\u00e9.<\/p>\n\n\n\n<p>Source emediasn<\/p>\n","protected":false},"excerpt":{"rendered":"<p>L\u2019auditorium du Mus\u00e9e des civilisations noires \u00e9tait tr\u00e8s petit pour accueillir la conf\u00e9rence de presse de l\u2019artiste Coumba Gawlo Seck<\/p>\n","protected":false},"author":1,"featured_media":7751,"comment_status":"open","ping_status":"open","sticky":false,"template":"","format":"standard","meta":{"footnotes":""},"categories":[26],"tags":[],"class_list":["post-7750","post","type-post","status-publish","format-standard","has-post-thumbnail","hentry","category-fait-divers"],"_links":{"self":[{"href":"https:\/\/dekkbi.com\/index.php?rest_route=\/wp\/v2\/posts\/7750","targetHints":{"allow":["GET"]}}],"collection":[{"href":"https:\/\/dekkbi.com\/index.php?rest_route=\/wp\/v2\/posts"}],"about":[{"href":"https:\/\/dekkbi.com\/index.php?rest_route=\/wp\/v2\/types\/post"}],"author":[{"embeddable":true,"href":"https:\/\/dekkbi.com\/index.php?rest_route=\/wp\/v2\/users\/1"}],"replies":[{"embeddable":true,"href":"https:\/\/dekkbi.com\/index.php?rest_route=%2Fwp%2Fv2%2Fcomments&post=7750"}],"version-history":[{"count":1,"href":"https:\/\/dekkbi.com\/index.php?rest_route=\/wp\/v2\/posts\/7750\/revisions"}],"predecessor-version":[{"id":7752,"href":"https:\/\/dekkbi.com\/index.php?rest_route=\/wp\/v2\/posts\/7750\/revisions\/7752"}],"wp:featuredmedia":[{"embeddable":true,"href":"https:\/\/dekkbi.com\/index.php?rest_route=\/wp\/v2\/media\/7751"}],"wp:attachment":[{"href":"https:\/\/dekkbi.com\/index.php?rest_route=%2Fwp%2Fv2%2Fmedia&parent=7750"}],"wp:term":[{"taxonomy":"category","embeddable":true,"href":"https:\/\/dekkbi.com\/index.php?rest_route=%2Fwp%2Fv2%2Fcategories&post=7750"},{"taxonomy":"post_tag","embeddable":true,"href":"https:\/\/dekkbi.com\/index.php?rest_route=%2Fwp%2Fv2%2Ftags&post=7750"}],"curies":[{"name":"wp","href":"https:\/\/api.w.org\/{rel}","templated":true}]}}