{"id":7742,"date":"2023-03-01T10:05:12","date_gmt":"2023-03-01T10:05:12","guid":{"rendered":"https:\/\/dekkbi.com\/?p=7742"},"modified":"2023-03-01T10:05:14","modified_gmt":"2023-03-01T10:05:14","slug":"awa-diagne-directrice-des-ressources-humaines-au-ministere-de-la-sante-il-est-difficile-de-chiffrer-lampleur-de-cette-fuite-des-cerveaux","status":"publish","type":"post","link":"https:\/\/dekkbi.com\/?p=7742","title":{"rendered":"Awa Diagne, Directrice des ressources humaines au Minist\u00e8re de la Sant\u00e9: \u00ab Il est difficile de chiffrer l\u2019ampleur de cette fuite des cerveaux \u00bb"},"content":{"rendered":"\n<h2 class=\"wp-block-heading\">[Focus] Exode des m\u00e9decins s\u00e9n\u00e9galais : Diagnostic d\u2019un mal<\/h2>\n\n\n\n<h3 class=\"wp-block-heading\">Le d\u00e9part des m\u00e9decins s\u00e9n\u00e9galais principalement vers la France est devenue une r\u00e9alit\u00e9 au S\u00e9n\u00e9gal. Certes l\u2019\u00c9tat fait beaucoup d\u2019efforts pour offrir un meilleur cadre de travail, mais ce ph\u00e9nom\u00e8ne commence \u00e0 prendre de l\u2019ampleur.<\/h3>\n\n\n\n<p><strong>Le Soleil: Par Abdou Khadir Seck<\/strong><\/p>\n\n\n\n<p>Il est difficile de joindre ce jeune m\u00e9decin. Son t\u00e9l\u00e9phone sonne presque toujours dans le vide. Dr Abdou Lahat Diop, p\u00e9diatre \u00e0 l\u2019H\u00f4pital Roi Baudouin \u00e0 Gu\u00e9diawaye se justifie par une charge de travail \u00e9lev\u00e9e. Il a beaucoup de patients. Lui qui avait d\u00e9j\u00e0 exerc\u00e9 en France pense s\u00e9rieusement \u00e0 retourner. La raison est toute simple. \u00ab Je pense que j\u2019\u00e9tais plus \u00e9panoui professionnellement en France qu\u2019au S\u00e9n\u00e9gal \u00bb, l\u00e2che-t-il. Ses propos traduisent un malaise auquel les soignants sont confront\u00e9s actuellement.<\/p>\n\n\n\n<p>Aujourd\u2019hui, la fuite des cerveaux des m\u00e9decins S\u00e9n\u00e9galais vers la France est une r\u00e9alit\u00e9. Un ph\u00e9nom\u00e8ne nouveau qui a des r\u00e9percussions sur le syst\u00e8me sanitaire s\u00e9n\u00e9galais. Dr Mamadou Demba Ndour, secr\u00e9taire g\u00e9n\u00e9ral du Syndicat autonome des m\u00e9decins du S\u00e9n\u00e9gal (Sames), et officiant \u00e0 Matam constate cet exode. Selon lui, la tendance actuelle est que les jeunes m\u00e9decins d\u00e8s la fin de la formation cherchent \u00e0 partir. \u00ab Ils ne pratiquent m\u00eame pas le m\u00e9tier, c\u2019est cela qui est dangereux. Ils se sont inspir\u00e9s du d\u00e9s\u0153uvrement des ain\u00e9s. Les m\u00e9decins ne s\u2019\u00e9panouissent pas dans leur travail au S\u00e9n\u00e9gal. C\u2019est ce qui a d\u00e9courag\u00e9 les jeunes avant m\u00eame qu\u2019ils n\u2019aient subi les m\u00eames travers \u00bb, a expliqu\u00e9 Mamadou Demba Ndour.<\/p>\n\n\n\n<p>Le secr\u00e9taire g\u00e9n\u00e9ral du Sames regrette la fuite de cerveaux chez les m\u00e9decins. \u00ab Si on n\u2019y prend garde, on va continuer \u00e0 bien former des jeunes cadres de la sant\u00e9 mais ce sont les autres pays comme la France qui vont en b\u00e9n\u00e9ficier. Elle va attendre qu\u2019on forme nos m\u00e9decins, avant de leur proposer des conditions de travail beaucoup plus favorables que dans leur pays d\u2019origine \u00bb, a soulign\u00e9 M. Ndour.<\/p>\n\n\n\n<p><strong>Epanouissement professionnel<\/strong><\/p>\n\n\n\n<p>La France est attractive pour les m\u00e9decins S\u00e9n\u00e9galais. Elle offre beaucoup d\u2019opportunit\u00e9s notamment sur les conditions d\u2019\u00e9tudes et de travail. C\u2019est ce que semble dire Dr Boubacar Signat\u00e9, m\u00e9decin urgentiste en service au Centre hospitalier de Cayenne Andr\u00e9e Rosemon, aux Urgences Samu-973 en Guyane fran\u00e7aise. Il est loin de son S\u00e9n\u00e9gal natal car ce d\u00e9partement fran\u00e7ais est situ\u00e9 dans le nord-est de l\u2019Am\u00e9rique du Sud, entre le Surinam et le Br\u00e9sil appartient \u00e0 la France. \u00ab Les fili\u00e8res d\u2019\u00e9tudes sont limit\u00e9es, ce qui fait que beaucoup de m\u00e9decins qui d\u00e9sirent se sp\u00e9cialiser dans des fili\u00e8res qui n\u2019existent pas au S\u00e9n\u00e9gal, vont \u00e0 l\u2019\u00e9tranger et ne reviennent g\u00e9n\u00e9ralement pas \u00bb, a indiqu\u00e9 Dr Boubacar Signat\u00e9 \u00ab A cela, il faut combiner un salaire attractif et une prise en charge du logement et du transport \u00bb, a-t-il ajout\u00e9.<\/p>\n\n\n\n<p>Le p\u00e9diatre Dr Abdou Lahat Diop qui a eu \u00e0 pratiquer en France marque la nette diff\u00e9rence. \u00ab Cot\u00e9 sant\u00e9, on a une meilleure prise en charge. Nous avons la carte vitale qui assure une prise en charge optimale avec peu de frais. Dans certains cas, c\u2019est une prise en charge \u00e0 100%. Tous les membres de votre famille en b\u00e9n\u00e9ficient. Cot\u00e9 r\u00e9mun\u00e9ration, le salaire est beaucoup plus cons\u00e9quent. Ces avantages sont accompagn\u00e9s \u00e0 de nombreuses et p\u00e9nibles ann\u00e9es d\u2019\u00e9tudes. Il y a une existence de primes et d\u2019heures suppl\u00e9mentaires \u00bb, a justifi\u00e9 le m\u00e9decin. De bonnes conditions sociales qui contrastent avec celles que l\u2019on retrouve au S\u00e9n\u00e9gal.<\/p>\n\n\n\n<p><strong>Cong\u00e9s<br><\/strong><br>Le Secr\u00e9taire g\u00e9n\u00e9ral du Sames, Dr Mamadou Demba Ndour, signale qu\u2019au S\u00e9n\u00e9gal, \u00ab le m\u00e9decin n\u2019a pas de logement, ni un v\u00e9hicule de fonction \u00e0 ce niveau de responsabilit\u00e9 \u00bb. \u00ab Dans les r\u00e9gions, le m\u00e9decin est le cadre le plus form\u00e9. Malheureusement, il n\u2019est pas socialement couvert. Il est largu\u00e9 de loin compar\u00e9 \u00e0 d\u2019autres fonctionnaires de la m\u00eame hi\u00e9rarchie \u00bb, ajoute Dr Ndour. Son coll\u00e8gue, Dr Boubacar Signat\u00e9 pointe un autre point non n\u00e9gligeable. Il s\u2019agit de l\u2019environnement de travail. Selon lui, \u00ab en commen\u00e7ant par les locaux, les \u00e9quipements techniques obsol\u00e8tes et parfois dangereux aussi bien pour le praticien que pour le patient. Vient ensuite le d\u00e9ficit en personnel param\u00e9dical peu qualifi\u00e9, peu motiv\u00e9 et travaillant dans des conditions difficiles au m\u00eame titre que les m\u00e9decins \u00bb. Il a ajout\u00e9 que \u00ab les salaires d\u2019un m\u00e9decin exer\u00e7ant en France sont 5 \u00e0 6 fois plus \u00e9lev\u00e9s que ceux du S\u00e9n\u00e9gal. \u00bb<\/p>\n\n\n\n<p>En plus, il y a moins de travail pour un m\u00e9decin en France. \u00ab Le temps de travail est r\u00e8glement\u00e9 et d\u00e9compt\u00e9 de fa\u00e7on scrupuleuse. Les heures suppl\u00e9mentaires sont r\u00e9mun\u00e9r\u00e9es ou transform\u00e9es en cong\u00e9s. C\u2019est le cas \u00e9galement dans les autres pays d\u2019accueil des m\u00e9decins s\u00e9n\u00e9galais comme le Canada ou la Belgique \u00bb, a soutenu Dr Boubacar Signat\u00e9. Les praticiens invitent l\u2019Etat \u00e0 valoriser les salaires mais aussi d\u2019am\u00e9liorer la couverture sociale et garantir les conditions d\u2019\u00e9panouissement des m\u00e9decins et de leurs familles par un accompagnement institutionnalis\u00e9 pour l\u2019acc\u00e8s au logement, aux biens et services entre autres.<\/p>\n\n\n\n<p>xxxxxxxxxxxxxxxxxxxxxxxxxxxxxxxxxxxxxxxxxxxxxxxxxxxxxxxxxxxxxx<\/p>\n\n\n\n<p><strong>JUSTICE<br><br>Les m\u00e9decins condamn\u00e9s dans l\u2019exercice de leur fonction<\/strong><\/p>\n\n\n\n<p>En plus du maigre salaire et des conditions de travail difficiles, le m\u00e9decin s\u00e9n\u00e9galais est expos\u00e9 en cas d\u2019erreur m\u00e9dicale. Le secr\u00e9taire g\u00e9n\u00e9ral du Syndicat autonome des m\u00e9decins du S\u00e9n\u00e9gal (Sames), Dr Mamadou Demba Ndour, a rappel\u00e9 quelques proc\u00e8s qui ces derni\u00e8res ann\u00e9es ont largement popularis\u00e9 l\u2019id\u00e9e que la pratique de la m\u00e9decine peut vous cr\u00e9er des probl\u00e8mes. Ce qui fait naitre une certaine peur de la part des praticiens. \u00ab Il ne fait plus bon vivre dans les h\u00f4pitaux. La judiciarisation excessive de la pratique m\u00e9dicale est un aspect non n\u00e9gligeable. Quand on sait que tous les dossiers pass\u00e9s ces 3 derni\u00e8res ann\u00e9es, l\u2019\u00c9tat s\u2019est totalement d\u00e9charg\u00e9 sur les agents de sant\u00e9. Ces derniers ont \u00e9t\u00e9 jug\u00e9s et condamn\u00e9s \u00bb, constate le syndicaliste qui demande aux autorit\u00e9s d\u2019\u00eatre aux c\u00f4t\u00e9s des m\u00e9decins jug\u00e9s.<\/p>\n\n\n\n<p>Dr Ndour a plaid\u00e9 aussi pour le rel\u00e8vement du salaire du m\u00e9decin et le retour d\u2019un climat de s\u00e9r\u00e9nit\u00e9. Il estime que l\u2019\u00c9tat a la responsabilit\u00e9 de garantir les conditions optimales d\u2019\u00e9panouissement des m\u00e9decins. Il faut \u00e9galement augmenter, selon lui, le nombre d\u2019universit\u00e9s qui \u0153uvrent dans le domaine de la sant\u00e9.<\/p>\n\n\n\n<p>xxxxxxxxxxxxxxxxxxxxxxxxxxxxxxxxxxxxxxxxxxxxxxxxxxxxxxxxxx<\/p>\n\n\n\n<p><strong>Le \u00ab passeport talent \u00bb pour attirer les m\u00e9decins S\u00e9n\u00e9galais<br><\/strong><br>Un projet de loi pour contr\u00f4ler l\u2019immigration et am\u00e9liorer l\u2019int\u00e9gration a \u00e9t\u00e9 adopt\u00e9 en France en ce mois de f\u00e9vrier 2023 en conseil des ministres. Le gouvernement fran\u00e7ais veut aussi introduire une carte de s\u00e9jour sp\u00e9cifique pour les m\u00e9tiers en tension. Elle permettrait aux m\u00e9decins et soignants de venir travailler en France pour une dur\u00e9e limit\u00e9e. Avec ce projet de loi, un exode massif des m\u00e9decins s\u00e9n\u00e9galais est \u00e0 craindre. Selon le quotidien Le Monde, ce texte est destin\u00e9 \u00e0 am\u00e9liorer l\u2019attractivit\u00e9 de la France, ce nouveau titre de s\u00e9jour \u00ab pluriannuel \u00bb d\u2019une dur\u00e9e \u00ab maximale de treize mois renouvelables une fois \u00bb.<\/p>\n\n\n\n<p>Ce document \u00ab talent-profession m\u00e9dicale et de pharmacie \u00bb concernera les m\u00e9decins \u00e9trangers, les sages-femmes, les chirurgiens-dentistes et les pharmaciens. Ce projet de loi vise \u00e0 attirer des m\u00e9decins \u00e9trangers et \u00ab r\u00e9pondre au besoin de recrutement \u00bb dans le secteur de la sant\u00e9. Une aubaine pour les m\u00e9decins qui veulent migrer vers la France puisque le recrutement pose encore des probl\u00e8mes au S\u00e9n\u00e9gal.<\/p>\n\n\n\n<p>[Focus] Exode des m\u00e9decins s\u00e9n\u00e9galais : Diagnostic d\u2019un mal<br>AWA FALL DIAGNE, DIRECTRICE DES RESSOURCES HUMAINES AU MINIST\u00c8RE DE LA SANT\u00c9<\/p>\n\n\n\n<p>\u00ab Il est difficile de chiffrer l\u2019ampleur de cette \u00ab fuite des cerveaux \u00bb<\/p>\n\n\n\n<p>Interrog\u00e9e sur ce ph\u00e9nom\u00e8ne, la directrice des Ressources humaines au minist\u00e8re de la Sant\u00e9 et de l\u2019Action sociale, Madame Awa Fall Diagne donne sa version. Selon elle, il est difficile de chiffrer l\u2019ampleur de cette \u00ab fuite des cerveaux \u00bb des m\u00e9decins et autres soignants vers la France faute de donn\u00e9es. Awa Fall Diagne juge cependant regrettable cette situation. \u00ab Il est difficilement de donner le nombre exact de m\u00e9decins concern\u00e9s par cet exode. Cependant, nous essayons de faire un suivi par rapport \u00e0 ceux qui sont recrut\u00e9s et partent parfois faire une formation continue \u00bb, a soulign\u00e9 Mme Diagne. Malgr\u00e9 l\u2019absence des statistiques quelques chiffres sont disponibles. En 2022, le S\u00e9n\u00e9gal a perdu 9 anesth\u00e9sistes r\u00e9animateurs en un mois.<\/p>\n\n\n\n<p><strong>LESOLEIL<\/strong><\/p>\n","protected":false},"excerpt":{"rendered":"<p>[Focus] Exode des m\u00e9decins s\u00e9n\u00e9galais : Diagnostic d\u2019un mal Le d\u00e9part des m\u00e9decins s\u00e9n\u00e9galais principalement vers la France est devenue<\/p>\n","protected":false},"author":1,"featured_media":7743,"comment_status":"open","ping_status":"open","sticky":false,"template":"","format":"standard","meta":{"footnotes":""},"categories":[21],"tags":[],"class_list":["post-7742","post","type-post","status-publish","format-standard","has-post-thumbnail","hentry","category-societe"],"_links":{"self":[{"href":"https:\/\/dekkbi.com\/index.php?rest_route=\/wp\/v2\/posts\/7742","targetHints":{"allow":["GET"]}}],"collection":[{"href":"https:\/\/dekkbi.com\/index.php?rest_route=\/wp\/v2\/posts"}],"about":[{"href":"https:\/\/dekkbi.com\/index.php?rest_route=\/wp\/v2\/types\/post"}],"author":[{"embeddable":true,"href":"https:\/\/dekkbi.com\/index.php?rest_route=\/wp\/v2\/users\/1"}],"replies":[{"embeddable":true,"href":"https:\/\/dekkbi.com\/index.php?rest_route=%2Fwp%2Fv2%2Fcomments&post=7742"}],"version-history":[{"count":1,"href":"https:\/\/dekkbi.com\/index.php?rest_route=\/wp\/v2\/posts\/7742\/revisions"}],"predecessor-version":[{"id":7744,"href":"https:\/\/dekkbi.com\/index.php?rest_route=\/wp\/v2\/posts\/7742\/revisions\/7744"}],"wp:featuredmedia":[{"embeddable":true,"href":"https:\/\/dekkbi.com\/index.php?rest_route=\/wp\/v2\/media\/7743"}],"wp:attachment":[{"href":"https:\/\/dekkbi.com\/index.php?rest_route=%2Fwp%2Fv2%2Fmedia&parent=7742"}],"wp:term":[{"taxonomy":"category","embeddable":true,"href":"https:\/\/dekkbi.com\/index.php?rest_route=%2Fwp%2Fv2%2Fcategories&post=7742"},{"taxonomy":"post_tag","embeddable":true,"href":"https:\/\/dekkbi.com\/index.php?rest_route=%2Fwp%2Fv2%2Ftags&post=7742"}],"curies":[{"name":"wp","href":"https:\/\/api.w.org\/{rel}","templated":true}]}}