{"id":7716,"date":"2023-02-28T16:03:13","date_gmt":"2023-02-28T16:03:13","guid":{"rendered":"https:\/\/dekkbi.com\/?p=7716"},"modified":"2023-02-28T16:03:14","modified_gmt":"2023-02-28T16:03:14","slug":"apres-un-accord-historique-rishi-sunak-en-mission-en-irlande-du-nord-pour-convaincre","status":"publish","type":"post","link":"https:\/\/dekkbi.com\/?p=7716","title":{"rendered":"Apr\u00e8s un accord \u00ab\u00a0historique\u00a0\u00bb, Rishi Sunak en mission en Irlande du Nord pour convaincre"},"content":{"rendered":"\n<p><a href=\"https:\/\/www.addthis.com\/bookmark.php?v=300\"><\/a><a href=\"https:\/\/www.addthis.com\/bookmark.php?v=300\"><\/a><a rel=\"noreferrer noopener\" href=\"https:\/\/www.addthis.com\/bookmark.php?v=300\" target=\"_blank\"><\/a><a rel=\"noreferrer noopener\" href=\"https:\/\/www.addthis.com\/bookmark.php?v=300\" target=\"_blank\"><\/a>Le Premier ministre britannique Rishi Sunak s&rsquo;est rendu mardi en Irlande du Nord pour convaincre des bienfaits de l&rsquo;accord \u00ab\u00a0historique\u00a0\u00bb conclu avec l&rsquo;Union europ\u00e9enne concernant les dispositions post-Brexit, esp\u00e9rant mettre fin \u00e0 plus d&rsquo;un an de blocage politique dans la province.<\/p>\n\n\n\n<p>Apr\u00e8s des mois de tensions, Rishi Sunak et la pr\u00e9sidente de la Commission europ\u00e9enne Ursula von der Leyen ont pr\u00e9sent\u00e9 lundi un nouvel accord modifiant le protocole nord-irlandais, cens\u00e9 proposer des solutions pratiques aux difficult\u00e9s d&rsquo;approvisionnement et aux inqui\u00e9tudes politiques cr\u00e9\u00e9es par l&rsquo;ancien compromis.<\/p>\n\n\n\n<p>La guerre de la saucisse un temps redout\u00e9e n&rsquo;aura pas lieu: la viande r\u00e9frig\u00e9r\u00e9e britannique pourra \u00eatre vendue dans les rayons nord-irlandais, tandis que les Anglais pourront envoyer des colis \u00e0 leurs proches \u00e0 Belfast sans d\u00e9claration de douanes ou se rendre dans la province avec leur chien sans certificat v\u00e9t\u00e9rinaire.<\/p>\n\n\n\n<p>Rishi Sunak doit maintenant convaincre le principal parti unioniste, l&rsquo;ultraconservateur Democratic Unionist Party (DUP), farouchement oppos\u00e9s \u00e0 l&rsquo;ancien protocole nord-irlandais, d&rsquo;adh\u00e9rer au nouveau compromis et lever son boycott de l&rsquo;ex\u00e9cutif local, paralys\u00e9 depuis un an. Le mouvement r\u00e9serve sa r\u00e9ponse.<\/p>\n\n\n\n<p>Il s&rsquo;agit \u00ab\u00a0d&rsquo;un fantastique accord qui r\u00e9pond \u00e0 tout ce qui compte pour les gens\u00a0\u00bb, a assur\u00e9 Rishi Sunak en visitant une usine Coca Cola pr\u00e8s de Belfast. \u00ab\u00a0Donc maintenant j&rsquo;esp\u00e8re qu&rsquo;ils vont voir que c&rsquo;est le cas et qu&rsquo;ils vont trouver un moyen de se retrouver ensemble\u00a0\u00bb, a-t-il dit, sans nommer le DUP.<\/p>\n\n\n\n<p>&#8211; \u00ab\u00a0L&rsquo;impossible\u00a0\u00bb?-<\/p>\n\n\n\n<p>Baptis\u00e9 \u00ab\u00a0cadre de Windsor\u00a0\u00bb, le nouvel accord entend notamment permettre des \u00e9changes commerciaux plus fluides entre la Grande-Bretagne et l&rsquo;Irlande du Nord, rendus complexes avec l&rsquo;ancien protocole n\u00e9goci\u00e9 en 2020 par Boris Johnson.<\/p>\n\n\n\n<p>Ce protocole voulait \u00e9viter une fronti\u00e8re entre l&rsquo;Irlande et l&rsquo;Irlande du Nord qui risquerait de fragiliser la paix apr\u00e8s des d\u00e9cennies de conflit, tout en prot\u00e9geant le march\u00e9 unique europ\u00e9en.<\/p>\n\n\n\n<p>Il cr\u00e9ait de facto une fronti\u00e8re en mer d&rsquo;Irlande, inacceptable pour les unionistes qui d\u00e9fendent l&rsquo;appartenance de la province au Royaume-Uni. Il posait aussi des probl\u00e8mes pratiques en imposant notamment des contr\u00f4les douaniers sur les produits arrivant en Irlande du Nord depuis la Grande-Bretagne.<\/p>\n\n\n\n<p><a><\/a><a href=\"https:\/\/information.tv5monde.com\/info\/apres-un-accord-historique-rishi-sunak-en-mission-en-irlande-du-nord-pour-convaincre-490277#photo1\"><\/a><a href=\"https:\/\/information.tv5monde.com\/video\/jpg\/fde7611a-9727-4297-8039-5d78d2bc3068.jpg\"><\/a><a href=\"https:\/\/information.tv5monde.com\/video\/qt-hi\/fde7611a-9727-4297-8039-5d78d2bc3068.640x360.mp4\"><\/a>Avec le nouveau compromis, seules les marchandises vou\u00e9es \u00e0 \u00eatre export\u00e9es en R\u00e9publique d&rsquo;Irlande, donc sur le march\u00e9 unique europ\u00e9en, seront soumises \u00e0 des contr\u00f4les.<\/p>\n\n\n\n<p>A l&rsquo;approche du 25e anniversaire en avril de l&rsquo;accord de paix ayant mis fin aux sanglants troubles (3.500 morts en trois d\u00e9cennies), l&rsquo;accord a \u00e9t\u00e9 salu\u00e9 lundi comme une \u00ab\u00a0\u00e9tape essentielle\u00a0\u00bb pour la paix par le pr\u00e9sident am\u00e9ricain Joe Biden et accueilli avec enthousiasme par Paris, Berlin, Dublin et les milieux d&rsquo;affaire britanniques.<\/p>\n\n\n\n<p>\u00ab\u00a0Rishi a-t-il r\u00e9alis\u00e9 l&rsquo;impossible?\u00a0\u00bb titre mardi le tablo\u00efd The Daily Mail. Pour le Telegraph, il s&rsquo;agit de la \u00ab\u00a0meilleure journ\u00e9e\u00a0\u00bb du Premier ministre depuis son arriv\u00e9e \u00e0 Downing Street en octobre.<\/p>\n\n\n\n<p>Alors que le texte doit \u00eatre soumis au vote des d\u00e9put\u00e9s, le Premier ministre doit s&rsquo;expliquer lundi apr\u00e8s-midi devant des \u00e9lus de sa majorit\u00e9, notamment le \u00ab\u00a0groupe europ\u00e9en de recherche\u00a0\u00bb qui regroupe des eurosceptiques.<\/p>\n\n\n\n<p>&#8211; La position du DUP &#8211;<\/p>\n\n\n\n<p>Si le gouvernement britannique semble pour l&rsquo;instant avoir \u00e9vit\u00e9 la fronde redout\u00e9e de l&rsquo;aile droite de sa majorit\u00e9, reste \u00e0 voir quelle sera la position du DUP, oppos\u00e9 \u00e0 toute remise en cause de la place de l&rsquo;Irlande du Nord au sein du Royaume-Uni.<\/p>\n\n\n\n<p>Le parti bloque le fonctionnement de l&rsquo;ex\u00e9cutif local depuis un an, r\u00e9clamant un abandon du protocole et refusant toute application de facto du droit europ\u00e9en dans la province britannique.<\/p>\n\n\n\n<p>Pour r\u00e9pondre aux pr\u00e9occupations des unionistes, le Parlement local disposera d&rsquo;un m\u00e9canisme permettant de bloquer l&rsquo;application de nouvelles r\u00e8gles europ\u00e9ennes en Irlande du Nord.<\/p>\n\n\n\n<p>Le chef du DUP Jeffrey Donaldson a estim\u00e9 mardi que l&rsquo;accord r\u00e9pondait \u00ab\u00a0en partie aux pr\u00e9occupations\u00a0\u00bb: \u00ab\u00a0Il reste des questions sur lesquelles nous continuons \u00e0 discuter avec le gouvernement et nous prendrons notre temps\u00a0\u00bb pour l&rsquo;\u00e9tudier.<\/p>\n\n\n\n<p>Ian Paisley, un d\u00e9put\u00e9 DUP, a d\u00e9j\u00e0 estim\u00e9 que le nouvel accord n&rsquo;\u00e9tait \u00ab\u00a0pas \u00e0 la hauteur\u00a0\u00bb.<\/p>\n\n\n\n<p>\u00ab\u00a0Il est tout \u00e0 fait compr\u00e9hensible qu&rsquo;ils (les unionistes du DUP) veuillent examiner les d\u00e9tails de ce projet\u00a0\u00bb, a r\u00e9agi sur Sky News le ministre britannique des Affaires \u00e9trang\u00e8res, James Cleverly. Mais \u00ab\u00a0s&rsquo;ils ne r\u00e9int\u00e8grent pas l&rsquo;ex\u00e9cutif de partage du pouvoir, ce sera extr\u00eamement d\u00e9cevant.\u00a0\u00bb<video preload=\"auto\" src=\"https:\/\/information.tv5monde.com\/sites\/info.tv5monde.com\/files\/jwplayerfield\/fde7611a-9727-4297-8039-5d78d2bc3068.640x360.mp4\"><\/video>Lire la vid\u00e9o<\/p>\n\n\n\n<p>Par Callum PATON avec Valentine GRAVELEAU \u00e0 Londres<\/p>\n\n\n\n<p><a href=\"https:\/\/information.tv5monde.com\/auteur\/afp\">AFP<\/a><\/p>\n\n\n\n<p>\u00a9 2023 AFP<\/p>\n\n\n\n<p>Mise \u00e0 jour 28.02.2023 \u00e0 14:<\/p>\n","protected":false},"excerpt":{"rendered":"<p>Le Premier ministre britannique Rishi Sunak s&rsquo;est rendu mardi en Irlande du Nord pour convaincre des bienfaits de l&rsquo;accord \u00ab\u00a0historique\u00a0\u00bb<\/p>\n","protected":false},"author":1,"featured_media":7717,"comment_status":"open","ping_status":"open","sticky":false,"template":"","format":"standard","meta":{"footnotes":""},"categories":[6],"tags":[],"class_list":["post-7716","post","type-post","status-publish","format-standard","has-post-thumbnail","hentry","category-politics"],"_links":{"self":[{"href":"https:\/\/dekkbi.com\/index.php?rest_route=\/wp\/v2\/posts\/7716","targetHints":{"allow":["GET"]}}],"collection":[{"href":"https:\/\/dekkbi.com\/index.php?rest_route=\/wp\/v2\/posts"}],"about":[{"href":"https:\/\/dekkbi.com\/index.php?rest_route=\/wp\/v2\/types\/post"}],"author":[{"embeddable":true,"href":"https:\/\/dekkbi.com\/index.php?rest_route=\/wp\/v2\/users\/1"}],"replies":[{"embeddable":true,"href":"https:\/\/dekkbi.com\/index.php?rest_route=%2Fwp%2Fv2%2Fcomments&post=7716"}],"version-history":[{"count":1,"href":"https:\/\/dekkbi.com\/index.php?rest_route=\/wp\/v2\/posts\/7716\/revisions"}],"predecessor-version":[{"id":7718,"href":"https:\/\/dekkbi.com\/index.php?rest_route=\/wp\/v2\/posts\/7716\/revisions\/7718"}],"wp:featuredmedia":[{"embeddable":true,"href":"https:\/\/dekkbi.com\/index.php?rest_route=\/wp\/v2\/media\/7717"}],"wp:attachment":[{"href":"https:\/\/dekkbi.com\/index.php?rest_route=%2Fwp%2Fv2%2Fmedia&parent=7716"}],"wp:term":[{"taxonomy":"category","embeddable":true,"href":"https:\/\/dekkbi.com\/index.php?rest_route=%2Fwp%2Fv2%2Fcategories&post=7716"},{"taxonomy":"post_tag","embeddable":true,"href":"https:\/\/dekkbi.com\/index.php?rest_route=%2Fwp%2Fv2%2Ftags&post=7716"}],"curies":[{"name":"wp","href":"https:\/\/api.w.org\/{rel}","templated":true}]}}