{"id":7683,"date":"2023-02-28T15:34:10","date_gmt":"2023-02-28T15:34:10","guid":{"rendered":"https:\/\/dekkbi.com\/?p=7683"},"modified":"2023-02-28T15:34:11","modified_gmt":"2023-02-28T15:34:11","slug":"le-franco-senegalais-oumar-ba-declare-sa-candidature-aux-elections-legislatives-des-francais-de-letranger","status":"publish","type":"post","link":"https:\/\/dekkbi.com\/?p=7683","title":{"rendered":"Le Franco-S\u00e9n\u00e9galais Oumar Ba d\u00e9clare sa candidature aux \u00e9lections l\u00e9gislatives des Fran\u00e7ais de l\u2019\u00e9tranger"},"content":{"rendered":"\n<p>(APS) \u2013 Le Franco-S\u00e9n\u00e9galais Oumar Ba a fait une d\u00e9claration de candidature aux \u00e9lections l\u00e9gislatives de la neuvi\u00e8me circonscription des Fran\u00e7ais de l\u2019\u00e9tranger pr\u00e9vues les 2 et 16 avril 2023, a constat\u00e9 l\u2019APS, lundi, \u00e0 Dakar.<\/p>\n\n\n\n<p>\u2018\u2019Je suis, \u00e0 mon avis, le meilleur [profil] pour assurer la repr\u00e9sentation de la France au S\u00e9n\u00e9gal et en Afrique. On ne peut pas avoir un d\u00e9put\u00e9 qui a le profil aussi id\u00e9al que le mien pour la France. Ma candidature est une chance pour la France\u2019\u2019, a-t-il soutenu lors d\u2019une conf\u00e9rence de presse.<\/p>\n\n\n\n<p>Ce ressortissant de Boyinadji, un village du nord du S\u00e9n\u00e9gal, a entam\u00e9 ses \u00e9tudes dans son pays de naissance avant de les poursuivre en France.<\/p>\n\n\n\n<p>Sa candidature prend en compte les probl\u00e8mes auxquels les Fran\u00e7ais vivant \u00e0 l\u2019\u00e9tranger sont confront\u00e9s, a-t-il dit, promettant de travailler \u00e0 la revalorisation des pensions de retraite des citoyens de la France vivant dans la neuvi\u00e8me circonscription des Fran\u00e7ais de l\u2019\u00e9tranger.<\/p>\n\n\n\n<p>Il a promis un remplacement de l\u2019assurance sant\u00e9 des expatri\u00e9s par un r\u00e9gime g\u00e9n\u00e9ral de s\u00e9curit\u00e9 sociale pour tous les Fran\u00e7ais vivant hors de leur pays.<\/p>\n\n\n\n<p>Oumar Ba a pris l\u2019engagement d\u2019assurer la gratuit\u00e9 de la scolarit\u00e9 des enfants fran\u00e7ais vivant hors de la France. Ils ont victimes d\u2019une discrimination, selon lui.<\/p>\n\n\n\n<p>M. Ba a promis aussi de r\u00e9concilier la France avec une partie de la jeunesse d\u2019Afrique subsaharienne qui, selon lui, entretient l\u2019hostilit\u00e9 avec ce pays d\u2019Europe. \u2018\u2019Je suis le candidat qu\u2019il faut pour que cette r\u00e9conciliation soit une r\u00e9alit\u00e9.\u2019\u2019<\/p>\n\n\n\n<p>De m\u00eame s\u2019est-il engag\u00e9 \u00e0 entreprendre des r\u00e9formes en mati\u00e8re de coop\u00e9ration entre la France et les pays africains, ceux du Sahel notamment, et \u00e0 contribuer, s\u2019il est \u00e9lu d\u00e9put\u00e9, \u00e0 la s\u00e9curit\u00e9 des Fran\u00e7ais vivant dans cette partie de l\u2019Afrique.<\/p>\n\n\n\n<p>\u2018\u2019Nous devons [\u2026] respecter la souverainet\u00e9 de ces Etats amis de la France\u2019\u2019, a soutenu Oumar Ba.<\/p>\n\n\n\n<p>M. Ba, \u00e2g\u00e9 d\u2019une cinquantaine d\u2019ann\u00e9es, d\u00e9clare r\u00e9sider en France depuis pr\u00e8s de trente ans.<\/p>\n\n\n\n<p>Militant du Mouvement d\u00e9mocratique, le parti politique de l\u2019ancien ministre Fran\u00e7ois Bayrou, il si\u00e8ge \u00e0 son comit\u00e9 central et \u00e0 son secr\u00e9tariat f\u00e9d\u00e9ral.<\/p>\n\n\n\n<p>La neuvi\u00e8me circonscription des Fran\u00e7ais de l\u2019\u00e9tranger est constitu\u00e9e de pays du Maghreb (Alg\u00e9rie, Libye, Maroc et Tunisie) et de 12 pays d\u2019Afrique de l\u2019Ouest. Elle concentre une population de 177.137 citoyens fran\u00e7ais.<\/p>\n","protected":false},"excerpt":{"rendered":"<p>(APS) \u2013 Le Franco-S\u00e9n\u00e9galais Oumar Ba a fait une d\u00e9claration de candidature aux \u00e9lections l\u00e9gislatives de la neuvi\u00e8me circonscription des<\/p>\n","protected":false},"author":1,"featured_media":7684,"comment_status":"open","ping_status":"open","sticky":false,"template":"","format":"standard","meta":{"footnotes":""},"categories":[6],"tags":[],"class_list":["post-7683","post","type-post","status-publish","format-standard","has-post-thumbnail","hentry","category-politics"],"_links":{"self":[{"href":"https:\/\/dekkbi.com\/index.php?rest_route=\/wp\/v2\/posts\/7683","targetHints":{"allow":["GET"]}}],"collection":[{"href":"https:\/\/dekkbi.com\/index.php?rest_route=\/wp\/v2\/posts"}],"about":[{"href":"https:\/\/dekkbi.com\/index.php?rest_route=\/wp\/v2\/types\/post"}],"author":[{"embeddable":true,"href":"https:\/\/dekkbi.com\/index.php?rest_route=\/wp\/v2\/users\/1"}],"replies":[{"embeddable":true,"href":"https:\/\/dekkbi.com\/index.php?rest_route=%2Fwp%2Fv2%2Fcomments&post=7683"}],"version-history":[{"count":1,"href":"https:\/\/dekkbi.com\/index.php?rest_route=\/wp\/v2\/posts\/7683\/revisions"}],"predecessor-version":[{"id":7685,"href":"https:\/\/dekkbi.com\/index.php?rest_route=\/wp\/v2\/posts\/7683\/revisions\/7685"}],"wp:featuredmedia":[{"embeddable":true,"href":"https:\/\/dekkbi.com\/index.php?rest_route=\/wp\/v2\/media\/7684"}],"wp:attachment":[{"href":"https:\/\/dekkbi.com\/index.php?rest_route=%2Fwp%2Fv2%2Fmedia&parent=7683"}],"wp:term":[{"taxonomy":"category","embeddable":true,"href":"https:\/\/dekkbi.com\/index.php?rest_route=%2Fwp%2Fv2%2Fcategories&post=7683"},{"taxonomy":"post_tag","embeddable":true,"href":"https:\/\/dekkbi.com\/index.php?rest_route=%2Fwp%2Fv2%2Ftags&post=7683"}],"curies":[{"name":"wp","href":"https:\/\/api.w.org\/{rel}","templated":true}]}}