{"id":7680,"date":"2023-02-28T15:31:01","date_gmt":"2023-02-28T15:31:01","guid":{"rendered":"https:\/\/dekkbi.com\/?p=7680"},"modified":"2023-02-28T15:31:02","modified_gmt":"2023-02-28T15:31:02","slug":"guinee-le-dialogue-entre-pouvoir-et-forces-vives-au-point-mort","status":"publish","type":"post","link":"https:\/\/dekkbi.com\/?p=7680","title":{"rendered":"Guin\u00e9e : le dialogue entre pouvoir et \u00ab Forces vives \u00bb au point mort"},"content":{"rendered":"\n<p><strong>(APA)- En Guin\u00e9e, apr\u00e8s l\u2019annonce d\u2019une marche pacifique par les forces vives de Guin\u00e9e, le Gouvernement guin\u00e9en a convi\u00e9 les entit\u00e9s engag\u00e9es \u00e0 un dialogue ce mardi 28 f\u00e9vrier, \u00e0 la Primature.&nbsp;<\/strong><\/p>\n\n\n\n<p>Dans son communiqu\u00e9 lu sur les antennes de la Radiot\u00e9l\u00e9vision guin\u00e9enne (RTG) lundi, le Premier ministre a rappel\u00e9 que le seul espace d\u2019\u00e9change avec tous les acteurs politiques et de la Soci\u00e9t\u00e9 civile sur la vie de la nation est le cadre de dialogue inclusif inter guin\u00e9en cr\u00e9\u00e9 par d\u00e9cret, le 09 septembre 2022 et plac\u00e9 sous son autorit\u00e9.<\/p>\n\n\n\n<p>Toutefois, conform\u00e9ment \u00e0 la politique de la main tendue du pr\u00e9sident du Comit\u00e9 national du rassemblement pour le d\u00e9veloppement (CNRD), en vue de consolider la coh\u00e9sion et l\u2019unit\u00e9 nationale, le Premier ministre a invit\u00e9 l\u2019ensemble des acteurs socio-politiques r\u00e9unis au sein du Forum des Forces vives de Guin\u00e9e \u00e0 \u00ab\u00a0<em>une rencontre ce mardi 28 f\u00e9vrier 2023 \u00e0 13H 00 \u00e0 la Primature<\/em>\u00a0\u00bb a indiqu\u00e9 Dr Bernard Goumou.<\/p>\n\n\n\n<p>Les Forces vives de Guin\u00e9e (FVG) constitu\u00e9es par le Front National pour la D\u00e9fense de la Constitution (FNDC), le Forum des Forces Politiques (FFP), le Forum des Forces Sociales de Guin\u00e9e (FFSG), l\u2019Alliance Nationale pour l\u2019Alternance D\u00e9mocratique (ANAD), le FNDC-politique et le RPG-AEC et Alli\u00e9s principales entit\u00e9s invit\u00e9es \u00e0 rencontrer les autorit\u00e9s de la transition, ont toutefois r\u00e9agi \u00e0 cette main tendue du gouvernement de la transition.<\/p>\n\n\n\n<p>Pour les organisateurs de la marche pacifique pr\u00e9vue dans le Grand Conakry le 09 mars prochain, le seul espace d\u2019\u00e9change avec tous les acteurs politiques et de la soci\u00e9t\u00e9 civile est le cadre de dialogue cr\u00e9\u00e9 par le d\u00e9cret le 09 septembre 2022. Mais, d\u00e9noncent-t-ils, le Premier Ministre \u00ab\u00a0<em>a ferm\u00e9 toute ouverture \u00e0 une concertation avec les Forces Vives de Guin\u00e9e<\/em>\u00a0\u00bb.<\/p>\n\n\n\n<p>Les Forces vives ajoutent qu\u2019elles sont dispos\u00e9es \u00e0 participer \u00e0 un dialogue avec le CNRD et le Gouvernement pour d\u00e9finir ensemble les conditions d\u2019un retour diligent \u00e0 l\u2019ordre constitutionnel.\u00a0Mais ce dialogue, pour \u00eatre cr\u00e9dible et f\u00e9cond pr\u00e9cisent les \u00ab\u00a0Forces vives\u00a0\u00bb, \u00ab\u00a0<em>doit \u00eatre pr\u00e9sid\u00e9 par la CEDEAO\u00a0et r\u00e9unir les coalitions politiques et les acteurs de la soci\u00e9t\u00e9 civile qui ont des r\u00e9serves ou des revendications sur le chronogramme actuel de la transition et en pr\u00e9sence des partenaires techniques et financiers qui accompagnent habituellement la Guin\u00e9e dans l\u2019organisation des \u00e9lections en l\u2019occurrence le G5 Guin\u00e9e<\/em>\u00a0\u00bb.<\/p>\n\n\n\n<p>Les acteurs politiques et de la soci\u00e9t\u00e9 civile, r\u00e9unis au sein des Forces vives de Guin\u00e9e, estiment qu\u2019ils sont demandeurs d\u2019un tel dialogue d\u00e8s lors qu\u2019il s\u2019agira de discuter du cadre juridique et des conditions techniques et mat\u00e9rielles \u00e0 r\u00e9unir pour organiser des \u00e9lections libres, transparentes et inclusives.<\/p>\n\n\n\n<p>Toutefois, ils exigent au pr\u00e9alable la satisfaction de leurs revendications reprises dans le mot d\u2019ordre appelant la manifestation du 09 mars 2023, notamment l\u2019arr\u00eat des poursuites judiciaires \u00ab\u00a0<em>fantaisistes\u00a0<\/em>\u00bb contre les acteurs politiques et de la soci\u00e9t\u00e9 civile et la lev\u00e9e de la suspension des manifestations dans les rues et sur les places publiques.<\/p>\n\n\n\n<p><\/p>\n","protected":false},"excerpt":{"rendered":"<p>(APA)- En Guin\u00e9e, apr\u00e8s l\u2019annonce d\u2019une marche pacifique par les forces vives de Guin\u00e9e, le Gouvernement guin\u00e9en a convi\u00e9 les<\/p>\n","protected":false},"author":1,"featured_media":7681,"comment_status":"open","ping_status":"open","sticky":false,"template":"","format":"standard","meta":{"footnotes":""},"categories":[51],"tags":[],"class_list":["post-7680","post","type-post","status-publish","format-standard","has-post-thumbnail","hentry","category-general"],"_links":{"self":[{"href":"https:\/\/dekkbi.com\/index.php?rest_route=\/wp\/v2\/posts\/7680","targetHints":{"allow":["GET"]}}],"collection":[{"href":"https:\/\/dekkbi.com\/index.php?rest_route=\/wp\/v2\/posts"}],"about":[{"href":"https:\/\/dekkbi.com\/index.php?rest_route=\/wp\/v2\/types\/post"}],"author":[{"embeddable":true,"href":"https:\/\/dekkbi.com\/index.php?rest_route=\/wp\/v2\/users\/1"}],"replies":[{"embeddable":true,"href":"https:\/\/dekkbi.com\/index.php?rest_route=%2Fwp%2Fv2%2Fcomments&post=7680"}],"version-history":[{"count":1,"href":"https:\/\/dekkbi.com\/index.php?rest_route=\/wp\/v2\/posts\/7680\/revisions"}],"predecessor-version":[{"id":7682,"href":"https:\/\/dekkbi.com\/index.php?rest_route=\/wp\/v2\/posts\/7680\/revisions\/7682"}],"wp:featuredmedia":[{"embeddable":true,"href":"https:\/\/dekkbi.com\/index.php?rest_route=\/wp\/v2\/media\/7681"}],"wp:attachment":[{"href":"https:\/\/dekkbi.com\/index.php?rest_route=%2Fwp%2Fv2%2Fmedia&parent=7680"}],"wp:term":[{"taxonomy":"category","embeddable":true,"href":"https:\/\/dekkbi.com\/index.php?rest_route=%2Fwp%2Fv2%2Fcategories&post=7680"},{"taxonomy":"post_tag","embeddable":true,"href":"https:\/\/dekkbi.com\/index.php?rest_route=%2Fwp%2Fv2%2Ftags&post=7680"}],"curies":[{"name":"wp","href":"https:\/\/api.w.org\/{rel}","templated":true}]}}