{"id":7666,"date":"2023-02-28T15:05:37","date_gmt":"2023-02-28T15:05:37","guid":{"rendered":"https:\/\/dekkbi.com\/?p=7666"},"modified":"2023-02-28T15:05:38","modified_gmt":"2023-02-28T15:05:38","slug":"effectivite-de-la-nouvelle-mesure-de-la-baisse-du-loyer-24h-chrono","status":"publish","type":"post","link":"https:\/\/dekkbi.com\/?p=7666","title":{"rendered":"Effectivit\u00e9 de la nouvelle mesure de la baisse du loyer: 24h chrono !"},"content":{"rendered":"\n<p><strong>La mesure sur la baisse du co\u00fbt du loyer sera effective d\u00e8s demain, mercredi 1<sup>er<\/sup>&nbsp;mars. C\u2019est du moins ce qu\u2019avaient annonc\u00e9 les autorit\u00e9s. Toutefois, pour bon nombre de locataires \u00e0 Dakar, cette mesure risque encore de tomber \u00e0 l\u2019eau, comme la loi n\u00b02014\/03 du 03 f\u00e9vrier 2014 portant baisse des prix du loyer n\u2019ayant pas \u00e9t\u00e9 calcul\u00e9s sur la base de la surface corrig\u00e9e<\/strong>.<\/p>\n\n\n\n<p>En vue de voler au secours des S\u00e9n\u00e9galais, face \u00e0 la chert\u00e9 de la vie, le chef de l\u2019Etat avait, par voie r\u00e8glementaire, d\u00e9cid\u00e9 une baisse de 5% pour les loyers de plus de 500\u00a0000 FCFA et une baisse de 15% pour les loyers inf\u00e9rieurs ou \u00e9gaux \u00e0 300\u00a0000 FCFA. De m\u00eame la caution, qui jusque-l\u00e0 faisait l\u2019objet de sp\u00e9culation, avec des bailleurs qui en demandent au moins 3 mois avant de disposer des cl\u00e9s du logement, est arr\u00eat\u00e9e \u00e0 2 mois.<\/p>\n\n\n\n<p>Lors d\u2019une sortie, le 23 f\u00e9vrier dernier, le ministre du Commerce, de la Consommation et des PME, porte-parole du gouvernement, Abdou Karim Fofana, avait d\u00e9clar\u00e9 que la nouvelle mesure, institu\u00e9e par d\u00e9cret pr\u00e9sidentielle, entrerait en application ce 1<sup>er<\/sup>\u00a0mars 2023. Aussi a-t-il annonc\u00e9 la mise en place d\u2019une Commission nationale de r\u00e9gulation des loyers, pour l\u2019application et le suivi de la nouvelle mesure soutenue par un d\u00e9cret pr\u00e9sidentiel.<\/p>\n","protected":false},"excerpt":{"rendered":"<p>La mesure sur la baisse du co\u00fbt du loyer sera effective d\u00e8s demain, mercredi 1er&nbsp;mars. C\u2019est du moins ce qu\u2019avaient<\/p>\n","protected":false},"author":1,"featured_media":4225,"comment_status":"open","ping_status":"open","sticky":false,"template":"","format":"standard","meta":{"footnotes":""},"categories":[21],"tags":[],"class_list":["post-7666","post","type-post","status-publish","format-standard","has-post-thumbnail","hentry","category-societe"],"_links":{"self":[{"href":"https:\/\/dekkbi.com\/index.php?rest_route=\/wp\/v2\/posts\/7666","targetHints":{"allow":["GET"]}}],"collection":[{"href":"https:\/\/dekkbi.com\/index.php?rest_route=\/wp\/v2\/posts"}],"about":[{"href":"https:\/\/dekkbi.com\/index.php?rest_route=\/wp\/v2\/types\/post"}],"author":[{"embeddable":true,"href":"https:\/\/dekkbi.com\/index.php?rest_route=\/wp\/v2\/users\/1"}],"replies":[{"embeddable":true,"href":"https:\/\/dekkbi.com\/index.php?rest_route=%2Fwp%2Fv2%2Fcomments&post=7666"}],"version-history":[{"count":1,"href":"https:\/\/dekkbi.com\/index.php?rest_route=\/wp\/v2\/posts\/7666\/revisions"}],"predecessor-version":[{"id":7667,"href":"https:\/\/dekkbi.com\/index.php?rest_route=\/wp\/v2\/posts\/7666\/revisions\/7667"}],"wp:featuredmedia":[{"embeddable":true,"href":"https:\/\/dekkbi.com\/index.php?rest_route=\/wp\/v2\/media\/4225"}],"wp:attachment":[{"href":"https:\/\/dekkbi.com\/index.php?rest_route=%2Fwp%2Fv2%2Fmedia&parent=7666"}],"wp:term":[{"taxonomy":"category","embeddable":true,"href":"https:\/\/dekkbi.com\/index.php?rest_route=%2Fwp%2Fv2%2Fcategories&post=7666"},{"taxonomy":"post_tag","embeddable":true,"href":"https:\/\/dekkbi.com\/index.php?rest_route=%2Fwp%2Fv2%2Ftags&post=7666"}],"curies":[{"name":"wp","href":"https:\/\/api.w.org\/{rel}","templated":true}]}}