{"id":7653,"date":"2023-02-28T12:07:28","date_gmt":"2023-02-28T12:07:28","guid":{"rendered":"https:\/\/dekkbi.com\/?p=7653"},"modified":"2023-02-28T15:46:09","modified_gmt":"2023-02-28T15:46:09","slug":"amadou-lamine-sall-s-g-de-la-fondation-mondiale-pour-le-memorial-de-goree-nous-ne-devons-pas-laisser-a-martin-luther-king-seul-le-monopole-du-reve","status":"publish","type":"post","link":"https:\/\/dekkbi.com\/?p=7653","title":{"rendered":"Amadou Lamine Sall, S.G de la Fondation mondiale pour le M\u00e9morial de Gor\u00e9e"},"content":{"rendered":"\n<h3 class=\"wp-block-heading\">: \u00abNous ne devons pas laisser \u00e0 Martin Luther King seul le monopole du r\u00eave\u00bb<\/h3>\n\n\n\n<h3 class=\"wp-block-heading\">La comm\u00e9moration du Mois de l\u2019histoire des Noirs par l\u2019ambassade du Canada au S\u00e9n\u00e9gal a servi de tribune \u00e0 Amadou Lamine Sall, Secr\u00e9taire g\u00e9n\u00e9ral de la Fondation mondiale pour le M\u00e9morial de Gor\u00e9e, pour dire que ce Mois de l\u2019histoire des Noirs, c\u2019est l\u2019histoire de toutes les couleurs.<\/h3>\n\n\n\n<p><\/p>\n\n\n\n<p>\u00abLe Mois de l\u2019histoire des Noirs, \u00e0 la v\u00e9rit\u00e9, ce mois est devenu le mois de l\u2019histoire des noirs de toutes les couleurs\u00bb, a d\u00e9clar\u00e9 Amadou Lamine Sall qui rappelle que, comme le disait Senghor, quand des peuples se rencontrent, ils se combattent souvent, mais ils se m\u00e9tissent toujours.<\/p>\n\n\n\n<p>\u00abEt je crois que nous sommes tous devenus des Noirs de toutes les couleurs. Et c\u2019est cela qui est l\u2019avenir de notre civilisation, et nous devons y pr\u00eater attention\u00bb, expliquera-t-il. Amadou Lamine Sall indique que quelque chose est en train de se faire aujourd\u2019hui \u00e0 travers le monde : c\u2019est l\u2019installation des m\u00e9moriaux.<\/p>\n\n\n\n<p>\u00abLe S\u00e9n\u00e9gal va fermer le triangle en construisant le M\u00e9morial de Gor\u00e9e\u00bb, avait dit Macky Sall, a rappel\u00e9 Amadou Lamine Sall. Il ajoute qu\u2019apr\u00e8s l\u2019installation d\u2019un m\u00e9morial dans les Cara\u00efbes, aux Etats-Unis, c\u2019est la r\u00e9alisation du M\u00e9morial de Gor\u00e9e qui va fermer ce triangle, et c\u2019est dans un pays qui s\u2019appelle le S\u00e9n\u00e9gal et un continent qui s\u2019appelle l\u2019Afrique.<\/p>\n\n\n\n<p>\u00abEt c\u2019est ce continent qui est le phare de toute cette trag\u00e9die dont on parle et de toute cette m\u00e9moire souffrante dont on parle \u00e9galement\u00bb, ajoute-t-il sur un ton \u00e9mouvant, tout en pr\u00e9cisant que la plus grande trag\u00e9die, c\u2019est aussi notre silence \u00e0 nous.<\/p>\n\n\n\n<p>\u00abLa plus grande trag\u00e9die, c\u2019est de ne pas agir pour que notre monde soit un monde de r\u00eave, parce que nous ne devons pas laisser \u00e0 Martin Luther King seul le monopole du r\u00eave\u00bb, a-t-il conclu<\/p>\n\n\n\n<p><br>Le quotidien<\/p>\n","protected":false},"excerpt":{"rendered":"<p>: \u00abNous ne devons pas laisser \u00e0 Martin Luther King seul le monopole du r\u00eave\u00bb La comm\u00e9moration du Mois de<\/p>\n","protected":false},"author":1,"featured_media":7654,"comment_status":"open","ping_status":"open","sticky":false,"template":"","format":"standard","meta":{"footnotes":""},"categories":[21],"tags":[],"class_list":["post-7653","post","type-post","status-publish","format-standard","has-post-thumbnail","hentry","category-societe"],"_links":{"self":[{"href":"https:\/\/dekkbi.com\/index.php?rest_route=\/wp\/v2\/posts\/7653","targetHints":{"allow":["GET"]}}],"collection":[{"href":"https:\/\/dekkbi.com\/index.php?rest_route=\/wp\/v2\/posts"}],"about":[{"href":"https:\/\/dekkbi.com\/index.php?rest_route=\/wp\/v2\/types\/post"}],"author":[{"embeddable":true,"href":"https:\/\/dekkbi.com\/index.php?rest_route=\/wp\/v2\/users\/1"}],"replies":[{"embeddable":true,"href":"https:\/\/dekkbi.com\/index.php?rest_route=%2Fwp%2Fv2%2Fcomments&post=7653"}],"version-history":[{"count":2,"href":"https:\/\/dekkbi.com\/index.php?rest_route=\/wp\/v2\/posts\/7653\/revisions"}],"predecessor-version":[{"id":7700,"href":"https:\/\/dekkbi.com\/index.php?rest_route=\/wp\/v2\/posts\/7653\/revisions\/7700"}],"wp:featuredmedia":[{"embeddable":true,"href":"https:\/\/dekkbi.com\/index.php?rest_route=\/wp\/v2\/media\/7654"}],"wp:attachment":[{"href":"https:\/\/dekkbi.com\/index.php?rest_route=%2Fwp%2Fv2%2Fmedia&parent=7653"}],"wp:term":[{"taxonomy":"category","embeddable":true,"href":"https:\/\/dekkbi.com\/index.php?rest_route=%2Fwp%2Fv2%2Fcategories&post=7653"},{"taxonomy":"post_tag","embeddable":true,"href":"https:\/\/dekkbi.com\/index.php?rest_route=%2Fwp%2Fv2%2Ftags&post=7653"}],"curies":[{"name":"wp","href":"https:\/\/api.w.org\/{rel}","templated":true}]}}