{"id":7650,"date":"2023-02-28T10:04:37","date_gmt":"2023-02-28T10:04:37","guid":{"rendered":"https:\/\/dekkbi.com\/?p=7650"},"modified":"2023-02-28T10:04:39","modified_gmt":"2023-02-28T10:04:39","slug":"accueil-du-president-a-sedhiou-en-sons-et-couleurs","status":"publish","type":"post","link":"https:\/\/dekkbi.com\/?p=7650","title":{"rendered":"Accueil du Pr\u00e9sident \u00e0 S\u00e9dhiou : En sons et couleurs"},"content":{"rendered":"\n<p><strong>Dans le cadre de ses tourn\u00e9es \u00e9conomiques, le Pr\u00e9sident Macky Sall est arriv\u00e9 hier \u00e0 S\u00e9dhiou. Son accueil a \u00e9t\u00e9 caract\u00e9ris\u00e9 par la guerre des pancartes entre les diff\u00e9rents responsables politiques de la r\u00e9gion.<\/strong><\/p>\n\n\n\n<p><strong>Par Seydou TAMBA CISSE \u2013<\/strong>&nbsp;Les populations de S\u00e9dhiou sont sorties massivement hier pour accueillir le pr\u00e9sident de la R\u00e9publique, qui a entam\u00e9 sa tourn\u00e9e \u00e9conomique dans le Pakao. Un accueil riche en sons et couleurs. Car, chaque responsable politique a voulu montrer sa force. Abdoulaye Diop, Directeur g\u00e9n\u00e9ral du Cosec, par ailleurs maire de la commune de S\u00e9dhiou, Dr Annette Seck Ndiaye, ministre aupr\u00e8s de la ministre des Affaires \u00e9trang\u00e8res et des S\u00e9n\u00e9galais de l\u2019ext\u00e9rieur, Souleymane Ndiaye, directeur de la Sapco, Mohamed Diait\u00e9, directeur de La Poste et pr\u00e9sident du Conseil d\u00e9partemental de Bounkiling, tous membres de Benno bokk yaakaar, ont mobilis\u00e9 leurs militants et sympathisants. Ce qui a donn\u00e9 lieu \u00e0 la guerre des pancartes, des couleurs, des flayers, des t-shirts. Sur les pancartes, on pouvait lire entre autres messages : \u00abMerci Monsieur le Pr\u00e9sident pour le Pont de Marsassoum\u00bb&nbsp;; \u00abMerci Monsieur le Pr\u00e9sident pour l\u2019H\u00f4pital r\u00e9gional de niveau 2 Amadou Tidiane Ba\u00bb&nbsp;; \u00abMerci Monsieur le Pr\u00e9sident pour la boucle du Boudhi\u00e9, pour le d\u00e9senclavement de la Casamance avec la construction du pont de la Gambie Faraf\u00e9nni\u00bb. Parmi les messages, il y avait des dol\u00e9ances sur l\u2019emploi des jeunes, sur des chantiers en arr\u00eat de construction, mais \u00e9galement la construction du pont de T\u00e9mento-Marronconda, respectivement dans les communes de Simbandi Brassou et Bambaly pour d\u00e9senclaver le d\u00e9partement de Goudomp s\u00e9par\u00e9 du reste de la r\u00e9gion par un fleuve.<\/p>\n\n\n\n<p>Compte tenu de l\u2019\u00e9troitesse de l\u2019avenue emprunt\u00e9e par le chef de l\u2019Etat et sa d\u00e9l\u00e9gation, certains militants et sympathisants n\u2019ont pas pu manifester leur joie. \u00abNous avons vu le Pr\u00e9sident de loin\u00bb, ont d\u00e9plor\u00e9 des militants. \u00abNous n\u2019avons m\u00eame pas pu apercevoir Macky Sall, alors que nous sommes venues tr\u00e8s t\u00f4t pour le voir\u00bb, ont rousp\u00e9t\u00e9 des dames gagn\u00e9es par la fatigue.<\/p>\n\n\n\n<p>Comme autre couac, la presse locale n\u2019a pas pu couvrir l\u2019\u00e9v\u00e8nement correctement. Les badges remis aux journalistes n\u2019ont pas \u00e9t\u00e9 accept\u00e9s par la s\u00e9curit\u00e9 et les organisateurs de l\u2019\u00e9v\u00e9nement.<\/p>\n\n\n\n<p>L\u2019avion pr\u00e9sidentiel a foul\u00e9 le tarmac de l\u2019a\u00e9rodrome de S\u00e9fa dans la commune de Diend\u00e9 \u00e0 16 heures 43 minutes. Cependant Macky Sall est entr\u00e9 \u00e0 S\u00e9dhiou aux environs de 18 heures. Le chef de l\u2019Etat loge \u00e0 la Gouvernance situ\u00e9e \u00e0 c\u00f4t\u00e9 de la mairie de S\u00e9dhiou, l\u00e0 o\u00f9 vont se tenir le conseil pr\u00e9sidentiel sur le d\u00e9veloppement de la r\u00e9gion aujourd\u2019hui, \u00e0 10 heures, et le Conseil des ministres demain.<\/p>\n\n\n\n<p><br><strong>Correspondant<\/strong> &#8211; LE QUOTIDIEN<\/p>\n","protected":false},"excerpt":{"rendered":"<p>Dans le cadre de ses tourn\u00e9es \u00e9conomiques, le Pr\u00e9sident Macky Sall est arriv\u00e9 hier \u00e0 S\u00e9dhiou. Son accueil a \u00e9t\u00e9<\/p>\n","protected":false},"author":1,"featured_media":7651,"comment_status":"open","ping_status":"open","sticky":false,"template":"","format":"standard","meta":{"footnotes":""},"categories":[6],"tags":[],"class_list":["post-7650","post","type-post","status-publish","format-standard","has-post-thumbnail","hentry","category-politics"],"_links":{"self":[{"href":"https:\/\/dekkbi.com\/index.php?rest_route=\/wp\/v2\/posts\/7650","targetHints":{"allow":["GET"]}}],"collection":[{"href":"https:\/\/dekkbi.com\/index.php?rest_route=\/wp\/v2\/posts"}],"about":[{"href":"https:\/\/dekkbi.com\/index.php?rest_route=\/wp\/v2\/types\/post"}],"author":[{"embeddable":true,"href":"https:\/\/dekkbi.com\/index.php?rest_route=\/wp\/v2\/users\/1"}],"replies":[{"embeddable":true,"href":"https:\/\/dekkbi.com\/index.php?rest_route=%2Fwp%2Fv2%2Fcomments&post=7650"}],"version-history":[{"count":1,"href":"https:\/\/dekkbi.com\/index.php?rest_route=\/wp\/v2\/posts\/7650\/revisions"}],"predecessor-version":[{"id":7652,"href":"https:\/\/dekkbi.com\/index.php?rest_route=\/wp\/v2\/posts\/7650\/revisions\/7652"}],"wp:featuredmedia":[{"embeddable":true,"href":"https:\/\/dekkbi.com\/index.php?rest_route=\/wp\/v2\/media\/7651"}],"wp:attachment":[{"href":"https:\/\/dekkbi.com\/index.php?rest_route=%2Fwp%2Fv2%2Fmedia&parent=7650"}],"wp:term":[{"taxonomy":"category","embeddable":true,"href":"https:\/\/dekkbi.com\/index.php?rest_route=%2Fwp%2Fv2%2Fcategories&post=7650"},{"taxonomy":"post_tag","embeddable":true,"href":"https:\/\/dekkbi.com\/index.php?rest_route=%2Fwp%2Fv2%2Ftags&post=7650"}],"curies":[{"name":"wp","href":"https:\/\/api.w.org\/{rel}","templated":true}]}}