{"id":7635,"date":"2023-02-27T22:03:04","date_gmt":"2023-02-27T22:03:04","guid":{"rendered":"https:\/\/dekkbi.com\/?p=7635"},"modified":"2023-02-27T22:03:05","modified_gmt":"2023-02-27T22:03:05","slug":"a-barcelone-la-tech-promet-un-tsunami-dinnovation-face-a-la-morosite-du-secteur","status":"publish","type":"post","link":"https:\/\/dekkbi.com\/?p=7635","title":{"rendered":"A Barcelone, la tech promet un \u00ab\u00a0tsunami d&rsquo;innovation\u00a0\u00bb face \u00e0 la morosit\u00e9 du secteur"},"content":{"rendered":"\n<figure class=\"wp-block-image\"><img decoding=\"async\" src=\"https:\/\/information.tv5monde.com\/sites\/info.tv5monde.com\/files\/styles\/large\/public\/6496b2b5eeaa1b472b657620a2f4359042275885.jpg?itok=PuJ3NbHH\" alt=\"Pr\u00e9sentation du nouveau smartphone Xiaomi 13 Series au Salon mondial du mobile (MWC), le 26 f\u00e9vrier 2023 \u00e0 Barcelone, en Espagne\" title=\"afp.com - Pau BARRENA\"\/><\/figure>\n\n\n\n<p><a href=\"https:\/\/www.addthis.com\/bookmark.php?v=300\"><\/a><a href=\"https:\/\/www.addthis.com\/bookmark.php?v=300\"><\/a><a href=\"https:\/\/www.addthis.com\/bookmark.php?v=300\" rel=\"noreferrer noopener\" target=\"_blank\"><\/a><a href=\"https:\/\/www.addthis.com\/bookmark.php?v=300\" rel=\"noreferrer noopener\" target=\"_blank\"><\/a><\/p>\n\n\n\n<p>R\u00e9unis au Salon mondial du mobile (MWC) de Barcelone, les professionnels de la \u00ab\u00a0tech\u00a0\u00bb ont promis lundi un \u00ab\u00a0tsunami d&rsquo;innovation\u00a0\u00bb, \u00e0 l&rsquo;heure o\u00f9 les difficult\u00e9s s&rsquo;accumulent pour le secteur, entre ventes de smartphone en berne et vagues de licenciements.<\/p>\n\n\n\n<p>\u00ab\u00a0L&rsquo;ann\u00e9e \u00e9coul\u00e9e n&rsquo;a pas \u00e9t\u00e9 facile\u00a0\u00bb, a reconnu Jos\u00e9 Maria Alvarez-Pallete, PDG du groupe Telefonica et pr\u00e9sident de l&rsquo;Association mondiale des op\u00e9rateurs t\u00e9l\u00e9coms (GSMA), en ouvrant les d\u00e9bats de cette grand-messe annuelle des t\u00e9l\u00e9coms et des nouvelles technologies.<\/p>\n\n\n\n<p>\u00ab\u00a0Je pense que nous sommes \u00e0 la porte d&rsquo;une nouvelle \u00e8re\u00a0\u00bb qui va \u00ab\u00a0n\u00e9cessiter une \u00e9volution radicale\u00a0\u00bb face aux difficult\u00e9s auxquelles se heurte le secteur, a-t-il ajout\u00e9, se disant malgr\u00e9 tout optimiste pour l&rsquo;industrie des t\u00e9l\u00e9coms, marqu\u00e9e par un \u00ab\u00a0tsunami d&rsquo;innovation\u00a0\u00bb.<\/p>\n\n\n\n<p>Selon l&rsquo;agence sp\u00e9cialis\u00e9e IDC, les ventes mondiales de smartphones ont chut\u00e9 de 11,3% l&rsquo;an dernier, \u00e0 1,21 milliard d&rsquo;unit\u00e9s, soit le nombre \u00ab\u00a0le plus faible depuis 2013\u00a0\u00bb. Et les perspectives restent moroses pour 2023, avec un nouveau recul de 4% attendu pour les t\u00e9l\u00e9phones, tablettes et ordinateurs d&rsquo;apr\u00e8s le cabinet Gartner.<\/p>\n\n\n\n<p>\u00ab\u00a0Le secteur traverse un moment compliqu\u00e9\u00a0\u00bb, a reconnu aupr\u00e8s de l&rsquo;AFP Thomas Husson, analyste chez Forrester, \u00e9voquant le climat d&rsquo;incertitude n\u00e9 de la guerre en Ukraine, qui a dop\u00e9 l&rsquo;inflation et rogn\u00e9 le pouvoir d&rsquo;achat des m\u00e9nages, mais aussi des facteurs plus structurels.<\/p>\n\n\n\n<p>\u00ab\u00a0Dans certaines r\u00e9gions comme l&rsquo;Europe de l&rsquo;Ouest, le taux d&rsquo;\u00e9quipement individuel est de l&rsquo;ordre de 90%: on est donc sur des march\u00e9s matures\u00a0\u00bb, a-t-il d\u00e9taill\u00e9.<\/p>\n\n\n\n<p>&#8211; 80.000 visiteurs &#8211;<\/p>\n\n\n\n<p>Face \u00e0 ces difficult\u00e9s &#8211; aggrav\u00e9es par les vagues de suppressions d&#8217;emplois annonc\u00e9es ces derni\u00e8res semaines par les g\u00e9ants de la \u00ab\u00a0tech\u00a0\u00bb comme Alphabet, Microsoft et Ericsson -, le salon de Barcelone entend mettre en avant sa capacit\u00e9 de r\u00e9silience.<\/p>\n\n\n\n<p>L&rsquo;objectif pour les professionnels pr\u00e9sents est de voir comment \u00ab\u00a0traverser\u00a0\u00bb au mieux \u00ab\u00a0cette p\u00e9riode difficile\u00a0\u00bb, en se projetant sur \u00ab\u00a0l&rsquo;in\u00e9vitable retour de la croissance\u00a0\u00bb et les progr\u00e8s li\u00e9s \u00e0 \u00ab\u00a0l&rsquo;innovation\u00a0\u00bb, a expliqu\u00e9 Ben Wood, du cabinet CCS Insight.<\/p>\n\n\n\n<p>Selon le GSMA, organisme regroupant pr\u00e8s de 750 fabricants et op\u00e9rateurs t\u00e9l\u00e9coms et qui organise le salon, 80.000 professionnels et 2.000 entreprises participent au MWC, dont les huit pavillons sont occup\u00e9s pour la premi\u00e8re fois depuis la pand\u00e9mie.<\/p>\n\n\n\n<p>Cette fr\u00e9quentation reste \u00e9loign\u00e9e du record de 2019, o\u00f9 pr\u00e8s de 110.000 personnes avaient fait le d\u00e9placement, mais est sup\u00e9rieure d&rsquo;un tiers aux 60.000 visiteurs de l&rsquo;\u00e9dition 2022, affect\u00e9e par la persistance des restrictions li\u00e9es au Covid-19.<\/p>\n\n\n\n<p>\u00ab\u00a0Nous sommes sur la voie\u00a0\u00bb du retour \u00e0 la normale, a insist\u00e9 le directeur ex\u00e9cutif de GSMA, John Hoffman, attribuant cette dynamique au retour en force des groupes chinois apr\u00e8s la r\u00e9ouverture des fronti\u00e8res annonc\u00e9e fin d\u00e9cembre par P\u00e9kin.<\/p>\n\n\n\n<p>&#8211; Huawei en force &#8211;<\/p>\n\n\n\n<p>Parmi les entreprises pr\u00e9sentes figurent des g\u00e9ants de la t\u00e9l\u00e9phonie (Samsung, Xiaomi, Ericsson, Orange, Deutsche Telekom&#8230;) mais aussi des poids lourds de la \u00ab\u00a0tech\u00a0\u00bb et l&rsquo;industrie, comme Qualcomm, Airbus et Microsoft, le MWC ayant ces derni\u00e8res ann\u00e9es \u00e9largi son audience.<\/p>\n\n\n\n<p>Le plus gros exposant est le groupe Huawei, figure de proue des t\u00e9l\u00e9coms chinois, qui dispose d&rsquo;une surface de 11.000 m2 &#8211; un record dans l&rsquo;histoire du salon, selon le GSMA.<\/p>\n\n\n\n<p>L&rsquo;occasion pour le g\u00e9ant des \u00e9quipements de montrer que les sanctions am\u00e9ricaines, qui ont fortement fragilis\u00e9 sa branche t\u00e9l\u00e9phonie, n&rsquo;ont pas tu\u00e9 sa \u00ab\u00a0capacit\u00e9 d&rsquo;innovation\u00a0\u00bb ni ses ambitions, selon Thomas Husson.<\/p>\n\n\n\n<p>Au-del\u00e0 de l&rsquo;innovation, cette 17e \u00e9dition du Salon mondial du mobile va permettre aux op\u00e9rateurs et g\u00e9ants de la tech d&rsquo;aborder la d\u00e9licate question du financement des infrastructures, notamment pour la 5G, dans laquelle des sommes pharaoniques ont \u00e9t\u00e9 inject\u00e9es.<\/p>\n\n\n\n<p>Les op\u00e9rateurs d\u00e9fendent de longue date la mise \u00e0 contribution des g\u00e9ants de l&rsquo;internet, comme Netflix ou Amazon, gros consommateurs de bande passante. Mais ces derniers s&rsquo;y opposent fortement.<\/p>\n\n\n\n<p>La situation n&rsquo;est pas \u00ab\u00a0soutenable\u00a0\u00bb, a insist\u00e9 lundi la directrice g\u00e9n\u00e9rale du groupe Orange, Christel Heydemann, en saluant l&rsquo;initiative lanc\u00e9e la semaine derni\u00e8re par la Commission europ\u00e9enne, qui souhaite une \u00ab\u00a0juste contribution\u00a0\u00bb des g\u00e9ants de l&rsquo;internet pour financer ces infrastructures dans l&rsquo;UE.<\/p>\n\n\n\n<p>\u00ab\u00a0Je sais que certains vont exprimer leurs inqui\u00e9tudes\u00a0\u00bb mais le d\u00e9bat \u00ab\u00a0est ouvert \u00e0 tout le monde\u00a0\u00bb, a soulign\u00e9 le commissaire europ\u00e9en \u00e0 l&rsquo;Industrie Thierry Breton, pr\u00e9sent \u00e0 Barcelone, disant vouloir une \u00ab\u00a0nouvelle approche\u00a0\u00bb et non \u00ab\u00a0un choix binaire entre ceux qui fournissent le r\u00e9seau et ceux qui l&rsquo;alimentent en trafic\u00a0\u00bb.<\/p>\n","protected":false},"excerpt":{"rendered":"<p>R\u00e9unis au Salon mondial du mobile (MWC) de Barcelone, les professionnels de la \u00ab\u00a0tech\u00a0\u00bb ont promis lundi un \u00ab\u00a0tsunami d&rsquo;innovation\u00a0\u00bb,<\/p>\n","protected":false},"author":1,"featured_media":4130,"comment_status":"open","ping_status":"open","sticky":false,"template":"","format":"standard","meta":{"footnotes":""},"categories":[46],"tags":[],"class_list":["post-7635","post","type-post","status-publish","format-standard","has-post-thumbnail","hentry","category-technology"],"_links":{"self":[{"href":"https:\/\/dekkbi.com\/index.php?rest_route=\/wp\/v2\/posts\/7635","targetHints":{"allow":["GET"]}}],"collection":[{"href":"https:\/\/dekkbi.com\/index.php?rest_route=\/wp\/v2\/posts"}],"about":[{"href":"https:\/\/dekkbi.com\/index.php?rest_route=\/wp\/v2\/types\/post"}],"author":[{"embeddable":true,"href":"https:\/\/dekkbi.com\/index.php?rest_route=\/wp\/v2\/users\/1"}],"replies":[{"embeddable":true,"href":"https:\/\/dekkbi.com\/index.php?rest_route=%2Fwp%2Fv2%2Fcomments&post=7635"}],"version-history":[{"count":1,"href":"https:\/\/dekkbi.com\/index.php?rest_route=\/wp\/v2\/posts\/7635\/revisions"}],"predecessor-version":[{"id":7636,"href":"https:\/\/dekkbi.com\/index.php?rest_route=\/wp\/v2\/posts\/7635\/revisions\/7636"}],"wp:featuredmedia":[{"embeddable":true,"href":"https:\/\/dekkbi.com\/index.php?rest_route=\/wp\/v2\/media\/4130"}],"wp:attachment":[{"href":"https:\/\/dekkbi.com\/index.php?rest_route=%2Fwp%2Fv2%2Fmedia&parent=7635"}],"wp:term":[{"taxonomy":"category","embeddable":true,"href":"https:\/\/dekkbi.com\/index.php?rest_route=%2Fwp%2Fv2%2Fcategories&post=7635"},{"taxonomy":"post_tag","embeddable":true,"href":"https:\/\/dekkbi.com\/index.php?rest_route=%2Fwp%2Fv2%2Ftags&post=7635"}],"curies":[{"name":"wp","href":"https:\/\/api.w.org\/{rel}","templated":true}]}}