{"id":7625,"date":"2023-02-27T21:36:57","date_gmt":"2023-02-27T21:36:57","guid":{"rendered":"https:\/\/dekkbi.com\/?p=7625"},"modified":"2023-02-27T21:36:58","modified_gmt":"2023-02-27T21:36:58","slug":"le-point-sur-linfirmerie-du-real-madrid-avant-le-clasico","status":"publish","type":"post","link":"https:\/\/dekkbi.com\/?p=7625","title":{"rendered":"Le point sur l\u2019infirmerie du Real Madrid avant le Clasico"},"content":{"rendered":"\n<p>Le Real Madrid va recevoir le FC Barcelone au Bernab\u00e9u dans trois jours. D\u2019ici l\u00e0, Ancelotti esp\u00e8re r\u00e9cup\u00e9rer des joueurs.Les hommes d&rsquo;Ancelotti ont repris l&rsquo;entra\u00eenement ce lundi apr\u00e8s une journ\u00e9e de repos accord\u00e9e hier. Les joueurs \u00e9taient de retour \u00e0 Valdebebas avec la petite satisfaction d\u2019avoir r\u00e9duit d&rsquo;un point l\u2019\u00e9cart en Liga sur le Bar\u00e7a, suite \u00e0 la d\u00e9faite de ces derniers \u00e0 Almeria hier soir. Les deux \u00e9quipes ne sont plus s\u00e9par\u00e9s que par sept points au classement.\u00a0\u00bbDemain, nous nous reposons car les joueurs le m\u00e9ritent. Nous allons commencer \u00e0 travailler lundi, le mardi on fera de la tactique et jeudi nous serons au complet\u00a0\u00bb, a d\u00e9clar\u00e9 Carlo Ancelotti apr\u00e8s le match contre l\u2019Atl\u00e9tico de Madrid.<\/p>\n\n\n\n<p>La s\u00e9ance d&rsquo;entra\u00eenement du jour a \u00e9t\u00e9 marqu\u00e9e par une infirmerie qui n&rsquo;a pas r\u00e9ussi \u00e0 r\u00e9duire son nombre et par les basses temp\u00e9ratures. \u00c0 trois jour du quart aller de Coupe du Roi face aux Blaugranas, l\u2019entra\u00eeneur du Real n&rsquo;a pu r\u00e9cup\u00e9rer aucun des joueurs bless\u00e9s. Mendy, Alaba et Rodrygo se sont tous trois exerc\u00e9s \u00e0 l\u2019int\u00e9rieur \u00e0 l\u2019\u00e9cart du groupe <\/p>\n\n\n\n<p>Le  lat\u00e9ral Ferland Mendy, bless\u00e9 \u00e0 la cuisse gauche, le d\u00e9fenseur David Alaba, qui souffre d&rsquo;une l\u00e9sion musculaire au tiers distal du biceps f\u00e9moral droit, et l&rsquo;attaquant Rodrygo Goes, touch\u00e9 au muscle piriforme gauche, sont toujours absents et leur pr\u00e9sence au Clasico s&rsquo;annonce compliqu\u00e9e.<\/p>\n\n\n\n<p>Mendy s&rsquo;est bless\u00e9 lors du quart de finale de la Copa del Rey contre l\u2019Atl\u00e9tico et souffre d&rsquo;une importante l\u00e9sion musculaire qui le contraint \u00e0 manquer cinq \u00e0 six semaines. Aujourd&rsquo;hui, dans la derni\u00e8re ligne droite de sa convalescence, Mendy retrouve progressivement ses sensations.Pour Alaba, sa pr\u00e9sence face au Bar\u00e7a est d\u2019ores et d\u00e9j\u00e0 \u00e9cart\u00e9e, les d\u00e9lais \u00e9tant trop courts pour que l\u2019Autrichien r\u00e9cup\u00e8re \u00e0 temps. Pour Rodrygo en manche, il reste un petit espoir de le voir remis avant jeudi. Mais si le Br\u00e9silien ne reprend pas avec le groupe demain ou mercredi au plus tard, sa pr\u00e9sence dans la liste des convoqu\u00e9s pour le Clasico sera aussi \u00e9cart\u00e9e.<\/p>\n","protected":false},"excerpt":{"rendered":"<p>Le Real Madrid va recevoir le FC Barcelone au Bernab\u00e9u dans trois jours. D\u2019ici l\u00e0, Ancelotti esp\u00e8re r\u00e9cup\u00e9rer des joueurs.Les<\/p>\n","protected":false},"author":1,"featured_media":7626,"comment_status":"open","ping_status":"open","sticky":false,"template":"","format":"standard","meta":{"footnotes":""},"categories":[9],"tags":[],"class_list":["post-7625","post","type-post","status-publish","format-standard","has-post-thumbnail","hentry","category-sports"],"_links":{"self":[{"href":"https:\/\/dekkbi.com\/index.php?rest_route=\/wp\/v2\/posts\/7625","targetHints":{"allow":["GET"]}}],"collection":[{"href":"https:\/\/dekkbi.com\/index.php?rest_route=\/wp\/v2\/posts"}],"about":[{"href":"https:\/\/dekkbi.com\/index.php?rest_route=\/wp\/v2\/types\/post"}],"author":[{"embeddable":true,"href":"https:\/\/dekkbi.com\/index.php?rest_route=\/wp\/v2\/users\/1"}],"replies":[{"embeddable":true,"href":"https:\/\/dekkbi.com\/index.php?rest_route=%2Fwp%2Fv2%2Fcomments&post=7625"}],"version-history":[{"count":1,"href":"https:\/\/dekkbi.com\/index.php?rest_route=\/wp\/v2\/posts\/7625\/revisions"}],"predecessor-version":[{"id":7627,"href":"https:\/\/dekkbi.com\/index.php?rest_route=\/wp\/v2\/posts\/7625\/revisions\/7627"}],"wp:featuredmedia":[{"embeddable":true,"href":"https:\/\/dekkbi.com\/index.php?rest_route=\/wp\/v2\/media\/7626"}],"wp:attachment":[{"href":"https:\/\/dekkbi.com\/index.php?rest_route=%2Fwp%2Fv2%2Fmedia&parent=7625"}],"wp:term":[{"taxonomy":"category","embeddable":true,"href":"https:\/\/dekkbi.com\/index.php?rest_route=%2Fwp%2Fv2%2Fcategories&post=7625"},{"taxonomy":"post_tag","embeddable":true,"href":"https:\/\/dekkbi.com\/index.php?rest_route=%2Fwp%2Fv2%2Ftags&post=7625"}],"curies":[{"name":"wp","href":"https:\/\/api.w.org\/{rel}","templated":true}]}}