{"id":7621,"date":"2023-02-27T21:24:02","date_gmt":"2023-02-27T21:24:02","guid":{"rendered":"https:\/\/dekkbi.com\/?p=7621"},"modified":"2023-02-27T21:24:03","modified_gmt":"2023-02-27T21:24:03","slug":"negociations-post-brexit-londres-et-bruxelles-parviennent-a-un-accord-sur-lirlande-du-nord","status":"publish","type":"post","link":"https:\/\/dekkbi.com\/?p=7621","title":{"rendered":"N\u00e9gociations post-Brexit : Londres et Bruxelles parviennent \u00e0 un accord sur l&rsquo;Irlande du Nord"},"content":{"rendered":"\n<p>Le Premier ministre britannique Rishi Sunak et la pr\u00e9sidente de la Commission europ\u00e9enne Ursula von der Leyen sont parvenus \u00e0 un accord pour mettre fin \u00e0 plus d&rsquo;un an de diff\u00e9rend concernant les dispositions post-Brexit en Irlande du Nord.\u00a0<\/p>\n\n\n\n<p><a href=\"https:\/\/www.addthis.com\/bookmark.php?v=300\"><\/a><a href=\"https:\/\/www.addthis.com\/bookmark.php?v=300\"><\/a><a href=\"https:\/\/www.addthis.com\/bookmark.php?v=300\" rel=\"noreferrer noopener\" target=\"_blank\"><\/a><a href=\"https:\/\/www.addthis.com\/bookmark.php?v=300\" rel=\"noreferrer noopener\" target=\"_blank\"><\/a><\/p>\n\n\n\n<p>Rishi Sunak salue<em>&nbsp;\u00ab\u00a0un nouveau chapitre\u00a0\u00bb<\/em>&nbsp;pour Londres et l\u2019Union europ\u00e9enne lors d\u2019un point presse commun avec la pr\u00e9sidente de la Commission europ\u00e9enne Ursula von der Leyen.&nbsp;<\/p>\n\n\n\n<p>Apr\u00e8s des mois de difficiles n\u00e9gociations, les deux dirigeants se sont retrouv\u00e9s dans un h\u00f4tel de Windsor pour ce qu&rsquo;ils avaient pr\u00e9sent\u00e9 comme des discussions\u00a0<em>\u00ab\u00a0finales\u00a0\u00bb<\/em>\u00a0sur ce dossier, \u00e0 l&rsquo;origine du blocage des institutions de la province mais aussi de remous au sein de la majorit\u00e9 conservatrice \u00e0 Londres. \u00a0<\/p>\n\n\n\n<p>Pr\u00e9server le protocole Nord-irlandais Sign\u00e9 en 2020, le protocole nord-irlandais, n\u00e9goci\u00e9 apr\u00e8s le Brexit par l&rsquo;ancien Premier ministre Boris Johnson, r\u00e9glemente la circulation des biens entre l&rsquo;Irlande du Nord, qui dispose de la seule fronti\u00e8re terrestre avec l&rsquo;Union europ\u00e9enne, et les autres provinces du Royaume-Uni. Ce protocole voulait \u00e9viter une fronti\u00e8re terrestre entre l&rsquo;Irlande et l&rsquo;Irlande du Nord qui risquerait de fragiliser la paix conclue en 1998 apr\u00e8s trois d\u00e9cennies sanglantes, tout en prot\u00e9geant le march\u00e9 unique europ\u00e9en. <\/p>\n\n\n\n<p><\/p>\n\n\n\n<h1 class=\"wp-block-heading\">N\u00e9gociations post-Brexit : Londres et Bruxelles parviennent \u00e0 un accord sur l&rsquo;Irlande du Nord<\/h1>\n\n\n\n<p><img loading=\"lazy\" decoding=\"async\" src=\"https:\/\/information.tv5monde.com\/sites\/info.tv5monde.com\/files\/styles\/large\/public\/assets\/images\/AP23058571341816.jpg?itok=K4ywV3C8\" width=\"770\" height=\"513\" alt=\"Le Premier ministre britannique Rishi Sunak et la pr\u00e9sidente de la Commission europ\u00e9enne Ursula von der Leyen, lors de leur point presse \u00e0 Windsor Guildhall, Windsor, ce 27 f\u00e9vrier 2023.&amp;amp;nbsp;\"><\/p>\n\n\n\n<p>Le Premier ministre britannique Rishi Sunak et la pr\u00e9sidente de la Commission europ\u00e9enne Ursula von der Leyen, lors de leur point presse \u00e0 Windsor Guildhall, Windsor, ce 27 f\u00e9vrier 2023.\u00a0<\/p>\n\n\n\n<p>\u00a9<\/p>\n\n\n\n<h2 class=\"wp-block-heading\">Le Premier ministre britannique Rishi Sunak et la pr\u00e9sidente de la Commission europ\u00e9enne Ursula von der Leyen sont parvenus \u00e0 un accord pour mettre fin \u00e0 plus d&rsquo;un an de diff\u00e9rend concernant les dispositions post-Brexit en Irlande du Nord.&nbsp;<\/h2>\n\n\n\n<p><a href=\"https:\/\/www.addthis.com\/bookmark.php?v=300\"><\/a><a href=\"https:\/\/www.addthis.com\/bookmark.php?v=300\"><\/a><a href=\"https:\/\/www.addthis.com\/bookmark.php?v=300\" rel=\"noreferrer noopener\" target=\"_blank\"><\/a><a href=\"https:\/\/www.addthis.com\/bookmark.php?v=300\" rel=\"noreferrer noopener\" target=\"_blank\"><\/a><\/p>\n\n\n\n<p>Rishi Sunak salue<em>&nbsp;\u00ab\u00a0un nouveau chapitre\u00a0\u00bb<\/em>&nbsp;pour Londres et l\u2019Union europ\u00e9enne lors d\u2019un point presse commun avec la pr\u00e9sidente de la Commission europ\u00e9enne Ursula von der Leyen.&nbsp;<\/p>\n\n\n\n<p>Apr\u00e8s des mois de difficiles n\u00e9gociations, les deux dirigeants se sont retrouv\u00e9s dans un h\u00f4tel de Windsor pour ce qu&rsquo;ils avaient pr\u00e9sent\u00e9 comme des discussions\u00a0<em>\u00ab\u00a0finales\u00a0\u00bb<\/em>\u00a0sur ce dossier, \u00e0 l&rsquo;origine du blocage des institutions de la province mais aussi de remous au sein de la majorit\u00e9 conservatrice \u00e0 Londres. \u00a0<br>\u00a0<\/p>\n\n\n\n<h2 class=\"wp-block-heading\">Pr\u00e9server le protocole nord-irlandais<\/h2>\n\n\n\n<p>Sign\u00e9 en 2020, le protocole nord-irlandais, n\u00e9goci\u00e9 apr\u00e8s le Brexit par l&rsquo;ancien Premier ministre Boris Johnson, r\u00e9glemente la circulation des biens entre&nbsp;l&rsquo;Irlande du Nord, qui dispose de la seule fronti\u00e8re terrestre avec l&rsquo;Union europ\u00e9enne, et les autres provinces du Royaume-Uni.&nbsp;<\/p>\n\n\n\n<p>Ce protocole voulait \u00e9viter une fronti\u00e8re terrestre entre l&rsquo;Irlande et l&rsquo;Irlande du Nord qui risquerait de fragiliser la paix conclue en 1998 apr\u00e8s trois d\u00e9cennies sanglantes, tout en prot\u00e9geant le march\u00e9 unique europ\u00e9en.\u00a0<br><br>\u00a0<video preload=\"auto\" src=\"https:\/\/vodflash.tv5monde.com\/redacweb\/MEMO\/220624_MEMO_BREXIT1080p.mp4\">LectureSourdine<\/video><\/p>\n\n\n\n<p>Mais il posait des probl\u00e8mes pratiques en imposant notamment des contr\u00f4les douaniers sur les marchandises de Grande-Bretagne arrivant en Irlande du Nord, et ce m\u00eame si elles sont destin\u00e9es \u00e0 rester dans la province britannique.&nbsp;<\/p>\n\n\n\n<h2 class=\"wp-block-heading\">Probl\u00e8me politique pour Rishi Sunak&nbsp;<\/h2>\n\n\n\n<p>Le protocole a ainsi g\u00e9n\u00e9r\u00e9 des tensions entre l&rsquo;Union europ\u00e9enne et Londres mais est aussi devenu un probl\u00e8me interne pour Rishi Sunak, confront\u00e9 \u00e0 l&rsquo;opposition des durs du Brexit et \u00e0 celle des unionistes du Democratic Unionist Party (DUP), oppos\u00e9s \u00e0 toute remise en cause de l&rsquo;appartenance de l&rsquo;Irlande du Nord au Royaume-Uni.&nbsp;<\/p>\n\n\n\n<p>Ces derniers refusent toute application de facto du droit europ\u00e9en dans la province britannique et bloquent le fonctionnement de l&rsquo;ex\u00e9cutif local depuis un an.&nbsp;<\/p>\n\n\n\n<p><em>\u00ab\u00a0Nous avons besoin que les choses reprennent. Nous devons r\u00e9gler ce probl\u00e8me\u00a0\u00bb<\/em>, a affirm\u00e9 ce 27 f\u00e9vrier&nbsp;\u00e0 l&rsquo;AFP Vincent Ward, un Nord-Irlandais de 53 ans de Newry, dans le sud-est de la province.&nbsp;<\/p>\n\n\n\n<p><em>\u00ab\u00a0Les gens doivent savoir ce qui les attend\u00a0\u00bb<\/em>, a abond\u00e9 Joe O&rsquo;Hanlan, un sexag\u00e9naire habitant dans cette ville frontali\u00e8re avec l&rsquo;Irlande.&nbsp;<em>\u00ab\u00a0La fa\u00e7on dont \u00e7a se passe maintenant, \u00e7a a ruin\u00e9 la vie des gens et caus\u00e9 beaucoup de probl\u00e8mes\u00a0\u00bb<\/em>.&nbsp;<\/p>\n\n\n\n<h2 class=\"wp-block-heading\">Relancer les relations entre l&rsquo;UE et Londres&nbsp;<\/h2>\n\n\n\n<p>Pour calmer les unionistes, Londres avait menac\u00e9 au printemps dernier de revenir unilat\u00e9ralement sur l&rsquo;accord, suscitant la col\u00e8re de Dublin et de Bruxelles qui avaient alors brandi le spectre d&rsquo;une guerre commerciale. L&rsquo;accord obtenu ce 27 f\u00e9vrier doit donc permettre de relancer les relations souvent acrimonieuses ces derni\u00e8res ann\u00e9es entre le gouvernement britannique et les 27.&nbsp;<\/p>\n\n\n\n<p>C\u00f4t\u00e9 britannique, les remous ne sont pas forc\u00e9ment termin\u00e9s. Le DUP&nbsp;<em>\u00ab\u00a0prendra le temps pour \u00e9tudier les d\u00e9tails et \u00e9valuer l&rsquo;accord\u00a0\u00bb<\/em>, a temp\u00e9r\u00e9 sur Twitter le chef du DUP, Jeffrey Donaldson,&nbsp;<\/p>\n\n\n\n<p>Apr\u00e8s sa conf\u00e9rence de presse avec Ursula von der Leyen, Rishi Sunak doit rentrer \u00e0 Londres pour s&rsquo;adresser aux d\u00e9put\u00e9s \u00e0 la Chambre des Communes.&nbsp;<\/p>\n\n\n\n<p>Ses explications s&rsquo;annoncent d\u00e9licates : il doit \u00e9viter une fronde qui affecterait son autorit\u00e9 apr\u00e8s quatre mois au pouvoir. Certains des eurosceptiques les plus durs de sa majorit\u00e9 ont d\u00e9j\u00e0 critiqu\u00e9 un compromis qui am\u00e9liore le protocole sans remettre en cause son principe de maintenir certaines r\u00e8gles europ\u00e9ennes en Irlande du Nord.&nbsp;<\/p>\n\n\n\n<h2 class=\"wp-block-heading\">Un th\u00e9 avec le roi Charles III<\/h2>\n\n\n\n<p>Entre-temps, Ursula von der Leyen rencontrera Charles III, une visite critiqu\u00e9e par certains qui d\u00e9plorent que le roi se retrouve m\u00eal\u00e9 \u00e0 des discussions politiques aussi controvers\u00e9es. La pr\u00e9sidente de la Commission europ\u00e9enne a affirm\u00e9 que&nbsp;<em>\u00ab\u00a0la rencontre avec le souverain ne s&rsquo;inscrit pas dans le processus de discussions\u00a0\u00bb<\/em>&nbsp;sur les dispositions post-Brexit en Irlande du Nord.&nbsp;<\/p>\n\n\n\n<p><em>\u00ab\u00a0Le roi est heureux de rencontrer n&rsquo;importe quel dirigeant \u00e9tranger en visite au Royaume-Uni et c&rsquo;est le conseil du gouvernement qu&rsquo;il le fasse\u00a0\u00bb<\/em>, a r\u00e9agi le palais de Buckingham dans un communiqu\u00e9.&nbsp;<\/p>\n","protected":false},"excerpt":{"rendered":"<p>Le Premier ministre britannique Rishi Sunak et la pr\u00e9sidente de la Commission europ\u00e9enne Ursula von der Leyen sont parvenus \u00e0<\/p>\n","protected":false},"author":1,"featured_media":7622,"comment_status":"open","ping_status":"open","sticky":false,"template":"","format":"standard","meta":{"footnotes":""},"categories":[3],"tags":[],"class_list":["post-7621","post","type-post","status-publish","format-standard","has-post-thumbnail","hentry","category-event-more-news"],"_links":{"self":[{"href":"https:\/\/dekkbi.com\/index.php?rest_route=\/wp\/v2\/posts\/7621","targetHints":{"allow":["GET"]}}],"collection":[{"href":"https:\/\/dekkbi.com\/index.php?rest_route=\/wp\/v2\/posts"}],"about":[{"href":"https:\/\/dekkbi.com\/index.php?rest_route=\/wp\/v2\/types\/post"}],"author":[{"embeddable":true,"href":"https:\/\/dekkbi.com\/index.php?rest_route=\/wp\/v2\/users\/1"}],"replies":[{"embeddable":true,"href":"https:\/\/dekkbi.com\/index.php?rest_route=%2Fwp%2Fv2%2Fcomments&post=7621"}],"version-history":[{"count":1,"href":"https:\/\/dekkbi.com\/index.php?rest_route=\/wp\/v2\/posts\/7621\/revisions"}],"predecessor-version":[{"id":7623,"href":"https:\/\/dekkbi.com\/index.php?rest_route=\/wp\/v2\/posts\/7621\/revisions\/7623"}],"wp:featuredmedia":[{"embeddable":true,"href":"https:\/\/dekkbi.com\/index.php?rest_route=\/wp\/v2\/media\/7622"}],"wp:attachment":[{"href":"https:\/\/dekkbi.com\/index.php?rest_route=%2Fwp%2Fv2%2Fmedia&parent=7621"}],"wp:term":[{"taxonomy":"category","embeddable":true,"href":"https:\/\/dekkbi.com\/index.php?rest_route=%2Fwp%2Fv2%2Fcategories&post=7621"},{"taxonomy":"post_tag","embeddable":true,"href":"https:\/\/dekkbi.com\/index.php?rest_route=%2Fwp%2Fv2%2Ftags&post=7621"}],"curies":[{"name":"wp","href":"https:\/\/api.w.org\/{rel}","templated":true}]}}