{"id":7619,"date":"2023-02-27T20:47:54","date_gmt":"2023-02-27T20:47:54","guid":{"rendered":"https:\/\/dekkbi.com\/?p=7619"},"modified":"2023-02-27T20:47:55","modified_gmt":"2023-02-27T20:47:55","slug":"qui-sont-les-responsables-du-groupe-paramilitaire-russe-wagner-en-afrique-sanctionnes-par-lunion-europeenne","status":"publish","type":"post","link":"https:\/\/dekkbi.com\/?p=7619","title":{"rendered":"Qui sont les responsables du groupe paramilitaire russe Wagner en Afrique sanctionn\u00e9s par l&rsquo;Union europ\u00e9enne ?"},"content":{"rendered":"\n<h2 class=\"wp-block-heading\"><a href=\"https:\/\/www.addthis.com\/bookmark.php?v=300\"><\/a><a href=\"https:\/\/www.addthis.com\/bookmark.php?v=300\"><\/a><a rel=\"noreferrer noopener\" href=\"https:\/\/www.addthis.com\/bookmark.php?v=300\" target=\"_blank\"><\/a><a rel=\"noreferrer noopener\" href=\"https:\/\/www.addthis.com\/bookmark.php?v=300\" target=\"_blank\"><\/a><\/h2>\n\n\n\n<p>Onze personnes &#8211; 9 en Afrique et 2 en Ukraine &#8211; et sept entit\u00e9s li\u00e9es au groupe ont \u00e9t\u00e9 ajout\u00e9es \u00e0 la liste du bloc europ\u00e9en imposant des gels d&rsquo;avoirs et des interdictions de voyager.<\/p>\n\n\n\n<p>Le groupe Wagner lui-m\u00eame &#8211; qui combat activement avec l&rsquo;arm\u00e9e russe en Ukraine- avait d\u00e9j\u00e0 \u00e9t\u00e9 sanctionn\u00e9 en 2021 par l&rsquo;UE. Ces nouvelles sanctions ont \u00e9t\u00e9 d\u00e9cid\u00e9es&nbsp;<em>\u00ab\u00a0au vu de la dimension internationale et de la gravit\u00e9 des activit\u00e9s du groupe, ainsi que de son impact d\u00e9stabilisateur sur les pays o\u00f9 il est actif\u00a0\u00bb,<\/em>&nbsp;a \u00e9crit le Conseil europ\u00e9en dans un communiqu\u00e9.<\/p>\n\n\n\n<p><em>\u00ab\u00a0Les activit\u00e9s du groupe Wagner sont une menace pour les populations des pays o\u00f9 ils op\u00e8rent et pour l&rsquo;Union europ\u00e9enne\u00a0\u00bb<\/em>, a d\u00e9clar\u00e9 le chef de la diplomatie europ\u00e9enne Josep Borrel.<\/p>\n\n\n\n<p>Le Conseil europ\u00e9en a pr\u00e9cis\u00e9 que huit membres de Wagner et les sept entit\u00e9s vis\u00e9es par ces nouvelles sanctions relevaient du r\u00e9gime mondial de sanctions en mati\u00e8re de droits humains de l&rsquo;UE pour les activit\u00e9s du groupe en Centrafrique et au Soudan.<\/p>\n\n\n\n<p>Un neuvi\u00e8me membre de Wagner a quant \u00e0 lui \u00e9t\u00e9 frapp\u00e9 par un r\u00e9gime de sanctions de l&rsquo;UE qui s&rsquo;applique sp\u00e9cifiquement au Mali. Il s&rsquo;agit du chef des forces de Wagner dans ce pays o\u00f9 des combattants du groupe<em>&nbsp;\u00ab\u00a0ont \u00e9t\u00e9 impliqu\u00e9s dans des actes de violence et de multiples violations des droits de l&rsquo;homme, y compris des ex\u00e9cutions extrajudiciaires\u00a0\u00bb.<\/em><\/p>\n\n\n\n<p><img loading=\"lazy\" decoding=\"async\" src=\"https:\/\/information.tv5monde.com\/sites\/info.tv5monde.com\/files\/styles\/large_article\/public\/assets\/images\/PRIJOGIN.jpg?itok=M39FZarb\" width=\"670\" height=\"527\" alt=\"&nbsp;Evgueni Prigojine, homme d&amp;#039;affaires, est le fondateur de la soci\u00e9t\u00e9 paramilitaire russe. Il est ici le 4 juillet 2017 au cot\u00e9 de Vladimir Poutine lors d&amp;#039;un sommet avec la Chine.\"><\/p>\n\n\n\n<p>&nbsp;Evgueni Prigojine, homme d&rsquo;affaires, est le fondateur de la soci\u00e9t\u00e9 paramilitaire russe. Il est ici le 4 juillet 2017 au cot\u00e9 de Vladimir Poutine lors d&rsquo;un sommet avec la Chine.<\/p>\n\n\n\n<p>Sergei Ilnitsky\/Pool Photo via AP<\/p>\n\n\n\n<p>Plusieurs personnes mises sous sanctions par l&rsquo;UE en Centrafrique sont des membres de premier plan de Wagner.<strong>&nbsp;Vitalii Perfilev<\/strong><em>,&nbsp;<\/em>39 ans,&nbsp; est&nbsp;<em>\u00ab\u00a0le conseiller \u00e0 la s\u00e9curit\u00e9\u00a0\u00bb<\/em>&nbsp;du pr\u00e9sident Faustin Archange Touadera. Selon le document de l&rsquo;Union europ\u00e9enne il est d\u00e9crit comme<em>&nbsp;\u00ab\u00a0un personnage cl\u00e9 de Wagner en RCA\u00a0\u00bb.<\/em><\/p>\n\n\n\n<p><strong>Alexander Uvanov,<\/strong>&nbsp;62 ans est \u00e9galement vis\u00e9 par les sanctions de l&rsquo;Union europ\u00e9enne. Il est dans le document de l&rsquo;UE d\u00e9crit comme le porte-parole de Wagner sur place. Il serait \u00e0 la t\u00eate d&rsquo;une entit\u00e9 nomm\u00e9 l&rsquo;Union des officiers pour la s\u00e9curit\u00e9 internationale. Celle-ci aurait envoy\u00e9 des instructeurs militaires russes en Centrafrique.<\/p>\n\n\n\n<p>Deux hommes de Wagner en RCA ont \u00e9t\u00e9 identifi\u00e9s par Bruxelles et sont vis\u00e9s par des sanctions de l&rsquo;UE. Il s&rsquo;agit de&nbsp;<strong>Aleksandr Malotetko<\/strong>, instructeur de Wagner en R\u00e9publique centrafricaine et de&nbsp;<strong>Konstantin Pikalov,<\/strong>&nbsp;54 ans, commandant de Wagner en Afrique.<\/p>\n\n\n\n<p><strong>Dimitri Sytii, 33 ans<\/strong>, lui&nbsp; dirige la branche locale de la Maison russe, \u00e0 Bangui consid\u00e9r\u00e9e comme le bras de la propagande du minist\u00e8re russe des Affaires \u00e9trang\u00e8res \u00e0 Bangui en faveur de Wagner. Il est \u00e9galement touch\u00e9 par les sanctions.<\/p>\n\n\n\n<p><a href=\"https:\/\/information.tv5monde.com\/afrique\/un-expert-de-l-onu-affirme-que-wagner-terrorise-la-population-au-mali-489452\"><strong>Lire : un expert de l&rsquo;ONU affirme que Wagner \u00ab\u00a0terrorise\u00a0\u00bb la population au Mali<\/strong><\/a><\/p>\n\n\n\n<p>Wagner s&rsquo;est implant\u00e9 en Centrafrique \u00e0 l&rsquo;invitation du pr\u00e9sident Touadera pour r\u00e9primer une r\u00e9bellion et sa pr\u00e9sence de plus en plus imposante a pouss\u00e9 au d\u00e9part de ce pays en fin d&rsquo;ann\u00e9e derni\u00e8re de militaires fran\u00e7ais.<\/p>\n\n\n\n<p>Des soci\u00e9t\u00e9s aurif\u00e8res et diamantaires li\u00e9es \u00e0 Wagner en Centrafrique et au Soudan sont aussi vis\u00e9es par les sanctions europ\u00e9ennes.<\/p>\n\n\n\n<p>Une station de radio centrafricaine, Lengo Sengo, est \u00e9galement sous le coup d&rsquo;une proc\u00e9dure&nbsp;<em>\u00ab\u00a0pour s&rsquo;\u00eatre livr\u00e9e \u00e0 des op\u00e9rations d&rsquo;influence en ligne au nom de la Russie et du groupe Wagner dans le but de manipuler l&rsquo;opinion publique\u00a0\u00bb.<\/em><\/p>\n\n\n\n<p>Wagner, groupe paramilitaire fond\u00e9 en 2014, est consid\u00e9r\u00e9 par les \u00c9tats-Unis comme une organisation terroriste internationale. Les \u00c9tats-Unis qui essayent depuis plusieurs ann\u00e9es de contrecarrer l&rsquo;influence russe en Afrique accusent le groupe Wagner de&nbsp;<em>\u00ab\u00a0commettre des violations des droits humains et d&rsquo;extorquer les ressources naturelles en Afrique\u00a0\u00bb.<\/em><\/p>\n\n\n\n<p>Le groupe s&rsquo;est impos\u00e9 comme un acteur majeur du conflit en Ukraine et ses mercenaires ont \u00e9galement \u00e9t\u00e9 aper\u00e7us en Syrie ou en Libye. &nbsp;<\/p>\n\n\n\n<p>Lors d&rsquo;une mise \u00e0 jour samedi 25 f\u00e9vrier, deux nouveaux membres de Wagner ont \u00e9t\u00e9 inscrits sous le r\u00e9gime de sanctions de l&rsquo;UE punissant la Russie pour sa guerre en Ukraine. Ces deux paramilitaires sont des commandants de Wagner qui seraient impliqu\u00e9s dans la conqu\u00eate russe en janvier de la ville ukrainienne de Soledar.<\/p>\n","protected":false},"excerpt":{"rendered":"<p>Onze personnes &#8211; 9 en Afrique et 2 en Ukraine &#8211; et sept entit\u00e9s li\u00e9es au groupe ont \u00e9t\u00e9 ajout\u00e9es<\/p>\n","protected":false},"author":1,"featured_media":7506,"comment_status":"open","ping_status":"open","sticky":false,"template":"","format":"standard","meta":{"footnotes":""},"categories":[51],"tags":[],"class_list":["post-7619","post","type-post","status-publish","format-standard","has-post-thumbnail","hentry","category-general"],"_links":{"self":[{"href":"https:\/\/dekkbi.com\/index.php?rest_route=\/wp\/v2\/posts\/7619","targetHints":{"allow":["GET"]}}],"collection":[{"href":"https:\/\/dekkbi.com\/index.php?rest_route=\/wp\/v2\/posts"}],"about":[{"href":"https:\/\/dekkbi.com\/index.php?rest_route=\/wp\/v2\/types\/post"}],"author":[{"embeddable":true,"href":"https:\/\/dekkbi.com\/index.php?rest_route=\/wp\/v2\/users\/1"}],"replies":[{"embeddable":true,"href":"https:\/\/dekkbi.com\/index.php?rest_route=%2Fwp%2Fv2%2Fcomments&post=7619"}],"version-history":[{"count":1,"href":"https:\/\/dekkbi.com\/index.php?rest_route=\/wp\/v2\/posts\/7619\/revisions"}],"predecessor-version":[{"id":7620,"href":"https:\/\/dekkbi.com\/index.php?rest_route=\/wp\/v2\/posts\/7619\/revisions\/7620"}],"wp:featuredmedia":[{"embeddable":true,"href":"https:\/\/dekkbi.com\/index.php?rest_route=\/wp\/v2\/media\/7506"}],"wp:attachment":[{"href":"https:\/\/dekkbi.com\/index.php?rest_route=%2Fwp%2Fv2%2Fmedia&parent=7619"}],"wp:term":[{"taxonomy":"category","embeddable":true,"href":"https:\/\/dekkbi.com\/index.php?rest_route=%2Fwp%2Fv2%2Fcategories&post=7619"},{"taxonomy":"post_tag","embeddable":true,"href":"https:\/\/dekkbi.com\/index.php?rest_route=%2Fwp%2Fv2%2Ftags&post=7619"}],"curies":[{"name":"wp","href":"https:\/\/api.w.org\/{rel}","templated":true}]}}