{"id":7611,"date":"2023-02-27T20:26:39","date_gmt":"2023-02-27T20:26:39","guid":{"rendered":"https:\/\/dekkbi.com\/?p=7611"},"modified":"2023-02-27T20:26:39","modified_gmt":"2023-02-27T20:26:39","slug":"visite-du-chef-de-la-diplomatie-egyptienne-a-damas-la-syrie-sort-un-peu-plus-de-lisolement","status":"publish","type":"post","link":"https:\/\/dekkbi.com\/?p=7611","title":{"rendered":"Visite du chef de la diplomatie \u00e9gyptienne \u00e0 Damas: la Syrie sort un peu plus de l&rsquo;isolement"},"content":{"rendered":"\n<p>RFI &#8211;  Le pr\u00e9sident syrien Bachar el-Assad, \u00e0 droite, avec le ministre \u00e9gyptien des Affaires \u00e9trang\u00e8res Sameh Choukri \u00e0 Damas, ce lundi 27 f\u00e9vrier 2023.Le pr\u00e9sident syrien Bachar el-Assad, \u00e0 droite, avec le ministre \u00e9gyptien des Affaires \u00e9trang\u00e8res Sameh Choukri \u00e0 Damas, ce lundi 27 f\u00e9vrier 2023. <\/p>\n\n\n\n<p>APTexte par :RFI<\/p>\n\n\n\n<p>Premi\u00e8re visite d&rsquo;un ministre \u00e9gyptien des Affaires \u00e9trang\u00e8res \u00e0 Damas depuis plus de dix ans. Le chef de la diplomatie \u00e9gyptienne est arriv\u00e9 en Syrie ce lundi 27 f\u00e9vrier. Sameh Choukri a tenu \u00e0 t\u00e9moigner de la solidarit\u00e9 de son pays envers la Syrie, apr\u00e8s les s\u00e9ismes meurtriers du 6 f\u00e9vrier dernier. Des tremblements de terre qui permettent au r\u00e9gime Assad de r\u00e9duire progressivement son isolement diplomatique.<\/p>\n\n\n\n<p>Deuxi\u00e8me visite dans un pays arabe depuis 2011 puisque le pr\u00e9sident syrien a \u00e9t\u00e9 re\u00e7u aux \u00c9mirats arabes unis l&rsquo;ann\u00e9e derni\u00e8re. Les \u00c9mirats en pointe pour rompre l&rsquo;isolement diplomatique de Damas depuis qu&rsquo;ils ont rouvert une ambassade en Syrie en 2018.Bachar el-Assad de moins en moins infr\u00e9quentable, donc. Il saluait r\u00e9cemment l&rsquo;attitude \u00ab positive \u00bb des pays arabes qui apportent leur aide \u00e0 la Syrie et reprennent le dialogue. Mais pour l&rsquo;instant, Damas reste \u00e0 la porte de la Ligue arabe. La Syrie a \u00e9t\u00e9 suspendue de l&rsquo;organisation en 2011, en pleine r\u00e9pression du soul\u00e8vement de la population contre le r\u00e9gime.<\/p>\n","protected":false},"excerpt":{"rendered":"<p>RFI &#8211; Le pr\u00e9sident syrien Bachar el-Assad, \u00e0 droite, avec le ministre \u00e9gyptien des Affaires \u00e9trang\u00e8res Sameh Choukri \u00e0 Damas,<\/p>\n","protected":false},"author":1,"featured_media":7612,"comment_status":"open","ping_status":"open","sticky":false,"template":"","format":"standard","meta":{"footnotes":""},"categories":[51],"tags":[],"class_list":["post-7611","post","type-post","status-publish","format-standard","has-post-thumbnail","hentry","category-general"],"_links":{"self":[{"href":"https:\/\/dekkbi.com\/index.php?rest_route=\/wp\/v2\/posts\/7611","targetHints":{"allow":["GET"]}}],"collection":[{"href":"https:\/\/dekkbi.com\/index.php?rest_route=\/wp\/v2\/posts"}],"about":[{"href":"https:\/\/dekkbi.com\/index.php?rest_route=\/wp\/v2\/types\/post"}],"author":[{"embeddable":true,"href":"https:\/\/dekkbi.com\/index.php?rest_route=\/wp\/v2\/users\/1"}],"replies":[{"embeddable":true,"href":"https:\/\/dekkbi.com\/index.php?rest_route=%2Fwp%2Fv2%2Fcomments&post=7611"}],"version-history":[{"count":1,"href":"https:\/\/dekkbi.com\/index.php?rest_route=\/wp\/v2\/posts\/7611\/revisions"}],"predecessor-version":[{"id":7613,"href":"https:\/\/dekkbi.com\/index.php?rest_route=\/wp\/v2\/posts\/7611\/revisions\/7613"}],"wp:featuredmedia":[{"embeddable":true,"href":"https:\/\/dekkbi.com\/index.php?rest_route=\/wp\/v2\/media\/7612"}],"wp:attachment":[{"href":"https:\/\/dekkbi.com\/index.php?rest_route=%2Fwp%2Fv2%2Fmedia&parent=7611"}],"wp:term":[{"taxonomy":"category","embeddable":true,"href":"https:\/\/dekkbi.com\/index.php?rest_route=%2Fwp%2Fv2%2Fcategories&post=7611"},{"taxonomy":"post_tag","embeddable":true,"href":"https:\/\/dekkbi.com\/index.php?rest_route=%2Fwp%2Fv2%2Ftags&post=7611"}],"curies":[{"name":"wp","href":"https:\/\/api.w.org\/{rel}","templated":true}]}}