{"id":7607,"date":"2023-02-27T20:22:33","date_gmt":"2023-02-27T20:22:33","guid":{"rendered":"https:\/\/dekkbi.com\/?p=7607"},"modified":"2023-02-27T20:22:34","modified_gmt":"2023-02-27T20:22:34","slug":"politique-africaine-de-la-france-retour-sur-le-discours-du-president-macron","status":"publish","type":"post","link":"https:\/\/dekkbi.com\/?p=7607","title":{"rendered":"Politique africaine de la France: retour sur le discours du pr\u00e9sident Macron"},"content":{"rendered":"\n<figure class=\"wp-block-image size-full\"><img loading=\"lazy\" decoding=\"async\" width=\"1\" height=\"1\" src=\"https:\/\/dekkbi.com\/wp-content\/uploads\/2023\/02\/image-16.gif\" alt=\"\" class=\"wp-image-7608\"\/><\/figure>\n\n\n\n<p>Emmanuel Macron a pr\u00e9sent\u00e9 ce lundi 27 f\u00e9vrier 2023 \u00e0 l\u2019\u00c9lys\u00e9e les orientations de sa politique africaine pour les ann\u00e9es \u00e0 venir, avant une tourn\u00e9e au Gabon, en Angola, au Congo et en RDC, pr\u00e9vue du 1er au 5 mars.<\/p>\n\n\n\n<h2 class=\"wp-block-heading\">D\u00e9clarations<\/h2>\n\n\n\n<p>Au d\u00e9but de son discours, Emmanuel Macron a souhait\u00e9 mettre en avant sa \u00ab&nbsp;<em>profonde humilit\u00e9 face \u00e0 ce qui se joue sur le continent africain<\/em>&nbsp;\u00bb, contexte qu&rsquo;il qualifie de \u00ab&nbsp;<em>situation sans pr\u00e9c\u00e9dent dans l&rsquo;histoire<\/em>&nbsp;\u00bb, avec \u00ab&nbsp;<em>une somme de d\u00e9fis vertigineux&nbsp;<\/em>\u00bb.<\/p>\n\n\n\n<p>\u00ab&nbsp;<em>Du d\u00e9fi s\u00e9curitaire climatique au d\u00e9fi d\u00e9mographique avec la jeunesse qui arrive et \u00e0 laquelle il faut proposer un avenir pour chacun des \u00c9tats africains<\/em>&nbsp;\u00bb, a-t-il \u00e9num\u00e9r\u00e9, il faut \u00ab&nbsp;<em>consolider des \u00c9tats et des administrations, investir massivement dans l&rsquo;\u00e9ducation, la sant\u00e9, l&#8217;emploi, la formation, la transition \u00e9nerg\u00e9tique<\/em>&nbsp;\u00bb, estime le chef de l&rsquo;\u00c9tat fran\u00e7ais.<\/p>\n\n\n\n<p>Le pr\u00e9sident a par la suite annonc\u00e9 une \u00ab&nbsp;<em>loi cadre&nbsp;<\/em>\u00bb pour de \u00ab&nbsp;<em>nouvelles restitutions<\/em>&nbsp;\u00bb d&rsquo;\u0153uvres d&rsquo;art \u00ab<em>&nbsp;au profit des pays africains qui le demandent<\/em>&nbsp;\u00bb.<\/p>\n\n\n\n<p>Elle \u00ab&nbsp;<em>sera propos\u00e9e dans les prochaines semaines par la ministre de la Culture \u00e0 notre Parlement&nbsp;<\/em>\u00bb et \u00ab&nbsp;<em>permettra de fixer la m\u00e9thodologie et les crit\u00e8res pour proc\u00e9der&nbsp;<\/em>\u00bb \u00e0 ces restitutions, \u00ab&nbsp;<em>reposant sur un partenariat culturel et scientifique pour accueillir et conserver ces \u0153uvres<\/em>&nbsp;\u00bb.<\/p>\n\n\n\n<p>Le pr\u00e9sident fran\u00e7ais souhaite \u00ab&nbsp;<em>que cette d\u00e9marche puisse s&rsquo;inscrire dans une dynamique plus large et \u00e9galement une dynamique europ\u00e9enne<\/em>&nbsp;\u00bb.<\/p>\n\n\n\n<p>Et dans une logique de refus de r\u00e9duire l&rsquo;Afrique \u00e0 un \u00ab&nbsp;<em>terrain de comp\u00e9tition<\/em>&nbsp;\u00bb, privil\u00e9giant&nbsp;une relation \u00ab&nbsp;<em>\u00e9quilibr\u00e9e<\/em>&nbsp;\u00bb selon ses termes, M.&nbsp;Macron a annonc\u00e9 que la France n&rsquo;aura plus, \u00e0 l&rsquo;avenir, que des bases militaires cog\u00e9r\u00e9es avec les pays concern\u00e9s sur le continent. Cela passera par une \u00ab&nbsp;<em>diminution visible<\/em>&nbsp;\u00bb des effectifs fran\u00e7ais d\u00e9ploy\u00e9s, mais un \u00ab&nbsp;<em>effort accru<\/em>&nbsp;\u00bb en mati\u00e8re de formation et d&rsquo;\u00e9quipements.<\/p>\n\n\n\n<p>Le pr\u00e9sident parle d&rsquo;un \u00ab<em>&nbsp;nouveau mod\u00e8le de partenariat&nbsp;<\/em>\u00bb impliquant une \u00ab&nbsp;<em>mont\u00e9e en puissance<\/em>&nbsp;\u00bb des Africains.<\/p>\n","protected":false},"excerpt":{"rendered":"<p>Emmanuel Macron a pr\u00e9sent\u00e9 ce lundi 27 f\u00e9vrier 2023 \u00e0 l\u2019\u00c9lys\u00e9e les orientations de sa politique africaine pour les ann\u00e9es<\/p>\n","protected":false},"author":1,"featured_media":7609,"comment_status":"open","ping_status":"open","sticky":false,"template":"","format":"standard","meta":{"footnotes":""},"categories":[51],"tags":[],"class_list":["post-7607","post","type-post","status-publish","format-standard","has-post-thumbnail","hentry","category-general"],"_links":{"self":[{"href":"https:\/\/dekkbi.com\/index.php?rest_route=\/wp\/v2\/posts\/7607","targetHints":{"allow":["GET"]}}],"collection":[{"href":"https:\/\/dekkbi.com\/index.php?rest_route=\/wp\/v2\/posts"}],"about":[{"href":"https:\/\/dekkbi.com\/index.php?rest_route=\/wp\/v2\/types\/post"}],"author":[{"embeddable":true,"href":"https:\/\/dekkbi.com\/index.php?rest_route=\/wp\/v2\/users\/1"}],"replies":[{"embeddable":true,"href":"https:\/\/dekkbi.com\/index.php?rest_route=%2Fwp%2Fv2%2Fcomments&post=7607"}],"version-history":[{"count":1,"href":"https:\/\/dekkbi.com\/index.php?rest_route=\/wp\/v2\/posts\/7607\/revisions"}],"predecessor-version":[{"id":7610,"href":"https:\/\/dekkbi.com\/index.php?rest_route=\/wp\/v2\/posts\/7607\/revisions\/7610"}],"wp:featuredmedia":[{"embeddable":true,"href":"https:\/\/dekkbi.com\/index.php?rest_route=\/wp\/v2\/media\/7609"}],"wp:attachment":[{"href":"https:\/\/dekkbi.com\/index.php?rest_route=%2Fwp%2Fv2%2Fmedia&parent=7607"}],"wp:term":[{"taxonomy":"category","embeddable":true,"href":"https:\/\/dekkbi.com\/index.php?rest_route=%2Fwp%2Fv2%2Fcategories&post=7607"},{"taxonomy":"post_tag","embeddable":true,"href":"https:\/\/dekkbi.com\/index.php?rest_route=%2Fwp%2Fv2%2Ftags&post=7607"}],"curies":[{"name":"wp","href":"https:\/\/api.w.org\/{rel}","templated":true}]}}