{"id":7550,"date":"2023-02-26T12:15:18","date_gmt":"2023-02-26T12:15:18","guid":{"rendered":"https:\/\/dekkbi.com\/?p=7550"},"modified":"2023-02-26T12:15:19","modified_gmt":"2023-02-26T12:15:19","slug":"mbodie-june-preservation-des-terres-paysannes-et-de-la-foret-de-nianing-les-populations-de-roff-rejettent-le-projet-senegal-mines","status":"publish","type":"post","link":"https:\/\/dekkbi.com\/?p=7550","title":{"rendered":"Mbodi\u00e9 june \u2013 Pr\u00e9servation des terres paysannes et de la for\u00eat de Nianing : Les populations de Roff rejettent le projet \u00abS\u00e9n\u00e9gal mines\u00bb"},"content":{"rendered":"\n<p>Les habitants du village de Roff, situ\u00e9 dans le sud de la commune de Malicounda, sont vent debout contre l\u2019installation d\u2019une carri\u00e8re dans la for\u00eat class\u00e9e de Nianing. Pour eux, elle aura un impact sur leur sant\u00e9 et leur cadre de vie.Par Alioune Badara CISS \u2013 Les litiges fonciers et accaparements de terres risquent d\u2019embraser certaines localit\u00e9s du d\u00e9partement de Mbour. Les populations du village de Roff, situ\u00e9 dans le sud de la commune de Malicounda, s\u2019insurgent contre l\u2019installation d\u2019une carri\u00e8re dans la for\u00eat class\u00e9e de Nianing. C\u2019est une d\u00e9cision que d\u00e9noncent ces populations qui ont peur de l\u2019impact de son exploitation sur leur sant\u00e9. Elles refusent l\u2019implantation de ce projet \u00e0 cause de son impact sur leur cadre de vie. \u00abQuand elle extrait et broie son produit (attapulgite), les habitants du village de Roff, \u00e9leveurs et agriculteurs, souffrent. Nous avons beaucoup de cas de maladies, c\u2019est pourquoi nous disons non\u00bb, d\u00e9clare Ernest Dieng, habitant le village de Roff. Selon les populations de ce village, cette entreprise n\u2019est pas m\u00e9connue des villageois. \u00abCar elle \u00e9tait d\u00e9j\u00e0 install\u00e9e \u00e0 Mbodi\u00e8ne (village limitrophe et situ\u00e9 dans la commune de Ngu\u00e9ni\u00e8ne). Avec cette installation qui date de plus de 25 ans, des paysans du village de Roff ont \u00e9t\u00e9 spoli\u00e9s de leurs terres sans indemnisation, les jeunes qui y travaillaient sont pour le plus souvent atteints de maladies respiratoires \u00e0 cause de la poussi\u00e8re qu\u2019ils inhalent jusque dans leurs maisons, les chambres sont aussi envahies par cette poussi\u00e8re fine. Les troupeaux ne peuvent plus acc\u00e9der au site, en plus sur un rayon de plusieurs centaines de m\u00e8tres, voire de kilom\u00e8tres, l\u2019environnement est compl\u00e8tement d\u00e9truit. Ni l\u2019agriculture ni l\u2019\u00e9levage ne pourront plus \u00eatre pratiqu\u00e9s sans tenir compte des probl\u00e8mes sanitaires li\u00e9s \u00e0 cette poussi\u00e8re\u00bb, alertent les populations de Roff.Il faut savoir que la for\u00eat class\u00e9e de Nianing est une source g\u00e9n\u00e9ratrice de ressources gr\u00e2ce au bois de chauffe. Sans oublier que la for\u00eat sert \u00e0 faire pa\u00eetre les troupeaux. \u00abCe qui du coup permet d\u2019\u00e9viter les divagations en p\u00e9riode d\u2019hivernage et encourage la fertilisation des sols. Apr\u00e8s une rencontre avec une d\u00e9l\u00e9gation de l\u2019entreprise, les populations leur avaient, \u00e0 l\u2019unanimit\u00e9, signifi\u00e9 leur opposition cat\u00e9gorique au projet de sondage dans la zone. Lors de cette r\u00e9union, leurs repr\u00e9sentants \u00e9taient donc d\u2019accord mais \u00e0 la surprise g\u00e9n\u00e9rale, ils avaient entam\u00e9 leur sondage dans la for\u00eat, \u00e0 l\u2019insu des populations. Ne liant pas la parole \u00e0 l\u2019acte, d\u00e9sormais, l\u2019administration de l\u2019usine prouve qu\u2019elle n\u2019est pas digne de confiance\u00bb, se d\u00e9sole le porte-parole des populations.Aujourd\u2019hui, les villageois sont sur le pied de guerre pour faire face \u00e0 ce projet \u00abn\u00e9faste et nocif\u00bb \u00e0 la sant\u00e9, mais \u00e9galement destructeur de l\u2019environnement et de l\u2019\u00e9conomie rurale. \u00abEn plus de cela, l\u2019installation d\u2019une carri\u00e8re dans la for\u00eat class\u00e9e, o\u00f9 il y a vers l\u2019ouest le cordon h\u00f4telier de Pointe Sar\u00e8ne, va causer beaucoup de tort aux investisseurs et mettre \u00e0 genoux le tourisme dans la zone ; ce qui va sans doute avoir des cons\u00e9quences nuisibles sur des milliers de p\u00e8res et m\u00e8res de famille en exacerbant la pauvret\u00e9 dans ce secteur\u00bb, regrettent les habitants.Face \u00e0 de telles accusations, l\u2019entreprise mise en cause est rest\u00e9e injoignable, en d\u00e9pit de nombreuses tentatives.<\/p>\n\n\n\n<p>abciss@lequotidien.sn<\/p>\n","protected":false},"excerpt":{"rendered":"<p>Les habitants du village de Roff, situ\u00e9 dans le sud de la commune de Malicounda, sont vent debout contre l\u2019installation<\/p>\n","protected":false},"author":1,"featured_media":7551,"comment_status":"open","ping_status":"open","sticky":false,"template":"","format":"standard","meta":{"footnotes":""},"categories":[3],"tags":[],"class_list":["post-7550","post","type-post","status-publish","format-standard","has-post-thumbnail","hentry","category-event-more-news"],"_links":{"self":[{"href":"https:\/\/dekkbi.com\/index.php?rest_route=\/wp\/v2\/posts\/7550","targetHints":{"allow":["GET"]}}],"collection":[{"href":"https:\/\/dekkbi.com\/index.php?rest_route=\/wp\/v2\/posts"}],"about":[{"href":"https:\/\/dekkbi.com\/index.php?rest_route=\/wp\/v2\/types\/post"}],"author":[{"embeddable":true,"href":"https:\/\/dekkbi.com\/index.php?rest_route=\/wp\/v2\/users\/1"}],"replies":[{"embeddable":true,"href":"https:\/\/dekkbi.com\/index.php?rest_route=%2Fwp%2Fv2%2Fcomments&post=7550"}],"version-history":[{"count":1,"href":"https:\/\/dekkbi.com\/index.php?rest_route=\/wp\/v2\/posts\/7550\/revisions"}],"predecessor-version":[{"id":7552,"href":"https:\/\/dekkbi.com\/index.php?rest_route=\/wp\/v2\/posts\/7550\/revisions\/7552"}],"wp:featuredmedia":[{"embeddable":true,"href":"https:\/\/dekkbi.com\/index.php?rest_route=\/wp\/v2\/media\/7551"}],"wp:attachment":[{"href":"https:\/\/dekkbi.com\/index.php?rest_route=%2Fwp%2Fv2%2Fmedia&parent=7550"}],"wp:term":[{"taxonomy":"category","embeddable":true,"href":"https:\/\/dekkbi.com\/index.php?rest_route=%2Fwp%2Fv2%2Fcategories&post=7550"},{"taxonomy":"post_tag","embeddable":true,"href":"https:\/\/dekkbi.com\/index.php?rest_route=%2Fwp%2Fv2%2Ftags&post=7550"}],"curies":[{"name":"wp","href":"https:\/\/api.w.org\/{rel}","templated":true}]}}