{"id":7520,"date":"2023-02-26T09:31:32","date_gmt":"2023-02-26T09:31:32","guid":{"rendered":"https:\/\/dekkbi.com\/?p=7520"},"modified":"2023-02-26T09:31:33","modified_gmt":"2023-02-26T09:31:33","slug":"idrissa-seck-candidat-a-la-presidentielle-2024-les-choses-se-precisent","status":"publish","type":"post","link":"https:\/\/dekkbi.com\/?p=7520","title":{"rendered":"Idrissa Seck, candidat \u00e0 la Pr\u00e9sidentielle 2024: Les choses se pr\u00e9cisent"},"content":{"rendered":"\n<p>Apr\u00e8s son message cod\u00e9, demandant au Pr\u00e9sident Macky Sall, apr\u00e8s ses belles r\u00e9alisations, de s\u2019am\u00e9nager une sortie historique, les choses se pr\u00e9cisent pour la Pr\u00e9sidentielle 2024 : Idrissa Seck sera candidat \u00e0 ces joutes \u00e9lectorales. Images.<\/p>\n\n\n\n<p>La source fiable est issue d\u2019un expert en communication, qui ne saurait partager une nouvelle sans en avoir la certitude.En effet, sp\u00e9cialiste en Sciences politiques, Dr. Cheikh Omar Diallo qui aussi est Enseignant et Expert en communication, a partag\u00e9, images \u00e0 l\u2019appui, sa rencontre avec le leader de Rewmi et actuel pr\u00e9sident du Conseil \u00e9conomique sociale et environnemental CESE.\u00ab Je viens de recevoir Idrissa Seck, candidat \u00e0 la Pr\u00e9sidentielle 2024 dans mon bureau ce matin \u00bb. Tel est le message sans ambig\u00fcit\u00e9 de l\u2019ancien conseiller des Wade (p\u00e8re et fils), l\u2019ancien chef desk politique du quotidien \u00abLe Soleil \u00bb.<\/p>\n","protected":false},"excerpt":{"rendered":"<p>Apr\u00e8s son message cod\u00e9, demandant au Pr\u00e9sident Macky Sall, apr\u00e8s ses belles r\u00e9alisations, de s\u2019am\u00e9nager une sortie historique, les choses<\/p>\n","protected":false},"author":1,"featured_media":3524,"comment_status":"open","ping_status":"open","sticky":false,"template":"","format":"standard","meta":{"footnotes":""},"categories":[6],"tags":[],"class_list":["post-7520","post","type-post","status-publish","format-standard","has-post-thumbnail","hentry","category-politics"],"_links":{"self":[{"href":"https:\/\/dekkbi.com\/index.php?rest_route=\/wp\/v2\/posts\/7520","targetHints":{"allow":["GET"]}}],"collection":[{"href":"https:\/\/dekkbi.com\/index.php?rest_route=\/wp\/v2\/posts"}],"about":[{"href":"https:\/\/dekkbi.com\/index.php?rest_route=\/wp\/v2\/types\/post"}],"author":[{"embeddable":true,"href":"https:\/\/dekkbi.com\/index.php?rest_route=\/wp\/v2\/users\/1"}],"replies":[{"embeddable":true,"href":"https:\/\/dekkbi.com\/index.php?rest_route=%2Fwp%2Fv2%2Fcomments&post=7520"}],"version-history":[{"count":1,"href":"https:\/\/dekkbi.com\/index.php?rest_route=\/wp\/v2\/posts\/7520\/revisions"}],"predecessor-version":[{"id":7521,"href":"https:\/\/dekkbi.com\/index.php?rest_route=\/wp\/v2\/posts\/7520\/revisions\/7521"}],"wp:featuredmedia":[{"embeddable":true,"href":"https:\/\/dekkbi.com\/index.php?rest_route=\/wp\/v2\/media\/3524"}],"wp:attachment":[{"href":"https:\/\/dekkbi.com\/index.php?rest_route=%2Fwp%2Fv2%2Fmedia&parent=7520"}],"wp:term":[{"taxonomy":"category","embeddable":true,"href":"https:\/\/dekkbi.com\/index.php?rest_route=%2Fwp%2Fv2%2Fcategories&post=7520"},{"taxonomy":"post_tag","embeddable":true,"href":"https:\/\/dekkbi.com\/index.php?rest_route=%2Fwp%2Fv2%2Ftags&post=7520"}],"curies":[{"name":"wp","href":"https:\/\/api.w.org\/{rel}","templated":true}]}}