{"id":7501,"date":"2023-02-24T16:43:49","date_gmt":"2023-02-24T16:43:49","guid":{"rendered":"https:\/\/dekkbi.com\/?p=7501"},"modified":"2023-02-24T16:47:07","modified_gmt":"2023-02-24T16:47:07","slug":"linde-ouvre-le-g20-finances-sur-un-appel-a-reformer-les-institutions-internationales","status":"publish","type":"post","link":"https:\/\/dekkbi.com\/?p=7501","title":{"rendered":"L&rsquo;Inde ouvre le G20 Finances sur un appel \u00e0 r\u00e9former les institutions internationales"},"content":{"rendered":"\n<p><a rel=\"noreferrer noopener\" href=\"https:\/\/www.addthis.com\/bookmark.php?v=300\" target=\"_blank\"><\/a>Le Premier ministre indien Narendra Modi a appel\u00e9 vendredi \u00e0 une r\u00e9forme des institutions internationales, au premier jour d&rsquo;une r\u00e9union du G20 Finances, organis\u00e9 en Inde.<\/p>\n\n\n\n<p>R\u00e9unis \u00e0 Bangalore, capitale technologique de l&rsquo;Inde, les ministres des Finances et les gouverneurs des banques centrales du G20 tentent de s&rsquo;accorder sur des solutions face aux d\u00e9fis pos\u00e9s par l&rsquo;\u00e9conomie mondiale, dans un contexte de guerre en Ukraine et de pouss\u00e9e inflationniste.<\/p>\n\n\n\n<p>L&rsquo;Inde, pays organisateur du G20, s&rsquo;est fix\u00e9 comme priorit\u00e9 pour sa pr\u00e9sidence une r\u00e9forme des institutions financi\u00e8res internationales, dont la Banque mondiale.<\/p>\n\n\n\n<p>\u00ab\u00a0La confiance dans les institutions financi\u00e8res internationales s&rsquo;est \u00e9rod\u00e9e. C&rsquo;est en partie parce qu&rsquo;elles ont \u00e9t\u00e9 lentes \u00e0 se r\u00e9former\u00a0\u00bb, a soulign\u00e9 dans son discours d&rsquo;ouverture le Premier ministre indien Narendra Modi.<\/p>\n\n\n\n<p>\u00ab\u00a0Nous devons travailler ensemble \u00e0 renforcer les banques multilat\u00e9rales de d\u00e9veloppement afin de relever les d\u00e9fis mondiaux tels que le changement climatique et les niveaux d&rsquo;endettement \u00e9lev\u00e9s\u00a0\u00bb, a affirm\u00e9 le dirigeant indien.<\/p>\n\n\n\n<p>Ces remarques font \u00e9cho aux appels lanc\u00e9s par d&rsquo;autres repr\u00e9sentants pour que la Banque mondiale augmente ses pr\u00eats et \u00e9largisse son champ d&rsquo;action.<\/p>\n\n\n\n<p>&#8211; \u00ab\u00a0Faire pression\u00a0\u00bb &#8211;<\/p>\n\n\n\n<p>\u00ab\u00a0Je continuerai \u00e0 faire pression pour que tous les cr\u00e9anciers officiels bilat\u00e9raux, y compris la Chine, participent \u00e0 des traitements significatifs de la dette des pays en d\u00e9veloppement et des march\u00e9s \u00e9mergents en difficult\u00e9\u00a0\u00bb, a assur\u00e9 jeudi en Inde la secr\u00e9taire d&rsquo;Etat am\u00e9ricaine au Tr\u00e9sor, Janet Yellen.<\/p>\n\n\n\n<p>La Banque mondiale a lanc\u00e9 en octobre une premi\u00e8re feuille de route en vue d&rsquo;une r\u00e9forme, cens\u00e9e mieux r\u00e9pondre aux besoins de financement des pays en d\u00e9veloppement.<\/p>\n\n\n\n<p>Cette r\u00e9forme doit permettre de mobiliser des fonds plus efficacement pour les pays les plus pauvres, face aux d\u00e9fis pos\u00e9s par l&rsquo;inflation, l&rsquo;endettement ou encore le changement climatique.<\/p>\n\n\n\n<p>Le pr\u00e9sident de la Banque mondiale, David Malpass, a annonc\u00e9 au d\u00e9but du mois qu&rsquo;il quitterait son poste d&rsquo;ici fin juin, avec un an d&rsquo;avance.<\/p>\n\n\n\n<p>Il s&rsquo;\u00e9tait r\u00e9cemment trouv\u00e9 sous le feu des critiques, accus\u00e9 par l&rsquo;ancien vice-pr\u00e9sident am\u00e9ricain Al Gore d&rsquo;\u00eatre climatosceptique et de n&rsquo;avoir pas su renforcer le financement de projets climatiques dans les pays en d\u00e9veloppement.<\/p>\n\n\n\n<p>Washington a propos\u00e9 jeudi \u00e0 sa succession \u00e0 la t\u00eate de la Banque mondiale la candidature de l&rsquo;ancien PDG de Mastercard d&rsquo;origine indienne Ajay Banga.<\/p>\n\n\n\n<p>&#8211; Jardin et lac artificiel &#8211;<\/p>\n\n\n\n<p>\u00ab\u00a0Je pense que nous avons un tr\u00e8s bon candidat pour la Banque Mondiale\u00a0\u00bb, a estim\u00e9 devant la presse le ministre fran\u00e7ais de l&rsquo;Economie, Bruno Le Maire.<\/p>\n\n\n\n<p>Les discussions du G20 Finances se d\u00e9roulent jusqu&rsquo;\u00e0 samedi dans un h\u00f4tel de luxe bord\u00e9 par un jardin et un lac artificiel, en retrait de l&rsquo;effervescence de Bangalore.<\/p>\n\n\n\n<p>Jusqu&rsquo;\u00e0 samedi, les puissances du G20 vont \u00e9galement tenter de trouver un accord pour all\u00e9ger la dette des pays les plus pauvres.<\/p>\n\n\n\n<p>En 2020, le G20 a convenu d&rsquo;un \u00ab\u00a0cadre commun\u00a0\u00bb pour la restructuration de la dette des pays les plus pauvres mais sa mise en oeuvre est lente.<\/p>\n\n\n\n<p>Les Etats-Unis accusent la Chine, principal cr\u00e9ancier de nombreux pays africains, de ralentir le processus.<\/p>\n\n\n\n<p>&#8211; \u00ab\u00a0Analyser les causes\u00a0\u00bb &#8211;<\/p>\n\n\n\n<p>Le ministre chinois des Finances, Liu Kun, a appel\u00e9 vendredi \u00e0 \u00ab\u00a0analyser les causes des probl\u00e8mes d&rsquo;endettement de fa\u00e7on juste, objective et approfondie\u00a0\u00bb, selon un communiqu\u00e9 publi\u00e9 par son minist\u00e8re.<\/p>\n\n\n\n<p>Le responsable s&rsquo;exprimait au G20 Finances par liaison vid\u00e9o depuis la Chine.<\/p>\n\n\n\n<p>La r\u00e9forme de la fiscalit\u00e9 internationale, dont la taxation des principaux acteurs du num\u00e9rique, figure \u00e9galement au programme du G20 Finances.<\/p>\n\n\n\n<p>Les \u00e9changes se tiennent un an jour pour jour apr\u00e8s le d\u00e9but de l&rsquo;invasion russe de l&rsquo;Ukraine et sur fond de d\u00e9saccords entre les participants du G20 sur ce sujet.<\/p>\n\n\n\n<p>L&rsquo;Allemagne et la France ont plaid\u00e9 vendredi pour l&rsquo;inscription du terme \u00ab\u00a0guerre\u00a0\u00bb au communiqu\u00e9 final du G20 Finances, malgr\u00e9 des r\u00e9ticences de l&rsquo;Inde.<\/p>\n\n\n\n<p>A l&rsquo;image de la Chine, l&rsquo;Inde n&rsquo;a pas condamn\u00e9 l&rsquo;intervention militaire de Moscou et a augment\u00e9 depuis un an ses importations de p\u00e9trole russe.<\/p>\n\n\n\n<p>L&rsquo;an dernier lors des trois pr\u00e9c\u00e9dentes r\u00e9unions du G20 Finances, aucun communiqu\u00e9 n&rsquo;avait pu \u00eatre r\u00e9dig\u00e9 en raison des divergences d&rsquo;opinions des pays du G20, alors sous pr\u00e9sidence indon\u00e9sienne.<\/p>\n\n\n\n<p>Par Manon BILLING et S\u00e9bastien RICCI<\/p>\n\n\n\n<p><a href=\"https:\/\/information.tv5monde.com\/auteur\/afp\">AFP<\/a><\/p>\n\n\n\n<p>\u00a9 2023 AFP<\/p>\n\n\n\n<p>Mise \u00e0 jour 24.02.2023 \u00e0 15:0<\/p>\n","protected":false},"excerpt":{"rendered":"<p>Le Premier ministre indien Narendra Modi a appel\u00e9 vendredi \u00e0 une r\u00e9forme des institutions internationales, au premier jour d&rsquo;une r\u00e9union<\/p>\n","protected":false},"author":1,"featured_media":7502,"comment_status":"open","ping_status":"open","sticky":false,"template":"","format":"standard","meta":{"footnotes":""},"categories":[51],"tags":[],"class_list":["post-7501","post","type-post","status-publish","format-standard","has-post-thumbnail","hentry","category-general"],"_links":{"self":[{"href":"https:\/\/dekkbi.com\/index.php?rest_route=\/wp\/v2\/posts\/7501","targetHints":{"allow":["GET"]}}],"collection":[{"href":"https:\/\/dekkbi.com\/index.php?rest_route=\/wp\/v2\/posts"}],"about":[{"href":"https:\/\/dekkbi.com\/index.php?rest_route=\/wp\/v2\/types\/post"}],"author":[{"embeddable":true,"href":"https:\/\/dekkbi.com\/index.php?rest_route=\/wp\/v2\/users\/1"}],"replies":[{"embeddable":true,"href":"https:\/\/dekkbi.com\/index.php?rest_route=%2Fwp%2Fv2%2Fcomments&post=7501"}],"version-history":[{"count":1,"href":"https:\/\/dekkbi.com\/index.php?rest_route=\/wp\/v2\/posts\/7501\/revisions"}],"predecessor-version":[{"id":7503,"href":"https:\/\/dekkbi.com\/index.php?rest_route=\/wp\/v2\/posts\/7501\/revisions\/7503"}],"wp:featuredmedia":[{"embeddable":true,"href":"https:\/\/dekkbi.com\/index.php?rest_route=\/wp\/v2\/media\/7502"}],"wp:attachment":[{"href":"https:\/\/dekkbi.com\/index.php?rest_route=%2Fwp%2Fv2%2Fmedia&parent=7501"}],"wp:term":[{"taxonomy":"category","embeddable":true,"href":"https:\/\/dekkbi.com\/index.php?rest_route=%2Fwp%2Fv2%2Fcategories&post=7501"},{"taxonomy":"post_tag","embeddable":true,"href":"https:\/\/dekkbi.com\/index.php?rest_route=%2Fwp%2Fv2%2Ftags&post=7501"}],"curies":[{"name":"wp","href":"https:\/\/api.w.org\/{rel}","templated":true}]}}