{"id":7486,"date":"2023-02-24T16:18:56","date_gmt":"2023-02-24T16:18:56","guid":{"rendered":"https:\/\/dekkbi.com\/?p=7486"},"modified":"2023-02-24T16:18:58","modified_gmt":"2023-02-24T16:18:58","slug":"assemblee-nationale-les-deputes-de-yewwi-crachent-sur-la-gestion-damadou-mame-diop","status":"publish","type":"post","link":"https:\/\/dekkbi.com\/?p=7486","title":{"rendered":"Assembl\u00e9e nationale : les d\u00e9put\u00e9s de Yewwi crachent sur la gestion d\u2019Amadou Mame Diop"},"content":{"rendered":"\n<p><strong>Les d\u00e9put\u00e9s de la coalition Yewwi Askan Wi ont tenu hier, jeudi 23 f\u00e9vrier, une conf\u00e9rence de presse pour d\u00e9noncer la \u00ab l\u00e9thargie \u00bb dans laquelle se trouve l\u2019Assembl\u00e9e nationale&nbsp;<\/strong><strong>qui, selon eux, \u00ab&nbsp;ne sert qu\u2019\u00e0 liquider et emprisonner des d\u00e9put\u00e9s et non \u00e0 parler des pr\u00e9occupations du peuple \u00bb. Devant les journalistes,&nbsp;<\/strong><strong>Biram Souley Diop et ses coll\u00e8gues&nbsp;<\/strong><strong>parlementaires ont accus\u00e9 le&nbsp;<\/strong><strong>pr\u00e9sident Amadou Mame de bloquer toutes les actions men\u00e9es par leur groupe au sein de l\u2019Assembl\u00e9e nationale pour assurer le contr\u00f4le de l\u2019action gouvernementale<\/strong>.<\/p>\n\n\n\n<p>Interdit de tenir leur sit-in devant les grilles de l\u2019Assembl\u00e9e nationale par un arr\u00eat\u00e9 pr\u00e9fectoral, les d\u00e9put\u00e9s de la coalition Yewwi Askan Wi se sont tourn\u00e9s vers une conf\u00e9rence de presse hier, jeudi 23 f\u00e9vrier. Devant les journalistes, Biram Souley Diop, pr\u00e9sident dudit groupe parlementaire et ses coll\u00e8gues parlementaires ont d\u00e9nonc\u00e9 la \u00ab l\u00e9thargie \u00bb dans laquelle se trouve l\u2019Assembl\u00e9e nationale qui selon eux, \u00ab\u00a0ne sert qu\u2019\u00e0 liquider et emprisonner des d\u00e9put\u00e9s et non \u00e0 parler des pr\u00e9occupations du peuple \u00bb. Dans leur viseur, le pr\u00e9sident de l\u2019Assembl\u00e9e, Amadou Mame Diop, trait\u00e9 de \u00ab\u00a0marionnette\u00a0\u00bb \u00e0 la solde du pr\u00e9sident de la R\u00e9publique. Prenant la parole devant les journalistes, Mouhamed Ayib Daff, leur porte-parole du jour, a \u00a0notamment d\u00e9nonc\u00e9 le fonctionnement du bureau de l\u2019Assembl\u00e9e nationale qui selon lui, \u00ab\u00a0n\u2019est convoqu\u00e9 que sur des questions int\u00e9ressant l\u2019agenda politicien de la majorit\u00e9 pr\u00e9sidentielle\u00a0\u00bb.<\/p>\n\n\n\n<p>Poursuivant son propos, le parlementaire de la coalition Yewwi Askan Wi de d\u00e9noncer le blocage par le pr\u00e9sident Amadou Mame Diop de toutes les actions men\u00e9es par leur groupe au sein de l\u2019Assembl\u00e9e nationale pour assurer le contr\u00f4le de l\u2019action gouvernementale. \u00ab&nbsp;Le groupe parlementaire a d\u00e9pos\u00e9 sur la table du pr\u00e9sident de l\u2019Assembl\u00e9e nationale 19 questions \u00e9crites, 22 questions orales et 03 questions d\u2019actualit\u00e9 adress\u00e9es au gouvernement et pour questions \u00e9crites, seulement 4 r\u00e9ponses du gouvernement ont \u00e9t\u00e9 re\u00e7ues par les d\u00e9put\u00e9s&nbsp;\u00bb, a-t-il d\u00e9plor\u00e9 avant de rench\u00e9rir. \u00ab&nbsp;Les d\u00e9put\u00e9s de Yewwi regrettent l\u2019absence de r\u00e9ponse donn\u00e9e aux r\u00e9solutions tendant \u00e0 la cr\u00e9ation de commissions d\u2019enqu\u00eate parlementaire ou de mise en accusation de membres du gouvernement devant la Haute Cour de Justice dans le cadre du rapport de la Cour des comptes sur les fonds Covid-19&nbsp;\u00bb.<\/p>\n\n\n\n<p><strong>NANDO CABRAL GOMIS<\/strong> <\/p>\n\n\n\n<p>SUDONLINE<\/p>\n","protected":false},"excerpt":{"rendered":"<p>Les d\u00e9put\u00e9s de la coalition Yewwi Askan Wi ont tenu hier, jeudi 23 f\u00e9vrier, une conf\u00e9rence de presse pour d\u00e9noncer<\/p>\n","protected":false},"author":1,"featured_media":6354,"comment_status":"open","ping_status":"open","sticky":false,"template":"","format":"standard","meta":{"footnotes":""},"categories":[6],"tags":[],"class_list":["post-7486","post","type-post","status-publish","format-standard","has-post-thumbnail","hentry","category-politics"],"_links":{"self":[{"href":"https:\/\/dekkbi.com\/index.php?rest_route=\/wp\/v2\/posts\/7486","targetHints":{"allow":["GET"]}}],"collection":[{"href":"https:\/\/dekkbi.com\/index.php?rest_route=\/wp\/v2\/posts"}],"about":[{"href":"https:\/\/dekkbi.com\/index.php?rest_route=\/wp\/v2\/types\/post"}],"author":[{"embeddable":true,"href":"https:\/\/dekkbi.com\/index.php?rest_route=\/wp\/v2\/users\/1"}],"replies":[{"embeddable":true,"href":"https:\/\/dekkbi.com\/index.php?rest_route=%2Fwp%2Fv2%2Fcomments&post=7486"}],"version-history":[{"count":1,"href":"https:\/\/dekkbi.com\/index.php?rest_route=\/wp\/v2\/posts\/7486\/revisions"}],"predecessor-version":[{"id":7487,"href":"https:\/\/dekkbi.com\/index.php?rest_route=\/wp\/v2\/posts\/7486\/revisions\/7487"}],"wp:featuredmedia":[{"embeddable":true,"href":"https:\/\/dekkbi.com\/index.php?rest_route=\/wp\/v2\/media\/6354"}],"wp:attachment":[{"href":"https:\/\/dekkbi.com\/index.php?rest_route=%2Fwp%2Fv2%2Fmedia&parent=7486"}],"wp:term":[{"taxonomy":"category","embeddable":true,"href":"https:\/\/dekkbi.com\/index.php?rest_route=%2Fwp%2Fv2%2Fcategories&post=7486"},{"taxonomy":"post_tag","embeddable":true,"href":"https:\/\/dekkbi.com\/index.php?rest_route=%2Fwp%2Fv2%2Ftags&post=7486"}],"curies":[{"name":"wp","href":"https:\/\/api.w.org\/{rel}","templated":true}]}}