{"id":7477,"date":"2023-02-24T16:08:17","date_gmt":"2023-02-24T16:08:17","guid":{"rendered":"https:\/\/dekkbi.com\/?p=7477"},"modified":"2023-02-24T16:08:18","modified_gmt":"2023-02-24T16:08:18","slug":"macron-decore-secretement-jeff-bezos-plus-que-jamais-le-president-des-riches","status":"publish","type":"post","link":"https:\/\/dekkbi.com\/?p=7477","title":{"rendered":"Macron d\u00e9core secr\u00e8tement Jeff Bezos: \u201cPlus que jamais le pr\u00e9sident des riches\u201d"},"content":{"rendered":"\n<p>Le pr\u00e9sident fran\u00e7ais Emmanuel Macron est accus\u00e9 vendredi par une partie de la gauche d\u2019\u00eatre \u201cplus que jamais le pr\u00e9sident des riches\u201d, apr\u00e8s avoir discr\u00e8tement d\u00e9cor\u00e9 de la l\u00e9gion d\u2019honneur le fondateur d\u2019Amazon et multimilliardaire am\u00e9ricain Jeff Bezos.<a href=\"https:\/\/www.facebook.com\/sharer\/sharer.php?u=https%3A%2F%2Fwww.7sur7.be%2Fmonde%2Fmacron-decore-secretement-jeff-bezos-plus-que-jamais-le-president-des-riches%7Eac4c370e%2F%3Futm_source%3Dfacebook%26utm_medium%3Dsocial%26utm_campaign%3Dsocialsharing_web\"><\/a><a href=\"http:\/\/twitter.com\/share?text=Macron+d%C3%A9core+secr%C3%A8tement+Jeff+Bezos%3A+%E2%80%9CPlus+que+jamais+le+pr%C3%A9sident+des+riches%E2%80%9D&amp;url=https%3A%2F%2Fwww.7sur7.be%2Fmonde%2Fmacron-decore-secretement-jeff-bezos-plus-que-jamais-le-president-des-riches%7Eac4c370e%2F%3Futm_source%3Dtwitter%26utm_medium%3Dsocial%26utm_campaign%3Dsocialsharing_web\"><\/a><\/p>\n\n\n\n<p>La remise de d\u00e9coration, qui n\u2019avait pas \u00e9t\u00e9 rendue publique, a eu lieu le 16 f\u00e9vrier, jour de mobilisation nationale contre la r\u00e9forme des retraites.<\/p>\n\n\n\n<p>Jeff Bezos est \u201cun partenaire des initiatives pour la protection du climat et de la biodiversit\u00e9 men\u00e9es par la France, en particulier sur la protection des for\u00eats\u201d, a vant\u00e9 la pr\u00e9sidence fran\u00e7aise.<\/p>\n\n\n\n<p>La distinction accord\u00e9e au fondateur d\u2019Amazon a fait r\u00e9agir plusieurs \u00e9lus de gauche.<\/p>\n\n\n\n<p>\u201cApr\u00e8s avoir d\u00e9cor\u00e9 le boucher Mohammed ben Salmane [prince h\u00e9ritier d\u2019Arabie saoudite] qui assassine des journalistes, Macron d\u00e9core maintenant de la l\u00e9gion d\u2019honneur Jeff Bezos, champion de l\u2019\u00e9vasion fiscale, saccageur d\u2019emplois et de la nature. Plus que jamais le pr\u00e9sident des riches !\u201d, s\u2019est indign\u00e9 sur Twitter le d\u00e9put\u00e9 de la France insoumise (LFI) Bastien Lachaud.<\/p>\n\n\n\n<blockquote class=\"wp-block-quote is-layout-flow wp-block-quote-is-layout-flow\">\n<p><strong>Bastien Lachaud<\/strong>&nbsp;@LachaudB<img decoding=\"async\" src=\"https:\/\/statics.7sur7.be\/img\/icons\/twitter-bird-93b4d57f28.svg\"><\/p>\n\n\n\n<p><a href=\"https:\/\/twitter.com\/LachaudB\/statuses\/1628689836746981376\">Apr\u00e8s avoir d\u00e9cor\u00e9 le boucher &lt;a href=\u00a0\u00bbhttps:\/\/twitter.com\/hashtag\/MBS?src=hash&amp;amp;ref_src=twsrc%5Etfw\u00a0\u00bb&gt;#MBS&lt;\/a&gt; qui assassine des journalistes. &lt;a href=\u00a0\u00bbhttps:\/\/twitter.com\/hashtag\/Macron?src=hash&amp;amp;ref_src=twsrc%5Etfw\u00a0\u00bb&gt;#Macron&lt;\/a&gt; d\u00e9core maintenant de la l\u00e9gion d\u2019honneur Jeff Bezos, champion de l\u2019\u00e9vasion fiscale, saccageur d\u2019emplois et de la nature.&lt;br&gt;&lt;br&gt;Plus que jamais le pr\u00e9sident des riches ! &lt;a href=\u00a0\u00bbhttps:\/\/t.co\/jnUBaufHlP\u00a0\u00bb&gt;pic.twitter.com\/jnUBaufHlP&lt;\/a&gt;<\/a><\/p>\n<\/blockquote>\n\n\n\n<p>Bravo Jeff Bezos!\u201d, a aussi ironis\u00e9 l\u2019eurod\u00e9put\u00e9e insoumise Le\u00efla Chaibi. \u201cAlors qu\u2019on d\u00e9filait contre sa r\u00e9forme des retraites, Macron vous d\u00e9corait au nom de la France pour fuir l\u2019imp\u00f4t par milliards, d\u00e9truire la plan\u00e8te, espionner les salari\u00e9s. Une r\u00e9compense bien m\u00e9rit\u00e9e de la main du pr\u00e9sident des riches !\u201d, a-t-elle d\u00e9nonc\u00e9.<\/p>\n\n\n\n<p><\/p>\n\n\n\n<blockquote class=\"wp-block-quote is-layout-flow wp-block-quote-is-layout-flow\">\n<p><strong>Le\u00efla Chaibi<\/strong>&nbsp;@leilachaibi<img decoding=\"async\" src=\"https:\/\/statics.7sur7.be\/img\/icons\/twitter-bird-93b4d57f28.svg\"><\/p>\n\n\n\n<p><a href=\"https:\/\/twitter.com\/leilachaibi\/statuses\/1628677782124339200\">\ud83d\udc4fBravo Jeff Bezos !&lt;br&gt;&lt;br&gt;Alors qu&amp;#39;on d\u00e9filait contre sa r\u00e9forme des &lt;a href=\u00a0\u00bbhttps:\/\/twitter.com\/hashtag\/Retraites?src=hash&amp;amp;ref_src=twsrc%5Etfw\u00a0\u00bb&gt;#Retraites&lt;\/a&gt; Macron vous d\u00e9corait au nom de la France pour&lt;br&gt;&lt;br&gt;- Fuir l&amp;#39;imp\u00f4t par milliards&lt;br&gt;- D\u00e9truire la plan\u00e8te&lt;br&gt;- Espionner les salari\u00e9s&lt;br&gt;&lt;br&gt;Une r\u00e9compense bien m\u00e9rit\u00e9e de la main du pr\u00e9sident des riches !&lt;a href=\u00a0\u00bbhttps:\/\/twitter.com\/hashtag\/MakeAmazonPay?src=hash&amp;amp;ref_src=twsrc%5Etfw\u00a0\u00bb&gt;#MakeAmazonPay&lt;\/a&gt; &lt;a href=\u00a0\u00bbhttps:\/\/t.co\/bL6AVjwXln\u00a0\u00bb&gt;https:\/\/t.co\/bL6AVjwXln&lt;\/a&gt; &lt;a href=\u00a0\u00bbhttps:\/\/t.co\/w3MULPWPwy\u00a0\u00bb&gt;pic.twitter.com\/w3MULPWPwy&lt;\/a&gt;<\/a><\/p>\n<\/blockquote>\n\n\n\n<p>Une autre d\u00e9put\u00e9e europ\u00e9enne insoumise, Manon Aubry a d\u00e9nonc\u00e9 cette \u201cid\u00e9e lumineuse de Macron\u201d, dans un \u201ccontexte (de) profits record du CAC40, inflation, mobilisation massive contre la r\u00e9forme des retraites&#8230;\u201d.<\/p>\n\n\n\n<p>Le secr\u00e9taire national du Parti communiste (PCF), Fabien Roussel, s\u2019est \u00e9mu sur Twitter de cette remise de d\u00e9coration \u00e0 un \u201cexploiteur mondial et roi de l\u2019optimisation fiscale\u201d. \u201cLa doctrine du pr\u00e9sident: punir tous les Fran\u00e7ais, r\u00e9compenser les milliardaires\u201d, a-t-il d\u00e9plor\u00e9.<\/p>\n\n\n\n<blockquote class=\"wp-block-quote is-layout-flow wp-block-quote-is-layout-flow\">\n<p><strong>Fabien Roussel<\/strong>&nbsp;@Fabien_Roussel<img decoding=\"async\" src=\"https:\/\/statics.7sur7.be\/img\/icons\/twitter-bird-93b4d57f28.svg\"><\/p>\n\n\n\n<p><a href=\"https:\/\/twitter.com\/Fabien_Roussel\/statuses\/1628780678702587909\">Emmanuel Macron remet donc la l\u00e9gion d\u2019honneur \u00e0 Jeff Bezos, patron d\u2019Amazon, exploiteur mondial et roi de l\u2019optimisation fiscale.&lt;br&gt;&lt;br&gt;La doctrine du pr\u00e9sident : punir tous les Fran\u00e7ais, r\u00e9compenser les milliardaires. &lt;a href=\u00a0\u00bbhttps:\/\/t.co\/7Efod0NwBX\u00a0\u00bb&gt;https:\/\/t.co\/7Efod0NwBX&lt;\/a&gt;<\/a><\/p>\n<\/blockquote>\n\n\n\n<p>Le d\u00e9put\u00e9 socialiste Herv\u00e9 Saulignac a avou\u00e9 sa stupeur: \u201cL\u00e9gion d\u2019honneur pour Bezos en reconnaissance de quoi Emmanuel Macron ? D\u2019\u00eatre le meilleur pour esquiver l\u2019imp\u00f4t ? D\u2019\u00eatre le plus grand fossoyeur du commerce traditionnel ? Vraiment je ne comprends pas\u201d.<\/p>\n\n\n\n<p>Selon l\u2019agence Bloomberg, la fortune de Jeff Bezos se monte actuellement \u00e0 119 milliards de dollars, ce qui fait de lui la troisi\u00e8me personne la plus riche au monde, derri\u00e8re le patron fran\u00e7ais de LVMH, Bernard Arnault, la personnalit\u00e9 la plus riche du monde.<\/p>\n\n\n\n<figure class=\"wp-block-image size-full\"><img loading=\"lazy\" decoding=\"async\" width=\"1\" height=\"1\" src=\"https:\/\/dekkbi.com\/wp-content\/uploads\/2023\/02\/image-8.gif\" alt=\"\" class=\"wp-image-7479\"\/><\/figure>\n\n\n\n<figure class=\"wp-block-image size-full\"><img loading=\"lazy\" decoding=\"async\" width=\"1\" height=\"1\" src=\"https:\/\/dekkbi.com\/wp-content\/uploads\/2023\/02\/image-7.gif\" alt=\"\" class=\"wp-image-7478\"\/><\/figure>\n","protected":false},"excerpt":{"rendered":"<p>Le pr\u00e9sident fran\u00e7ais Emmanuel Macron est accus\u00e9 vendredi par une partie de la gauche d\u2019\u00eatre \u201cplus que jamais le pr\u00e9sident<\/p>\n","protected":false},"author":1,"featured_media":7480,"comment_status":"open","ping_status":"open","sticky":false,"template":"","format":"standard","meta":{"footnotes":""},"categories":[51],"tags":[],"class_list":["post-7477","post","type-post","status-publish","format-standard","has-post-thumbnail","hentry","category-general"],"_links":{"self":[{"href":"https:\/\/dekkbi.com\/index.php?rest_route=\/wp\/v2\/posts\/7477","targetHints":{"allow":["GET"]}}],"collection":[{"href":"https:\/\/dekkbi.com\/index.php?rest_route=\/wp\/v2\/posts"}],"about":[{"href":"https:\/\/dekkbi.com\/index.php?rest_route=\/wp\/v2\/types\/post"}],"author":[{"embeddable":true,"href":"https:\/\/dekkbi.com\/index.php?rest_route=\/wp\/v2\/users\/1"}],"replies":[{"embeddable":true,"href":"https:\/\/dekkbi.com\/index.php?rest_route=%2Fwp%2Fv2%2Fcomments&post=7477"}],"version-history":[{"count":1,"href":"https:\/\/dekkbi.com\/index.php?rest_route=\/wp\/v2\/posts\/7477\/revisions"}],"predecessor-version":[{"id":7481,"href":"https:\/\/dekkbi.com\/index.php?rest_route=\/wp\/v2\/posts\/7477\/revisions\/7481"}],"wp:featuredmedia":[{"embeddable":true,"href":"https:\/\/dekkbi.com\/index.php?rest_route=\/wp\/v2\/media\/7480"}],"wp:attachment":[{"href":"https:\/\/dekkbi.com\/index.php?rest_route=%2Fwp%2Fv2%2Fmedia&parent=7477"}],"wp:term":[{"taxonomy":"category","embeddable":true,"href":"https:\/\/dekkbi.com\/index.php?rest_route=%2Fwp%2Fv2%2Fcategories&post=7477"},{"taxonomy":"post_tag","embeddable":true,"href":"https:\/\/dekkbi.com\/index.php?rest_route=%2Fwp%2Fv2%2Ftags&post=7477"}],"curies":[{"name":"wp","href":"https:\/\/api.w.org\/{rel}","templated":true}]}}