{"id":7473,"date":"2023-02-24T15:47:53","date_gmt":"2023-02-24T15:47:53","guid":{"rendered":"https:\/\/dekkbi.com\/?p=7473"},"modified":"2023-02-24T15:47:55","modified_gmt":"2023-02-24T15:47:55","slug":"il-y-a-un-an-debutait-la-guerre-en-ukraine","status":"publish","type":"post","link":"https:\/\/dekkbi.com\/?p=7473","title":{"rendered":"Il y a un an, d\u00e9butait la guerre en Ukraine"},"content":{"rendered":"\n<p><strong>Il y a un an, le jeudi 24 f\u00e9vrier 2022, le pr\u00e9sident russe Vladimir Poutine lan\u00e7ait l\u2019offensive contre l\u2019Ukraine, et secouait tout le continent europ\u00e9en. Ce 24 f\u00e9vrier 2023, RFI consacre &#8211;\u00a0en direct de Kiev\u00a0&#8211; une journ\u00e9e sp\u00e9ciale \u00e0 la situation en Ukraine.<\/strong><\/p>\n\n\n\n<p>Il y a 365 jours exactement, les Ukrainiens se r\u00e9veillent sous les bombes. Le\u00a0<strong>jeudi 24 f\u00e9vrier<\/strong>\u00a02022, peu avant 3h du matin (TU), le pr\u00e9sident russe Vladimir Poutine\u00a0<strong>prononce ces mots<\/strong>\u00a0lors d\u2019une allocution officielle t\u00e9l\u00e9vis\u00e9e\u00a0: \u00ab\u00a0<em>J\u2019ai d\u00e9cid\u00e9 de mener une op\u00e9ration militaire sp\u00e9ciale<\/em>\u00a0\u00bb en Ukraine. Comme justification \u00e9nonc\u00e9e, la \u00ab\u00a0<em>d\u00e9militarisation et d\u00e9nazification<\/em>\u00a0\u00bb du pays voisin. Puis, en s\u2019adressant directement aux militaires ukrainiens, Vladimir Poutine les appelle \u00e0 \u00ab\u00a0<em>d\u00e9poser les armes<\/em>\u00a0\u00bb.<\/p>\n\n\n\n<p>Depuis plusieurs semaines d\u00e9j\u00e0, les renseignements occidentaux alertaient des mouvements des troupes russes \u00e0 la fronti\u00e8re avec l\u2019Ukraine. C\u2019est \u00e0 ce sujet que le Conseil de s\u00e9curit\u00e9 de l\u2019ONU est justement r\u00e9uni quand Vladimir Poutine prend la parole. Le chef de l&rsquo;ONU, Antonio Guterres, r\u00e9clame alors l\u2019arr\u00eat imm\u00e9diat du conflit. L&rsquo;ambassadeur de France, Nicolas de Rivi\u00e8re, d\u00e9nonce quant \u00e0 lui \u00ab&nbsp;<em>le m\u00e9pris<\/em>&nbsp;\u00bb affich\u00e9 par la Russie \u00e0 l&rsquo;\u00e9gard des Nations unies.<\/p>\n\n\n\n<h2 class=\"wp-block-heading\">Attaques r\u00e9p\u00e9t\u00e9es<\/h2>\n\n\n\n<p>Dans le m\u00eame temps, aux alentours de 3h30 du matin, des explosions retentissent dans le centre de Kiev et dans plusieurs villes de l\u2019est du pays, notamment \u00e0 Marioupol. Au petit matin, des cam\u00e9ras de surveillance filment des chars \u00e0 la fronti\u00e8re. L\u2019Ukraine certifie alors avoir abattu des avions et des h\u00e9licopt\u00e8res russes. Tandis que l\u2019arm\u00e9e russe affirme, elle, avoir d\u00e9truit les syst\u00e8mes de d\u00e9fense anti-a\u00e9rienne ukrainiens et ne viser que leurs sites militaires. L&rsquo;ambassadeur de Russie \u00e0 l&rsquo;ONU, Vassily Nebenzia, l\u2019assure devant le Conseil de s\u00e9curit\u00e9 de l\u2019ONU&nbsp;: \u00ab&nbsp;<em>Nous ne sommes pas agressifs envers le peuple ukrainien, mais envers la junte au pouvoir \u00e0 Kiev.<\/em>&nbsp;\u00bb<\/p>\n\n\n\n<p>En quelques heures, le pr\u00e9sident ukrainien Volodymyr Zelensky endosse le r\u00f4le de chef militaire et surprend le monde entier par sa r\u00e9activit\u00e9, lui dont\u00a0<strong>l\u2019image d\u2019ancien com\u00e9dien<\/strong>\u00a0collait \u00e0 la peau. Il rompt ses relations diplomatiques avec Moscou, impose la loi martiale et d\u00e9cr\u00e8te la mobilisation g\u00e9n\u00e9rale. \u00ab\u00a0<em>Pas de panique, nous allons vaincre<\/em>\u00a0\u00bb, mart\u00e8le-t-il dans une adresse \u00e0 la nation d\u00e8s le d\u00e9but de l\u2019offensive, la premi\u00e8re d\u2019une longue s\u00e9rie d\u2019allocutions.<\/p>\n\n\n\n<p>Il est 7h du matin. Pr\u00e8s de Kharkiv, ville du nord-est \u00e9galement vis\u00e9e par de lourds bombardements, les deux arm\u00e9es s\u2019affrontent d\u00e9j\u00e0. Dans la capitale, une foule d\u2019Ukrainiens\u00a0<strong>se r\u00e9fugie dans les m\u00e9tros<\/strong>, pour se mettre \u00e0 l\u2019abri des bombes ou tenter de quitter la ville. Les bouchons se forment aux sorties des villes. \u00ab\u00a0<em>Les stations-services sont litt\u00e9ralement prises d&rsquo;assaut par les automobilistes. De longues files d&rsquo;attente se sont form\u00e9es sur la route qui relie Marioupol \u00e0 Zaporijjia<\/em>\u00a0\u00bb, raconte ce jour-l\u00e0 notre envoy\u00e9e sp\u00e9ciale,\u00a0<strong>Anastasia Becchio<\/strong>.<\/p>\n\n\n\n<p><strong>Denis Strelkov<\/strong>, l&rsquo;envoy\u00e9 sp\u00e9cial de la r\u00e9daction de RFI en russe \u00e0 Kiev, d\u00e9crit, quant \u00e0 lui, un \u00ab&nbsp;<em>silence absolu, presque mortel<\/em>&nbsp;\u00bb dans le centre-ville totalement vid\u00e9 de la capitale.<\/p>\n\n\n\n<h2 class=\"wp-block-heading\">Indignation internationale<\/h2>\n\n\n\n<p>Ce jeudi 24 f\u00e9vrier 2022 d\u00e9file \u00e0 toute vitesse. Les cha\u00eenes d\u2019information du monde diffusent en boucle les images des frappes a\u00e9riennes. Tout au long de la journ\u00e9e, des milliers de manifestants\u00a0<strong>protestent dans de nombreux pays<\/strong>\u00a0contre l\u2019invasion russe. Au m\u00eame moment, la Russie annonce gagner du terrain dans le Donbass, \u00e0 l\u2019est, alors que les premiers Ukrainiens s\u2019enfuient vers la Pologne ou la Moldavie. Vers 16h, l\u2019a\u00e9roport militaire d&rsquo;Hostomel, au nord de Kiev, tombe aux mains de l\u2019arm\u00e9e russe. Un peu plus tard, c\u2019est au tour de la centrale de Tchernobyl d\u2019\u00eatre contr\u00f4l\u00e9e par la Russie. Mais contre toute attente, l\u2019arm\u00e9e ukrainienne tient le choc et r\u00e9siste.<\/p>\n\n\n\n<p>Alors que les combats s\u2019\u00e9ternisent et que les forces terrestres russes p\u00e9n\u00e8trent le pays, les\u00a0<strong>r\u00e9actions internationales pleuvent<\/strong>\u00a0: l\u2019Otan condamne une \u00ab\u00a0<em>une attaque t\u00e9m\u00e9raire et non provoqu\u00e9e<\/em>\u00a0\u00bb de la part du Kremlin, le pr\u00e9sident am\u00e9ricain Joe Biden affirme que \u00ab\u00a0<em>le monde exigera des comptes de la Russie\u00a0<\/em>\u00bb, Moscou risque \u00ab\u00a0<em>un isolement sans pr\u00e9c\u00e9dent<\/em>\u00a0\u00bb d&rsquo;apr\u00e8s le chef de la diplomatie europ\u00e9enne \u00e0 Bruxelles, Josep Borrell. De nombreux chefs d\u2019\u00c9tat \u00e0 travers le globe s\u2019indignent publiquement \u00e0 tour de r\u00f4le, et apportent leur soutien \u00e0 l\u2019Ukraine. Emmanuel Macron \u00e9voque quant \u00e0 lui un \u00ab\u00a0<em>tournant de l&rsquo;histoire de l&rsquo;Europe<\/em>\u00a0\u00bb tout en assurant\u00a0: \u00ab\u00a0<em>Nous serons sans faiblesse et nous r\u00e9pondrons avec sang-froid.<\/em>\u00a0\u00bb<\/p>\n\n\n\n<p>\u00c0 8h, d\u00e8s leur ouverture, les bourses s\u2019effondrent. Le cours des mati\u00e8res premi\u00e8res s\u2019envole, le prix du bl\u00e9 atteint des niveaux in\u00e9gal\u00e9s, avec un pic \u00e0 344 euros la tonne. Dans l\u2019apr\u00e8s-midi, le Conseil de l&rsquo;Europe convoque une \u00ab\u00a0<em>r\u00e9union extraordinaire<\/em>\u00a0\u00bb de son Comit\u00e9 des ministres. \u00c0 20h30, un\u00a0<strong>premier paquet de sanctions<\/strong>\u00a0\u00ab\u00a0<em>massives<\/em>\u00a0\u00bb contre Moscou est adopt\u00e9 par l\u2019Europe, mais aussi par les \u00c9tats-Unis ou le Canada, visant des banques, le secteur de l\u2019\u00e9nergie et des proches du pouvoir russe. Le soir, Kiev implore la communaut\u00e9 internationale d\u2019\u00ab\u00a0<em>agir imm\u00e9diatement<\/em>\u00a0\u00bb dans un communiqu\u00e9.<\/p>\n\n\n\n<p>\u00c0 la fin de cette journ\u00e9e historique, le bilan humain est d\u00e9j\u00e0 lourd. Volodymyr Zelensky \u00e9voque 137 morts et plus de 300 bless\u00e9s \u00e0 travers le pays. La guerre est lanc\u00e9e.<\/p>\n\n\n\n<p><strong>R\u00e9\u00e9coutez notre \u00e9dition sp\u00e9ciale pr\u00e9sent\u00e9e par Nathalie Amar en direct de Kiev, un an jour pour jour apr\u00e8s le d\u00e9but de la guerre en Ukraine, avec :&nbsp;Tetyana Ogarkova<\/strong>, universitaire et journaliste, responsable du d\u00e9partement international de l&rsquo;Ukraine Crisis Media Center,&nbsp;<strong>Olekseiy Honcharenko<\/strong>, d\u00e9put\u00e9 d\u2019Odessa \u00e0 la Rada (parlement ukrainien),&nbsp;<strong>Lesya Vasylenko<\/strong>, d\u00e9put\u00e9e,<strong>&nbsp;Alona Shkrum<\/strong>, d\u00e9put\u00e9e,&nbsp;<strong>Andrey Maliouk<\/strong>, journaliste ukrainien ind\u00e9pendant,&nbsp;<strong>Franck Alexandre<\/strong>, journaliste d\u00e9fense \u00e0 RFI,&nbsp;<strong>Martin Chabal<\/strong>, correspondant de RFI en Pologne.<\/p>\n","protected":false},"excerpt":{"rendered":"<p>Il y a un an, le jeudi 24 f\u00e9vrier 2022, le pr\u00e9sident russe Vladimir Poutine lan\u00e7ait l\u2019offensive contre l\u2019Ukraine, et<\/p>\n","protected":false},"author":1,"featured_media":7475,"comment_status":"open","ping_status":"open","sticky":false,"template":"","format":"standard","meta":{"footnotes":""},"categories":[51],"tags":[],"class_list":["post-7473","post","type-post","status-publish","format-standard","has-post-thumbnail","hentry","category-general"],"_links":{"self":[{"href":"https:\/\/dekkbi.com\/index.php?rest_route=\/wp\/v2\/posts\/7473","targetHints":{"allow":["GET"]}}],"collection":[{"href":"https:\/\/dekkbi.com\/index.php?rest_route=\/wp\/v2\/posts"}],"about":[{"href":"https:\/\/dekkbi.com\/index.php?rest_route=\/wp\/v2\/types\/post"}],"author":[{"embeddable":true,"href":"https:\/\/dekkbi.com\/index.php?rest_route=\/wp\/v2\/users\/1"}],"replies":[{"embeddable":true,"href":"https:\/\/dekkbi.com\/index.php?rest_route=%2Fwp%2Fv2%2Fcomments&post=7473"}],"version-history":[{"count":1,"href":"https:\/\/dekkbi.com\/index.php?rest_route=\/wp\/v2\/posts\/7473\/revisions"}],"predecessor-version":[{"id":7476,"href":"https:\/\/dekkbi.com\/index.php?rest_route=\/wp\/v2\/posts\/7473\/revisions\/7476"}],"wp:featuredmedia":[{"embeddable":true,"href":"https:\/\/dekkbi.com\/index.php?rest_route=\/wp\/v2\/media\/7475"}],"wp:attachment":[{"href":"https:\/\/dekkbi.com\/index.php?rest_route=%2Fwp%2Fv2%2Fmedia&parent=7473"}],"wp:term":[{"taxonomy":"category","embeddable":true,"href":"https:\/\/dekkbi.com\/index.php?rest_route=%2Fwp%2Fv2%2Fcategories&post=7473"},{"taxonomy":"post_tag","embeddable":true,"href":"https:\/\/dekkbi.com\/index.php?rest_route=%2Fwp%2Fv2%2Ftags&post=7473"}],"curies":[{"name":"wp","href":"https:\/\/api.w.org\/{rel}","templated":true}]}}